{"id":2386,"date":"2025-02-14T07:00:00","date_gmt":"2025-02-14T10:00:00","guid":{"rendered":"https:\/\/www.soleufilho.com.br\/?p=2386"},"modified":"2025-02-12T20:40:46","modified_gmt":"2025-02-12T23:40:46","slug":"noite-de-luxo-e-elegancia-comemorou-a-bonita-formatura-de-carolina-ramos-em-direito","status":"publish","type":"post","link":"https:\/\/www.soleufilho.com.br\/?p=2386","title":{"rendered":"Noite de luxo e eleg\u00e2ncia comemorou a bonita formatura de Carolina Ramos, em Direito!"},"content":{"rendered":"\n<p>O sal\u00e3o principal do Serrano T\u00eanis Clube foi o cen\u00e1rio de uma noite memor\u00e1vel: o jantar de formatura no Curso de Direito, pela Universidade do Planalto Catarinense, de Carolina Ramos, filha de Fl\u00e1via e Ronald Aquino. Um evento que celebrou n\u00e3o apenas a conquista acad\u00eamica, mas tamb\u00e9m, a sofistica\u00e7\u00e3o e o bom gosto em cada detalhe.<\/p>\n\n\n\n<p>A decora\u00e7\u00e3o, assinada pela renomada Marilu Maldaner, da Marilu Decora\u00e7\u00e3o e Eventos, foi um verdadeiro espet\u00e1culo de eleg\u00e2ncia. O ambiente foi cuidadosamente montado com mesas espelhadas, lustres de cristais, vasos dourados e paleta de flores brancas e verdes. Para um toque ainda mais especial, flores e borboletas iluminadas flutuavam suspensas no ar, criando atmosfera \u00fanica e encantadora. A decora\u00e7\u00e3o instagram\u00e1vel, repleta de cristais e flores brancas, tornou o local ainda mais deslumbrante e perfeito para fotos inesquec\u00edveis!<\/p>\n\n\n\n<p>O jantar foi um show \u00e0 parte, cuidadosamente preparado por S\u00e9rgio Rotta, do Buffet Serrano, com toda a qualidade, que caracteriza o renomado buffet. A sonoriza\u00e7\u00e3o ficou ao cargo da Harmony, criando trilha sonora perfeita para o evento. E, para eternizar esse momento especial, o fot\u00f3grafo Ale Santos fez os registros de cada detalhe, que certamente, ser\u00e3o lembrados por muito tempo.<\/p>\n\n\n\n<p>Uma noite que ficar\u00e1 marcada na mem\u00f3ria de todos, celebrando assim, o sucesso de Carolina!&nbsp;<\/p>\n\n\n<div class=\"wp-block-image\">\n<figure class=\"aligncenter size-large\"><img loading=\"lazy\" decoding=\"async\" width=\"333\" height=\"500\" src=\"https:\/\/www.soleufilho.com.br\/wp-content\/uploads\/2025\/02\/1-1-1-333x500.jpeg\" alt=\"\" class=\"wp-image-2381\" srcset=\"https:\/\/www.soleufilho.com.br\/wp-content\/uploads\/2025\/02\/1-1-1-333x500.jpeg 333w, https:\/\/www.soleufilho.com.br\/wp-content\/uploads\/2025\/02\/1-1-1-200x300.jpeg 200w, https:\/\/www.soleufilho.com.br\/wp-content\/uploads\/2025\/02\/1-1-1.jpeg 666w\" sizes=\"auto, (max-width: 333px) 100vw, 333px\" \/><figcaption class=\"wp-element-caption\">A formanda Carolina Ramos durante o jantar festivo pela sua formatura, no Curso de Direito!<br><\/figcaption><\/figure><\/div>\n\n<div class=\"wp-block-image\">\n<figure class=\"aligncenter size-large\"><img loading=\"lazy\" decoding=\"async\" width=\"500\" height=\"333\" src=\"https:\/\/www.soleufilho.com.br\/wp-content\/uploads\/2025\/02\/2-1-1-500x333.jpeg\" alt=\"\" class=\"wp-image-2382\" srcset=\"https:\/\/www.soleufilho.com.br\/wp-content\/uploads\/2025\/02\/2-1-1-500x333.jpeg 500w, https:\/\/www.soleufilho.com.br\/wp-content\/uploads\/2025\/02\/2-1-1-300x200.jpeg 300w, https:\/\/www.soleufilho.com.br\/wp-content\/uploads\/2025\/02\/2-1-1-768x512.jpeg 768w, https:\/\/www.soleufilho.com.br\/wp-content\/uploads\/2025\/02\/2-1-1.jpeg 999w\" sizes=\"auto, (max-width: 500px) 100vw, 500px\" \/><figcaption class=\"wp-element-caption\">Carolina, com os pais Ronald e Fl\u00e1via Ramos Aquino<br><\/figcaption><\/figure><\/div>\n\n<div class=\"wp-block-image\">\n<figure class=\"aligncenter size-large\"><img loading=\"lazy\" decoding=\"async\" width=\"334\" height=\"500\" src=\"https:\/\/www.soleufilho.com.br\/wp-content\/uploads\/2025\/02\/3-334x500.jpg\" alt=\"\" class=\"wp-image-2385\" srcset=\"https:\/\/www.soleufilho.com.br\/wp-content\/uploads\/2025\/02\/3-334x500.jpg 334w, https:\/\/www.soleufilho.com.br\/wp-content\/uploads\/2025\/02\/3-200x300.jpg 200w, https:\/\/www.soleufilho.com.br\/wp-content\/uploads\/2025\/02\/3.jpg 667w\" sizes=\"auto, (max-width: 334px) 100vw, 334px\" \/><figcaption class=\"wp-element-caption\">Carolina, com os av\u00f3s maternos Carmen Silvia e C\u00e9lio Rog\u00e9rio Ramos<br><\/figcaption><\/figure><\/div>\n\n<div class=\"wp-block-image\">\n<figure class=\"aligncenter size-large\"><img loading=\"lazy\" decoding=\"async\" width=\"334\" height=\"500\" src=\"https:\/\/www.soleufilho.com.br\/wp-content\/uploads\/2025\/02\/4-334x500.jpg\" alt=\"\" class=\"wp-image-2384\" srcset=\"https:\/\/www.soleufilho.com.br\/wp-content\/uploads\/2025\/02\/4-334x500.jpg 334w, https:\/\/www.soleufilho.com.br\/wp-content\/uploads\/2025\/02\/4-200x300.jpg 200w, https:\/\/www.soleufilho.com.br\/wp-content\/uploads\/2025\/02\/4.jpg 667w\" sizes=\"auto, (max-width: 334px) 100vw, 334px\" \/><figcaption class=\"wp-element-caption\">Carolina Ramos, com a av\u00f3 paterna, Eneita Aquino<br><\/figcaption><\/figure><\/div>\n\n<div class=\"wp-block-image\">\n<figure class=\"aligncenter size-large\"><img loading=\"lazy\" decoding=\"async\" width=\"500\" height=\"333\" src=\"https:\/\/www.soleufilho.com.br\/wp-content\/uploads\/2025\/02\/5-1-1-500x333.jpeg\" alt=\"\" class=\"wp-image-2383\" srcset=\"https:\/\/www.soleufilho.com.br\/wp-content\/uploads\/2025\/02\/5-1-1-500x333.jpeg 500w, https:\/\/www.soleufilho.com.br\/wp-content\/uploads\/2025\/02\/5-1-1-300x200.jpeg 300w, https:\/\/www.soleufilho.com.br\/wp-content\/uploads\/2025\/02\/5-1-1-768x512.jpeg 768w, https:\/\/www.soleufilho.com.br\/wp-content\/uploads\/2025\/02\/5-1-1.jpeg 999w\" sizes=\"auto, (max-width: 500px) 100vw, 500px\" \/><figcaption class=\"wp-element-caption\">Eduardo Rosa, Isabella Ramos de Aquino, Jo\u00e3o Victor Blomer, Carolina Ramos de Aquino, Fl\u00e1via e Ronald Aquino durante os festejos pela formatura de Carolina!<br><\/figcaption><\/figure><\/div>","protected":false},"excerpt":{"rendered":"<p>O sal\u00e3o principal do Serrano T\u00eanis Clube foi o cen\u00e1rio de uma noite memor\u00e1vel: o jantar de formatura no Curso de Direito, pela Universidade do Planalto Catarinense, de Carolina Ramos, filha de Fl\u00e1via e Ronald Aquino. Um evento que celebrou n\u00e3o apenas a conquista acad\u00eamica, mas tamb\u00e9m, a sofistica\u00e7\u00e3o e o bom gosto em cada &hellip; <a href=\"https:\/\/www.soleufilho.com.br\/?p=2386\" class=\"more-link\">Continue lendo <span class=\"screen-reader-text\">Noite de luxo e eleg\u00e2ncia comemorou a bonita formatura de Carolina Ramos, em Direito!<\/span> <span class=\"meta-nav\">&rarr;<\/span><\/a><\/p>\n","protected":false},"author":1,"featured_media":0,"comment_status":"open","ping_status":"open","sticky":false,"template":"","format":"standard","meta":{"footnotes":""},"categories":[1],"tags":[],"class_list":["post-2386","post","type-post","status-publish","format-standard","hentry","category-uncategorized"],"_links":{"self":[{"href":"https:\/\/www.soleufilho.com.br\/index.php?rest_route=\/wp\/v2\/posts\/2386","targetHints":{"allow":["GET"]}}],"collection":[{"href":"https:\/\/www.soleufilho.com.br\/index.php?rest_route=\/wp\/v2\/posts"}],"about":[{"href":"https:\/\/www.soleufilho.com.br\/index.php?rest_route=\/wp\/v2\/types\/post"}],"author":[{"embeddable":true,"href":"https:\/\/www.soleufilho.com.br\/index.php?rest_route=\/wp\/v2\/users\/1"}],"replies":[{"embeddable":true,"href":"https:\/\/www.soleufilho.com.br\/index.php?rest_route=%2Fwp%2Fv2%2Fcomments&post=2386"}],"version-history":[{"count":1,"href":"https:\/\/www.soleufilho.com.br\/index.php?rest_route=\/wp\/v2\/posts\/2386\/revisions"}],"predecessor-version":[{"id":2387,"href":"https:\/\/www.soleufilho.com.br\/index.php?rest_route=\/wp\/v2\/posts\/2386\/revisions\/2387"}],"wp:attachment":[{"href":"https:\/\/www.soleufilho.com.br\/index.php?rest_route=%2Fwp%2Fv2%2Fmedia&parent=2386"}],"wp:term":[{"taxonomy":"category","embeddable":true,"href":"https:\/\/www.soleufilho.com.br\/index.php?rest_route=%2Fwp%2Fv2%2Fcategories&post=2386"},{"taxonomy":"post_tag","embeddable":true,"href":"https:\/\/www.soleufilho.com.br\/index.php?rest_route=%2Fwp%2Fv2%2Ftags&post=2386"}],"curies":[{"name":"wp","href":"https:\/\/api.w.org\/{rel}","templated":true}]}}