{"id":2395,"date":"2025-02-21T07:00:00","date_gmt":"2025-02-21T10:00:00","guid":{"rendered":"https:\/\/www.soleufilho.com.br\/?p=2395"},"modified":"2025-02-19T17:50:06","modified_gmt":"2025-02-19T20:50:06","slug":"dea-bornhausen-recebeu-o-titulo-de-cidada-florianopolitana","status":"publish","type":"post","link":"https:\/\/www.soleufilho.com.br\/?p=2395","title":{"rendered":"D\u00e9a Bornhausen recebeu o t\u00edtulo de Cidad\u00e3 Florianopolitana!"},"content":{"rendered":"\n<p>D\u00e9a Barreto Bornhausen foi uma primeira dama deste Estado, que quem teve oportunidade de acompanhar sua trajet\u00f3ria, entende o que estou dizendo. Trajet\u00f3ria bonita. Mulher din\u00e2mica, com muita fibra e acima de tudo uma eleg\u00e2ncia&nbsp; permanente.&nbsp;<\/p>\n\n\n\n<p>\u00c9 sempre lembrada pelos feitos que fez em prol dos catarinenses, a exemplo de sua fundamental participa\u00e7\u00e3o na constru\u00e7\u00e3o do Hospital do Cepon. Por onde passou, deixou marcas.&nbsp;<\/p>\n\n\n\n<p>E com tantos m\u00e9ritos, que v\u00e3o al\u00e9m do grande ser humano que \u00e9, sua mais recente homenagem, o t\u00edtulo de Cidad\u00e3 Florianopolitana, \u00e9 muito merecido. D\u00e9a \u00e9 carioca. A ideia da bela homenagem partiu do l\u00edder Roberto Katsumi. Aplausos D\u00e9a!<\/p>\n\n\n<div class=\"wp-block-image\">\n<figure class=\"aligncenter size-large\"><img loading=\"lazy\" decoding=\"async\" width=\"500\" height=\"330\" src=\"https:\/\/www.soleufilho.com.br\/wp-content\/uploads\/2025\/02\/1-1-2-500x330.jpeg\" alt=\"\" class=\"wp-image-2391\" srcset=\"https:\/\/www.soleufilho.com.br\/wp-content\/uploads\/2025\/02\/1-1-2-500x330.jpeg 500w, https:\/\/www.soleufilho.com.br\/wp-content\/uploads\/2025\/02\/1-1-2-300x198.jpeg 300w, https:\/\/www.soleufilho.com.br\/wp-content\/uploads\/2025\/02\/1-1-2-768x507.jpeg 768w, https:\/\/www.soleufilho.com.br\/wp-content\/uploads\/2025\/02\/1-1-2.jpeg 1000w\" sizes=\"auto, (max-width: 500px) 100vw, 500px\" \/><figcaption class=\"wp-element-caption\">Dea Bornhausen recebeu na Capital, o t\u00edtulo de Cidad\u00e3 Florianopolitana. A homenageada aparece, com Roberto Katsumi e o filho, Paulo Bornhausen<br><\/figcaption><\/figure><\/div>\n\n\n<h2 class=\"wp-block-heading\"><strong>Amanh\u00e3 (s\u00e1bado 22.2) tem carnaval no Serrano T\u00eanis Clube!<\/strong><\/h2>\n\n\n\n<p>E para quem curte carnaval de clube, Lages, atrav\u00e9s do Serrano T\u00eanis Clube, retoma a folia. A noite promete ser das mais animadas e come\u00e7a \u00e0s 22 horas. Jovens e casais j\u00e1 est\u00e3o se organizando, inclusive em turmas e blocos para entrar no ritmo. Os organizadores do evento, s\u00e3o os componentes do famoso grupo Carnaval dos Sete, que fez quest\u00e3o de contratar&nbsp; A Banda Ph7, para comandar a m\u00fasica. At\u00e9 as conhecidas marchinhas carnavalescas estar\u00e3o no repert\u00f3rio. Se voc\u00ea quiser participar, programe-se e reserve seu convite com anteced\u00eancia, na secretaria do Serrano!<\/p>\n\n\n<div class=\"wp-block-image\">\n<figure class=\"aligncenter size-large\"><img loading=\"lazy\" decoding=\"async\" width=\"500\" height=\"317\" src=\"https:\/\/www.soleufilho.com.br\/wp-content\/uploads\/2025\/02\/3-1-1-500x317.jpeg\" alt=\"\" class=\"wp-image-2393\" srcset=\"https:\/\/www.soleufilho.com.br\/wp-content\/uploads\/2025\/02\/3-1-1-500x317.jpeg 500w, https:\/\/www.soleufilho.com.br\/wp-content\/uploads\/2025\/02\/3-1-1-300x190.jpeg 300w, https:\/\/www.soleufilho.com.br\/wp-content\/uploads\/2025\/02\/3-1-1-768x487.jpeg 768w, https:\/\/www.soleufilho.com.br\/wp-content\/uploads\/2025\/02\/3-1-1.jpeg 1000w\" sizes=\"auto, (max-width: 500px) 100vw, 500px\" \/><figcaption class=\"wp-element-caption\">A\u00ed est\u00e3o os animados casais que comp\u00f5em o grupo do Carnaval dos Sete, que comanda amanh\u00e3, a noite de carnaval no Serrano! Essa imagem foi registrada no carnaval de 2024, inclusive foi noite inesquec\u00edvel. Pelo motivo, a turma retomou o Carnaval 2025!<br><\/figcaption><\/figure><\/div>\n\n\n<h2 class=\"wp-block-heading\"><strong>Vinho Vinil e Folia na Villa<\/strong><\/h2>\n\n\n\n<p>Daniela Borges de Freitas, grande incentivadora da vitivinicultura na Serra Catarinense,&nbsp; convidando para o evento Vinho Vinil e Folia na Villa, dia primeiro de mar\u00e7o das 16h30 at\u00e9 \u00e0s 19h30, na Villa Francione, em S\u00e3o Joaquim! Trata-se de um tour pela Villa Francione, degusta\u00e7\u00e3o especial de vinhos e drinks, com discotecagem de vinil dos famosos DJs Nello e Tio Cana! Imperd\u00edvel<\/p>\n\n\n<div class=\"wp-block-image\">\n<figure class=\"aligncenter size-large\"><img loading=\"lazy\" decoding=\"async\" width=\"400\" height=\"500\" src=\"https:\/\/www.soleufilho.com.br\/wp-content\/uploads\/2025\/02\/5-400x500.jpg\" alt=\"\" class=\"wp-image-2390\" srcset=\"https:\/\/www.soleufilho.com.br\/wp-content\/uploads\/2025\/02\/5-400x500.jpg 400w, https:\/\/www.soleufilho.com.br\/wp-content\/uploads\/2025\/02\/5-240x300.jpg 240w, https:\/\/www.soleufilho.com.br\/wp-content\/uploads\/2025\/02\/5.jpg 480w\" sizes=\"auto, (max-width: 400px) 100vw, 400px\" \/><figcaption class=\"wp-element-caption\">Daniela Borges de Freitas promove dia primeiro de mar\u00e7o, na Villa Francione, em S\u00e3o Joaquim,\u00a0 o Vinho Vinil e Folia na Villa!<br><\/figcaption><\/figure><\/div>\n\n\n<h2 class=\"wp-block-heading\">Mais<\/h2>\n\n\n<div class=\"wp-block-image\">\n<figure class=\"aligncenter size-large\"><img loading=\"lazy\" decoding=\"async\" width=\"400\" height=\"500\" src=\"https:\/\/www.soleufilho.com.br\/wp-content\/uploads\/2025\/02\/2-1-2-400x500.jpeg\" alt=\"\" class=\"wp-image-2392\" srcset=\"https:\/\/www.soleufilho.com.br\/wp-content\/uploads\/2025\/02\/2-1-2-400x500.jpeg 400w, https:\/\/www.soleufilho.com.br\/wp-content\/uploads\/2025\/02\/2-1-2-240x300.jpeg 240w, https:\/\/www.soleufilho.com.br\/wp-content\/uploads\/2025\/02\/2-1-2-768x960.jpeg 768w, https:\/\/www.soleufilho.com.br\/wp-content\/uploads\/2025\/02\/2-1-2.jpeg 800w\" sizes=\"auto, (max-width: 400px) 100vw, 400px\" \/><figcaption class=\"wp-element-caption\">A lageana Karin Ramos Rocha, linda, curtindo os famosos jardins da Villa Borghese, que comp\u00f5em belo conjunto paisag\u00edstico, situados em Roma<br><\/figcaption><\/figure><\/div>\n\n<div class=\"wp-block-image\">\n<figure class=\"aligncenter size-large\"><img loading=\"lazy\" decoding=\"async\" width=\"500\" height=\"384\" src=\"https:\/\/www.soleufilho.com.br\/wp-content\/uploads\/2025\/02\/4-1-1-500x384.jpeg\" alt=\"\" class=\"wp-image-2394\" srcset=\"https:\/\/www.soleufilho.com.br\/wp-content\/uploads\/2025\/02\/4-1-1-500x384.jpeg 500w, https:\/\/www.soleufilho.com.br\/wp-content\/uploads\/2025\/02\/4-1-1-300x230.jpeg 300w, https:\/\/www.soleufilho.com.br\/wp-content\/uploads\/2025\/02\/4-1-1-768x589.jpeg 768w, https:\/\/www.soleufilho.com.br\/wp-content\/uploads\/2025\/02\/4-1-1.jpeg 1000w\" sizes=\"auto, (max-width: 500px) 100vw, 500px\" \/><figcaption class=\"wp-element-caption\">Claudinei C\u00e2ndido\u00a0 e a lageana Michele Borges\u00a0 receberam, recentemente, amigos de Lages e de outras cidades, para animado almo\u00e7o com t\u00edpico churrasco serrano, em Balne\u00e1rio Cambori\u00fa, onde residem. \u201cFoi encontro dos mais simp\u00e1ticos e divertidos!\u201d, disse a amiga Duda Palma que estava entre os amigos<br><\/figcaption><\/figure><\/div>\n\n<div class=\"wp-block-image\">\n<figure class=\"aligncenter size-large\"><img loading=\"lazy\" decoding=\"async\" width=\"500\" height=\"493\" src=\"https:\/\/www.soleufilho.com.br\/wp-content\/uploads\/2025\/02\/6-500x493.jpeg\" alt=\"\" class=\"wp-image-2389\" srcset=\"https:\/\/www.soleufilho.com.br\/wp-content\/uploads\/2025\/02\/6-500x493.jpeg 500w, https:\/\/www.soleufilho.com.br\/wp-content\/uploads\/2025\/02\/6-300x296.jpeg 300w, https:\/\/www.soleufilho.com.br\/wp-content\/uploads\/2025\/02\/6.jpeg 685w\" sizes=\"auto, (max-width: 500px) 100vw, 500px\" \/><figcaption class=\"wp-element-caption\">Elvio Lima Silvia,\u00a0 propriet\u00e1rios do Hotel Fazenda Rota dos Caninos, em Bom Jardim da Serra,\u00a0 trocou de idade dia 26 de janeiro, oportunidade em que recebeu merecidas homenagens de amigos e familiares!<br><\/figcaption><\/figure><\/div>","protected":false},"excerpt":{"rendered":"<p>D\u00e9a Barreto Bornhausen foi uma primeira dama deste Estado, que quem teve oportunidade de acompanhar sua trajet\u00f3ria, entende o que estou dizendo. Trajet\u00f3ria bonita. Mulher din\u00e2mica, com muita fibra e acima de tudo uma eleg\u00e2ncia&nbsp; permanente.&nbsp; \u00c9 sempre lembrada pelos feitos que fez em prol dos catarinenses, a exemplo de sua fundamental participa\u00e7\u00e3o na constru\u00e7\u00e3o &hellip; <a href=\"https:\/\/www.soleufilho.com.br\/?p=2395\" class=\"more-link\">Continue lendo <span class=\"screen-reader-text\">D\u00e9a Bornhausen recebeu o t\u00edtulo de Cidad\u00e3 Florianopolitana!<\/span> <span class=\"meta-nav\">&rarr;<\/span><\/a><\/p>\n","protected":false},"author":1,"featured_media":0,"comment_status":"open","ping_status":"open","sticky":false,"template":"","format":"standard","meta":{"footnotes":""},"categories":[1],"tags":[],"class_list":["post-2395","post","type-post","status-publish","format-standard","hentry","category-uncategorized"],"_links":{"self":[{"href":"https:\/\/www.soleufilho.com.br\/index.php?rest_route=\/wp\/v2\/posts\/2395","targetHints":{"allow":["GET"]}}],"collection":[{"href":"https:\/\/www.soleufilho.com.br\/index.php?rest_route=\/wp\/v2\/posts"}],"about":[{"href":"https:\/\/www.soleufilho.com.br\/index.php?rest_route=\/wp\/v2\/types\/post"}],"author":[{"embeddable":true,"href":"https:\/\/www.soleufilho.com.br\/index.php?rest_route=\/wp\/v2\/users\/1"}],"replies":[{"embeddable":true,"href":"https:\/\/www.soleufilho.com.br\/index.php?rest_route=%2Fwp%2Fv2%2Fcomments&post=2395"}],"version-history":[{"count":1,"href":"https:\/\/www.soleufilho.com.br\/index.php?rest_route=\/wp\/v2\/posts\/2395\/revisions"}],"predecessor-version":[{"id":2396,"href":"https:\/\/www.soleufilho.com.br\/index.php?rest_route=\/wp\/v2\/posts\/2395\/revisions\/2396"}],"wp:attachment":[{"href":"https:\/\/www.soleufilho.com.br\/index.php?rest_route=%2Fwp%2Fv2%2Fmedia&parent=2395"}],"wp:term":[{"taxonomy":"category","embeddable":true,"href":"https:\/\/www.soleufilho.com.br\/index.php?rest_route=%2Fwp%2Fv2%2Fcategories&post=2395"},{"taxonomy":"post_tag","embeddable":true,"href":"https:\/\/www.soleufilho.com.br\/index.php?rest_route=%2Fwp%2Fv2%2Ftags&post=2395"}],"curies":[{"name":"wp","href":"https:\/\/api.w.org\/{rel}","templated":true}]}}