{"id":2404,"date":"2025-02-28T07:00:00","date_gmt":"2025-02-28T10:00:00","guid":{"rendered":"https:\/\/www.soleufilho.com.br\/?p=2404"},"modified":"2025-03-06T19:45:00","modified_gmt":"2025-03-06T22:45:00","slug":"2404","status":"publish","type":"post","link":"https:\/\/www.soleufilho.com.br\/?p=2404","title":{"rendered":"Casamento de Stephany e Tarcisio teve noite de sofistica\u00e7\u00e3o e momentos inesquec\u00edveis!"},"content":{"rendered":"\n<p>No dia 15 de fevereiro, a Catedral Diocesana de Lages foi palco de emocionante cerim\u00f4nia, celebrada pelo Padre Marcos, unindo Stephany Schneider e Tarcisio Waltrick de Oliveira em matrim\u00f4nio. Os noivos receberam seus convidados na sede social da&nbsp; Associa\u00e7\u00e3o de Engenheiros e Arquitetos de Lages, onde cada detalhe foi cuidadosamente planejado para uma noite inesquec\u00edvel.<\/p>\n\n\n\n<p>A decora\u00e7\u00e3o impec\u00e1vel, assinada pela talentosa Marilu Maldaner, da Marilu Decora\u00e7\u00e3o e Eventos, encantou a todos com paleta sofisticada de cores que iam do verde oliva ao branco. O destaque ficou por conta da deslumbrante mesa, com jardim de verdes, repleta de rosas brancas, cristais e lustres, proporcionando ambiente sofisticado e rom\u00e2ntico. Um dos pontos altos da noite foi a cabine fotogr\u00e1fica Vogue, que garantiu cliques incr\u00edveis com toque de glamour ao evento.<\/p>\n\n\n\n<p>O jantar foi assinado pelos renomados chefs Joel Matos e Adriana Oliveira, enquanto a anima\u00e7\u00e3o da festa ficou por conta da sonoriza\u00e7\u00e3o, da Toco Som. O servi\u00e7o de drinks foi realizado, com maestria, pela equipe Bartenders Lages, sob o comando de Goiaba. A organiza\u00e7\u00e3o esteve nas m\u00e3os da cerimonialista Fernanda Faust Favreto e sua equipe, garantindo que tudo sa\u00edsse perfeitamente. E, para eternizar cada momento, os registros fotogr\u00e1ficos ficaram por conta do talentoso fot\u00f3grafo Augusto Camargo. Foi noite memor\u00e1vel, repleta de amor, sofistica\u00e7\u00e3o e momentos inesquec\u00edveis!<\/p>\n\n\n<div class=\"wp-block-image\">\n<figure class=\"aligncenter size-large\"><img loading=\"lazy\" decoding=\"async\" width=\"334\" height=\"500\" src=\"https:\/\/www.soleufilho.com.br\/wp-content\/uploads\/2025\/02\/1-1-3-334x500.jpeg\" alt=\"\" class=\"wp-image-2399\" srcset=\"https:\/\/www.soleufilho.com.br\/wp-content\/uploads\/2025\/02\/1-1-3-334x500.jpeg 334w, https:\/\/www.soleufilho.com.br\/wp-content\/uploads\/2025\/02\/1-1-3-200x300.jpeg 200w, https:\/\/www.soleufilho.com.br\/wp-content\/uploads\/2025\/02\/1-1-3.jpeg 667w\" sizes=\"auto, (max-width: 334px) 100vw, 334px\" \/><figcaption class=\"wp-element-caption\">Stephany Schneider e Tarcisio Waltrick de Oliveira, durante o casamento deles<br><\/figcaption><\/figure><\/div>\n\n<div class=\"wp-block-image\">\n<figure class=\"aligncenter size-large\"><img loading=\"lazy\" decoding=\"async\" width=\"500\" height=\"334\" src=\"https:\/\/www.soleufilho.com.br\/wp-content\/uploads\/2025\/02\/2-1-3-500x334.jpeg\" alt=\"\" class=\"wp-image-2400\" srcset=\"https:\/\/www.soleufilho.com.br\/wp-content\/uploads\/2025\/02\/2-1-3-500x334.jpeg 500w, https:\/\/www.soleufilho.com.br\/wp-content\/uploads\/2025\/02\/2-1-3-300x200.jpeg 300w, https:\/\/www.soleufilho.com.br\/wp-content\/uploads\/2025\/02\/2-1-3-768x512.jpeg 768w, https:\/\/www.soleufilho.com.br\/wp-content\/uploads\/2025\/02\/2-1-3.jpeg 1000w\" sizes=\"auto, (max-width: 500px) 100vw, 500px\" \/><figcaption class=\"wp-element-caption\">A noiva Stephany Schneider, na recep\u00e7\u00e3o do casamento, com decora\u00e7\u00e3o de Marilu Maldaner<br><\/figcaption><\/figure><\/div>\n\n\n<h2 class=\"wp-block-heading\">Mais<\/h2>\n\n\n<div class=\"wp-block-image\">\n<figure class=\"aligncenter size-large\"><img loading=\"lazy\" decoding=\"async\" width=\"333\" height=\"500\" src=\"https:\/\/www.soleufilho.com.br\/wp-content\/uploads\/2025\/02\/3-1-2-333x500.jpeg\" alt=\"\" class=\"wp-image-2401\" srcset=\"https:\/\/www.soleufilho.com.br\/wp-content\/uploads\/2025\/02\/3-1-2-333x500.jpeg 333w, https:\/\/www.soleufilho.com.br\/wp-content\/uploads\/2025\/02\/3-1-2-200x300.jpeg 200w, https:\/\/www.soleufilho.com.br\/wp-content\/uploads\/2025\/02\/3-1-2.jpeg 666w\" sizes=\"auto, (max-width: 333px) 100vw, 333px\" \/><figcaption class=\"wp-element-caption\">Maria Eduarda de Marco Ramos colou grau em Direito, pela Universidade do Planalto Catarinense. A formanda recebeu cumprimentos de amigos e familiares, durante bonita recep\u00e7\u00e3o, decorada por Marilu Maldaner, na Galeteria Didio e Maria<br><\/figcaption><\/figure><\/div>\n\n<div class=\"wp-block-image\">\n<figure class=\"aligncenter size-large\"><img loading=\"lazy\" decoding=\"async\" width=\"333\" height=\"500\" src=\"https:\/\/www.soleufilho.com.br\/wp-content\/uploads\/2025\/02\/4-2-333x500.jpeg\" alt=\"\" class=\"wp-image-2402\" srcset=\"https:\/\/www.soleufilho.com.br\/wp-content\/uploads\/2025\/02\/4-2-333x500.jpeg 333w, https:\/\/www.soleufilho.com.br\/wp-content\/uploads\/2025\/02\/4-2-200x300.jpeg 200w, https:\/\/www.soleufilho.com.br\/wp-content\/uploads\/2025\/02\/4-2-768x1152.jpeg 768w, https:\/\/www.soleufilho.com.br\/wp-content\/uploads\/2025\/02\/4-2.jpeg 853w\" sizes=\"auto, (max-width: 333px) 100vw, 333px\" \/><figcaption class=\"wp-element-caption\">P\u00e2mela da Silva Cust\u00f3dio colou grau no Curso de Direito pela Universidade do Planalto Catarinense. A formanda comemorou a ocasi\u00e3o, com bonito jantar decorado por Marilu Maldaner no Restaurante Bistr\u00f4<br><\/figcaption><\/figure><\/div>\n\n<div class=\"wp-block-image\">\n<figure class=\"aligncenter size-large\"><img loading=\"lazy\" decoding=\"async\" width=\"375\" height=\"500\" src=\"https:\/\/www.soleufilho.com.br\/wp-content\/uploads\/2025\/02\/5-1-2-375x500.jpeg\" alt=\"\" class=\"wp-image-2403\" srcset=\"https:\/\/www.soleufilho.com.br\/wp-content\/uploads\/2025\/02\/5-1-2-375x500.jpeg 375w, https:\/\/www.soleufilho.com.br\/wp-content\/uploads\/2025\/02\/5-1-2-225x300.jpeg 225w, https:\/\/www.soleufilho.com.br\/wp-content\/uploads\/2025\/02\/5-1-2.jpeg 750w\" sizes=\"auto, (max-width: 375px) 100vw, 375px\" \/><figcaption class=\"wp-element-caption\">Gisele Netto e Fl\u00e1vio Guerra curtem viagem ao Mato Grosso do Sul e est\u00e3o encantados pelas belezas naturais de Bonito, segundo eles, um dos destinos tur\u00edsticos mais visitados no Brasil<br><\/figcaption><\/figure><\/div>\n\n<div class=\"wp-block-image\">\n<figure class=\"aligncenter size-large\"><img loading=\"lazy\" decoding=\"async\" width=\"500\" height=\"500\" src=\"https:\/\/www.soleufilho.com.br\/wp-content\/uploads\/2025\/02\/6-2-500x500.jpeg\" alt=\"\" class=\"wp-image-2398\" srcset=\"https:\/\/www.soleufilho.com.br\/wp-content\/uploads\/2025\/02\/6-2-500x500.jpeg 500w, https:\/\/www.soleufilho.com.br\/wp-content\/uploads\/2025\/02\/6-2-300x300.jpeg 300w, https:\/\/www.soleufilho.com.br\/wp-content\/uploads\/2025\/02\/6-2-150x150.jpeg 150w, https:\/\/www.soleufilho.com.br\/wp-content\/uploads\/2025\/02\/6-2.jpeg 720w\" sizes=\"auto, (max-width: 500px) 100vw, 500px\" \/><figcaption class=\"wp-element-caption\">Gladis Milene Porto, que nessa imagem aparece num dos belos pontos tur\u00edsticos de Amsterd\u00e3, trocou de idade dia 18. A&nbsp; aniversariante&nbsp; comemorou a data com amigos e familiares, em Lages<br><\/figcaption><\/figure><\/div>","protected":false},"excerpt":{"rendered":"<p>No dia 15 de fevereiro, a Catedral Diocesana de Lages foi palco de emocionante cerim\u00f4nia, celebrada pelo Padre Marcos, unindo Stephany Schneider e Tarcisio Waltrick de Oliveira em matrim\u00f4nio. Os noivos receberam seus convidados na sede social da&nbsp; Associa\u00e7\u00e3o de Engenheiros e Arquitetos de Lages, onde cada detalhe foi cuidadosamente planejado para uma noite inesquec\u00edvel. &hellip; <a href=\"https:\/\/www.soleufilho.com.br\/?p=2404\" class=\"more-link\">Continue lendo <span class=\"screen-reader-text\">Casamento de Stephany e Tarcisio teve noite de sofistica\u00e7\u00e3o e momentos inesquec\u00edveis!<\/span> <span class=\"meta-nav\">&rarr;<\/span><\/a><\/p>\n","protected":false},"author":1,"featured_media":0,"comment_status":"open","ping_status":"open","sticky":false,"template":"","format":"standard","meta":{"footnotes":""},"categories":[1],"tags":[],"class_list":["post-2404","post","type-post","status-publish","format-standard","hentry","category-uncategorized"],"_links":{"self":[{"href":"https:\/\/www.soleufilho.com.br\/index.php?rest_route=\/wp\/v2\/posts\/2404","targetHints":{"allow":["GET"]}}],"collection":[{"href":"https:\/\/www.soleufilho.com.br\/index.php?rest_route=\/wp\/v2\/posts"}],"about":[{"href":"https:\/\/www.soleufilho.com.br\/index.php?rest_route=\/wp\/v2\/types\/post"}],"author":[{"embeddable":true,"href":"https:\/\/www.soleufilho.com.br\/index.php?rest_route=\/wp\/v2\/users\/1"}],"replies":[{"embeddable":true,"href":"https:\/\/www.soleufilho.com.br\/index.php?rest_route=%2Fwp%2Fv2%2Fcomments&post=2404"}],"version-history":[{"count":2,"href":"https:\/\/www.soleufilho.com.br\/index.php?rest_route=\/wp\/v2\/posts\/2404\/revisions"}],"predecessor-version":[{"id":2406,"href":"https:\/\/www.soleufilho.com.br\/index.php?rest_route=\/wp\/v2\/posts\/2404\/revisions\/2406"}],"wp:attachment":[{"href":"https:\/\/www.soleufilho.com.br\/index.php?rest_route=%2Fwp%2Fv2%2Fmedia&parent=2404"}],"wp:term":[{"taxonomy":"category","embeddable":true,"href":"https:\/\/www.soleufilho.com.br\/index.php?rest_route=%2Fwp%2Fv2%2Fcategories&post=2404"},{"taxonomy":"post_tag","embeddable":true,"href":"https:\/\/www.soleufilho.com.br\/index.php?rest_route=%2Fwp%2Fv2%2Ftags&post=2404"}],"curies":[{"name":"wp","href":"https:\/\/api.w.org\/{rel}","templated":true}]}}