{"id":2415,"date":"2025-03-07T07:00:00","date_gmt":"2025-03-07T10:00:00","guid":{"rendered":"https:\/\/www.soleufilho.com.br\/?p=2415"},"modified":"2025-03-06T21:13:00","modified_gmt":"2025-03-07T00:13:00","slug":"folia-na-villa-foi-divertida-bacana-animada-e-com-muito-sucesso-ano-que-vem-tem-mais-promete-daniela-freitas","status":"publish","type":"post","link":"https:\/\/www.soleufilho.com.br\/?p=2415","title":{"rendered":"Folia na Villa foi \u201cDivertida, bacana, animada e com muito sucesso! Ano que vem, tem mais\u2026\u201d, promete Daniela Freitas!"},"content":{"rendered":"\n<p>Daniela Borges de Freitas, grande incentivadora da vitivinicultura na Serra Catarinense,\u00a0 comandou com \u00eaxito, o evento Vinho Vinil e Folia na Villa! O carnaval que reuniu convidados e animados foli\u00f5es da Serra Catarinense e de outras regi\u00f5es, inclusive de S\u00e3o Paulo, agitou o final da tarde do primeiro dia de mar\u00e7o, na Villa Francioni, em S\u00e3o Joaquim. Degusta\u00e7\u00e3o especial de vinhos, drinks, mais a discotecagem de vinil com os DJs Nello e Tio Cana, agitaram os foli\u00f5es. \u201cFoi super animado! Sucesso total!\u201d, resumiu Daniela, que j\u00e1 assumiu compromisso para a sequ\u00eancia do carnaval em 2026. Mais: V\u00e2nia Cury, famosa advogada que mora em S\u00e3o Paulo, colega de turma de Daniela Freitas, da Faculdade de Direito da Universidade Mackenzie, trouxe sua turma paulistana especialmente para prestigiar o Carnaval na Villa Francioni. A Confraria Vinhos e Segredos de Lages prestigiou o evento e inclusive, fez quest\u00e3o de integrar Daniela, como membro da Confraria! Aplausos\u2026<\/p>\n\n\n<div class=\"wp-block-image\">\n<figure class=\"aligncenter size-large\"><img loading=\"lazy\" decoding=\"async\" width=\"400\" height=\"500\" src=\"https:\/\/www.soleufilho.com.br\/wp-content\/uploads\/2025\/03\/1-1-400x500.jpeg\" alt=\"\" class=\"wp-image-2408\" srcset=\"https:\/\/www.soleufilho.com.br\/wp-content\/uploads\/2025\/03\/1-1-400x500.jpeg 400w, https:\/\/www.soleufilho.com.br\/wp-content\/uploads\/2025\/03\/1-1-240x300.jpeg 240w, https:\/\/www.soleufilho.com.br\/wp-content\/uploads\/2025\/03\/1-1-768x960.jpeg 768w, https:\/\/www.soleufilho.com.br\/wp-content\/uploads\/2025\/03\/1-1.jpeg 800w\" sizes=\"auto, (max-width: 400px) 100vw, 400px\" \/><figcaption class=\"wp-element-caption\">De S\u00e3o Paulo, a advogada V\u00e2nia Cury, com a anfitri\u00e3 Daniela Freitas durante o animado Carnaval na Villa Francioni<br><\/figcaption><\/figure><\/div>\n\n<div class=\"wp-block-image\">\n<figure class=\"aligncenter size-large\"><img loading=\"lazy\" decoding=\"async\" width=\"400\" height=\"500\" src=\"https:\/\/www.soleufilho.com.br\/wp-content\/uploads\/2025\/03\/2-1-400x500.jpeg\" alt=\"\" class=\"wp-image-2409\" srcset=\"https:\/\/www.soleufilho.com.br\/wp-content\/uploads\/2025\/03\/2-1-400x500.jpeg 400w, https:\/\/www.soleufilho.com.br\/wp-content\/uploads\/2025\/03\/2-1-240x300.jpeg 240w, https:\/\/www.soleufilho.com.br\/wp-content\/uploads\/2025\/03\/2-1-768x960.jpeg 768w, https:\/\/www.soleufilho.com.br\/wp-content\/uploads\/2025\/03\/2-1.jpeg 1024w\" sizes=\"auto, (max-width: 400px) 100vw, 400px\" \/><figcaption class=\"wp-element-caption\">Esses animados foli\u00f5es integram a turma que veio de S\u00e3o Paulo, para o Carnaval da Villa Francioni. S\u00e3o amigos de Daniela Freitas e V\u00e2nia Cury\u00a0<br><\/figcaption><\/figure><\/div>\n\n<div class=\"wp-block-image\">\n<figure class=\"aligncenter size-large\"><img loading=\"lazy\" decoding=\"async\" width=\"375\" height=\"500\" src=\"https:\/\/www.soleufilho.com.br\/wp-content\/uploads\/2025\/03\/3-1-375x500.jpeg\" alt=\"\" class=\"wp-image-2410\" srcset=\"https:\/\/www.soleufilho.com.br\/wp-content\/uploads\/2025\/03\/3-1-375x500.jpeg 375w, https:\/\/www.soleufilho.com.br\/wp-content\/uploads\/2025\/03\/3-1-225x300.jpeg 225w, https:\/\/www.soleufilho.com.br\/wp-content\/uploads\/2025\/03\/3-1.jpeg 750w\" sizes=\"auto, (max-width: 375px) 100vw, 375px\" \/><figcaption class=\"wp-element-caption\">Durante o carnaval da Villa, a Confraria Vinhos e Segredos de Lages,\u00a0 integrou Daniela Freitas, como membro da referida Confraria\u00a0<br><\/figcaption><\/figure><\/div>\n\n<div class=\"wp-block-image\">\n<figure class=\"aligncenter size-large\"><img loading=\"lazy\" decoding=\"async\" width=\"388\" height=\"500\" src=\"https:\/\/www.soleufilho.com.br\/wp-content\/uploads\/2025\/03\/4-1-388x500.jpeg\" alt=\"\" class=\"wp-image-2411\" srcset=\"https:\/\/www.soleufilho.com.br\/wp-content\/uploads\/2025\/03\/4-1-388x500.jpeg 388w, https:\/\/www.soleufilho.com.br\/wp-content\/uploads\/2025\/03\/4-1-233x300.jpeg 233w, https:\/\/www.soleufilho.com.br\/wp-content\/uploads\/2025\/03\/4-1-768x991.jpeg 768w, https:\/\/www.soleufilho.com.br\/wp-content\/uploads\/2025\/03\/4-1-1190x1536.jpeg 1190w, https:\/\/www.soleufilho.com.br\/wp-content\/uploads\/2025\/03\/4-1.jpeg 1240w\" sizes=\"auto, (max-width: 388px) 100vw, 388px\" \/><figcaption class=\"wp-element-caption\">Daniela Freitas com os famosos e talentosos DJs lageanos Tio Cana e Nello. A dupla utilizou vinil e l\u00f3gico, m\u00fasicas e marchas carnavalescas que embalaram gera\u00e7\u00f5es incrementaram o repert\u00f3rio!<br><\/figcaption><\/figure><\/div>\n\n<div class=\"wp-block-image\">\n<figure class=\"aligncenter size-large\"><img loading=\"lazy\" decoding=\"async\" width=\"375\" height=\"500\" src=\"https:\/\/www.soleufilho.com.br\/wp-content\/uploads\/2025\/03\/5-1-375x500.jpeg\" alt=\"\" class=\"wp-image-2412\" srcset=\"https:\/\/www.soleufilho.com.br\/wp-content\/uploads\/2025\/03\/5-1-375x500.jpeg 375w, https:\/\/www.soleufilho.com.br\/wp-content\/uploads\/2025\/03\/5-1-225x300.jpeg 225w, https:\/\/www.soleufilho.com.br\/wp-content\/uploads\/2025\/03\/5-1.jpeg 750w\" sizes=\"auto, (max-width: 375px) 100vw, 375px\" \/><figcaption class=\"wp-element-caption\">Daniela Freitas e a nutricionista joaquinense Tati Nunes<br><\/figcaption><\/figure><\/div>\n\n\n<h2 class=\"wp-block-heading\"><strong>Registros<\/strong><\/h2>\n\n\n<div class=\"wp-block-image\">\n<figure class=\"aligncenter size-large\"><img loading=\"lazy\" decoding=\"async\" width=\"281\" height=\"500\" src=\"https:\/\/www.soleufilho.com.br\/wp-content\/uploads\/2025\/03\/6-1-281x500.jpeg\" alt=\"\" class=\"wp-image-2413\" srcset=\"https:\/\/www.soleufilho.com.br\/wp-content\/uploads\/2025\/03\/6-1-281x500.jpeg 281w, https:\/\/www.soleufilho.com.br\/wp-content\/uploads\/2025\/03\/6-1-169x300.jpeg 169w, https:\/\/www.soleufilho.com.br\/wp-content\/uploads\/2025\/03\/6-1.jpeg 720w\" sizes=\"auto, (max-width: 281px) 100vw, 281px\" \/><figcaption class=\"wp-element-caption\">Augusto e Let\u00edcia uniram-se em bela cerim\u00f4nia, na cidade de S\u00e3o Paulo. Augusto \u00e9 filho de Jos\u00e9 Sebasti\u00e3o e Antonett, da sociedade de Minas Gerais. E Let\u00edcia\u00a0 \u00e9 filha de Ketty e de Jorge Mendes, da sociedade lageana. Foi casamento dos mais bonitos!<br><\/figcaption><\/figure><\/div>\n\n<div class=\"wp-block-image\">\n<figure class=\"aligncenter size-large\"><img loading=\"lazy\" decoding=\"async\" width=\"375\" height=\"500\" src=\"https:\/\/www.soleufilho.com.br\/wp-content\/uploads\/2025\/03\/7-1-375x500.jpeg\" alt=\"\" class=\"wp-image-2414\" srcset=\"https:\/\/www.soleufilho.com.br\/wp-content\/uploads\/2025\/03\/7-1-375x500.jpeg 375w, https:\/\/www.soleufilho.com.br\/wp-content\/uploads\/2025\/03\/7-1-225x300.jpeg 225w, https:\/\/www.soleufilho.com.br\/wp-content\/uploads\/2025\/03\/7-1.jpeg 750w\" sizes=\"auto, (max-width: 375px) 100vw, 375px\" \/><figcaption class=\"wp-element-caption\">Elizabeth Ribeiro e Willy\u00a0 Koech comemoraram seus anivers\u00e1rios dia 15 de fevereiro, em animada festa, na boate do Serrano T\u00eanis Clube. Muitos amigos dos aniversariantes fizeram quest\u00e3o de prestigi\u00e1-los!\u00a0<br><\/figcaption><\/figure><\/div>","protected":false},"excerpt":{"rendered":"<p>Daniela Borges de Freitas, grande incentivadora da vitivinicultura na Serra Catarinense,\u00a0 comandou com \u00eaxito, o evento Vinho Vinil e Folia na Villa! O carnaval que reuniu convidados e animados foli\u00f5es da Serra Catarinense e de outras regi\u00f5es, inclusive de S\u00e3o Paulo, agitou o final da tarde do primeiro dia de mar\u00e7o, na Villa Francioni, em &hellip; <a href=\"https:\/\/www.soleufilho.com.br\/?p=2415\" class=\"more-link\">Continue lendo <span class=\"screen-reader-text\">Folia na Villa foi \u201cDivertida, bacana, animada e com muito sucesso! Ano que vem, tem mais\u2026\u201d, promete Daniela Freitas!<\/span> <span class=\"meta-nav\">&rarr;<\/span><\/a><\/p>\n","protected":false},"author":1,"featured_media":0,"comment_status":"open","ping_status":"open","sticky":false,"template":"","format":"standard","meta":{"footnotes":""},"categories":[1],"tags":[],"class_list":["post-2415","post","type-post","status-publish","format-standard","hentry","category-uncategorized"],"_links":{"self":[{"href":"https:\/\/www.soleufilho.com.br\/index.php?rest_route=\/wp\/v2\/posts\/2415","targetHints":{"allow":["GET"]}}],"collection":[{"href":"https:\/\/www.soleufilho.com.br\/index.php?rest_route=\/wp\/v2\/posts"}],"about":[{"href":"https:\/\/www.soleufilho.com.br\/index.php?rest_route=\/wp\/v2\/types\/post"}],"author":[{"embeddable":true,"href":"https:\/\/www.soleufilho.com.br\/index.php?rest_route=\/wp\/v2\/users\/1"}],"replies":[{"embeddable":true,"href":"https:\/\/www.soleufilho.com.br\/index.php?rest_route=%2Fwp%2Fv2%2Fcomments&post=2415"}],"version-history":[{"count":1,"href":"https:\/\/www.soleufilho.com.br\/index.php?rest_route=\/wp\/v2\/posts\/2415\/revisions"}],"predecessor-version":[{"id":2416,"href":"https:\/\/www.soleufilho.com.br\/index.php?rest_route=\/wp\/v2\/posts\/2415\/revisions\/2416"}],"wp:attachment":[{"href":"https:\/\/www.soleufilho.com.br\/index.php?rest_route=%2Fwp%2Fv2%2Fmedia&parent=2415"}],"wp:term":[{"taxonomy":"category","embeddable":true,"href":"https:\/\/www.soleufilho.com.br\/index.php?rest_route=%2Fwp%2Fv2%2Fcategories&post=2415"},{"taxonomy":"post_tag","embeddable":true,"href":"https:\/\/www.soleufilho.com.br\/index.php?rest_route=%2Fwp%2Fv2%2Ftags&post=2415"}],"curies":[{"name":"wp","href":"https:\/\/api.w.org\/{rel}","templated":true}]}}