{"id":2425,"date":"2025-03-14T07:00:00","date_gmt":"2025-03-14T10:00:00","guid":{"rendered":"https:\/\/www.soleufilho.com.br\/?p=2425"},"modified":"2025-03-12T17:16:17","modified_gmt":"2025-03-12T20:16:17","slug":"confraternizacao-a-posse-da-nova-diretoria-da-oab-lages-foi-das-mais-bonitas","status":"publish","type":"post","link":"https:\/\/www.soleufilho.com.br\/?p=2425","title":{"rendered":"Confraterniza\u00e7\u00e3o \u00e0 posse da nova diretoria da OAB-Lages foi das mais bonitas!"},"content":{"rendered":"\n<p>A posse da nova diretoria da Ordem dos Advogados do Brasil &#8211; OAB Lages teve comemora\u00e7\u00e3o com bonita confraterniza\u00e7\u00e3o, na Cabanha Vacas Gordas, em Cap\u00e3o Alto. Prestigiaram o evento o presidente da Seccional Catarinense, Juliano Mandelli, a vice-presidente Gisele Lemos Kravichynchyn e outros membros da diretoria.<\/p>\n\n\n\n<p>A solenidade oficial de posse aconteceu na noite de sexta-feira (7.3), no CCJ da Uniplac, quando tomaram posse o presidente Gabriel de Oliveira Antunes, a vice-presidente Josiane Hoffmann Eger, diretores e conselheiros.<\/p>\n\n\n\n<p>O evento social, que reuniu a advocacia catarinense, foi no Serrano T\u00eanis Clube, com elegante coquetel. Aplausos \u00e0 classe forense!<\/p>\n\n\n<div class=\"wp-block-image\">\n<figure class=\"aligncenter size-large\"><img loading=\"lazy\" decoding=\"async\" width=\"500\" height=\"282\" src=\"https:\/\/www.soleufilho.com.br\/wp-content\/uploads\/2025\/03\/1-1-1-500x282.jpeg\" alt=\"\" class=\"wp-image-2419\" srcset=\"https:\/\/www.soleufilho.com.br\/wp-content\/uploads\/2025\/03\/1-1-1-500x282.jpeg 500w, https:\/\/www.soleufilho.com.br\/wp-content\/uploads\/2025\/03\/1-1-1-300x169.jpeg 300w, https:\/\/www.soleufilho.com.br\/wp-content\/uploads\/2025\/03\/1-1-1-768x432.jpeg 768w, https:\/\/www.soleufilho.com.br\/wp-content\/uploads\/2025\/03\/1-1-1.jpeg 1000w\" sizes=\"auto, (max-width: 500px) 100vw, 500px\" \/><figcaption class=\"wp-element-caption\">Comemora\u00e7\u00e3o dos advogados de Lages e convidados catarinenses, na Cabanha Vacas Gordas<br><\/figcaption><\/figure><\/div>\n\n\n<h2 class=\"wp-block-heading\"><strong>No charme do Vinho<\/strong><\/h2>\n\n\n\n<p>Momentos daVindima de Altitude 2025 tiveram momentos marcantes! A Serra Catarinense comemora o sucesso da nobre bebida produzida na regi\u00e3o e que ganha, a cada dia, mais apreciadores pelo mundo!<\/p>\n\n\n\n<p>Foram vinte vin\u00edcolas que apresentaram seus vinhos, ao p\u00fablico que prestigiou. \u201cFico emocionada de ver este progresso na regi\u00e3o, fruto do pioneirismo do meu pai, Dilor Freitas, com a instala\u00e7\u00e3o da Villa Francioni!\u201d, comemora Daniela Borges de Freitas, presidente do Conselho de da Vin\u00edcola Villa Francioni, que fez quest\u00e3o de oferecer ao Governador Jorginho Mello o vinho \u00edcone de sua vin\u00edcola, o VF tinto da excelente safra 2018. Jorginho agradeceu, com largo sorriso!<\/p>\n\n\n<div class=\"wp-block-image\">\n<figure class=\"aligncenter size-large\"><img loading=\"lazy\" decoding=\"async\" width=\"400\" height=\"500\" src=\"https:\/\/www.soleufilho.com.br\/wp-content\/uploads\/2025\/03\/2-1-1-400x500.jpeg\" alt=\"\" class=\"wp-image-2420\" srcset=\"https:\/\/www.soleufilho.com.br\/wp-content\/uploads\/2025\/03\/2-1-1-400x500.jpeg 400w, https:\/\/www.soleufilho.com.br\/wp-content\/uploads\/2025\/03\/2-1-1-240x300.jpeg 240w, https:\/\/www.soleufilho.com.br\/wp-content\/uploads\/2025\/03\/2-1-1-768x960.jpeg 768w, https:\/\/www.soleufilho.com.br\/wp-content\/uploads\/2025\/03\/2-1-1.jpeg 1024w\" sizes=\"auto, (max-width: 400px) 100vw, 400px\" \/><figcaption class=\"wp-element-caption\">A presidente do Conselho de Administra\u00e7\u00e3o da Vin\u00edcola Villa Francioni, Daniela Borges de Freitas, ofereceu ao Governador Jorginho Mello,\u00a0 o vinho \u00edcone de sua vin\u00edcola, o VF tinto da excelente safra 2018!<br><\/figcaption><\/figure><\/div>\n\n<div class=\"wp-block-image\">\n<figure class=\"aligncenter size-large\"><img loading=\"lazy\" decoding=\"async\" width=\"375\" height=\"500\" src=\"https:\/\/www.soleufilho.com.br\/wp-content\/uploads\/2025\/03\/3-1-1-375x500.jpeg\" alt=\"\" class=\"wp-image-2421\" srcset=\"https:\/\/www.soleufilho.com.br\/wp-content\/uploads\/2025\/03\/3-1-1-375x500.jpeg 375w, https:\/\/www.soleufilho.com.br\/wp-content\/uploads\/2025\/03\/3-1-1-225x300.jpeg 225w, https:\/\/www.soleufilho.com.br\/wp-content\/uploads\/2025\/03\/3-1-1-768x1024.jpeg 768w, https:\/\/www.soleufilho.com.br\/wp-content\/uploads\/2025\/03\/3-1-1.jpeg 960w\" sizes=\"auto, (max-width: 375px) 100vw, 375px\" \/><figcaption class=\"wp-element-caption\">A Confraria Vinhos &amp; Segredos de Lages prestigiou a Vindima 2025, em S\u00e3o Joaquim. O brinde que elas fizeram, foi para lembrar o dia 8 de mar\u00e7o, Dia Internacional da Mulher!<br><\/figcaption><\/figure><\/div>\n\n<div class=\"wp-block-image\">\n<figure class=\"aligncenter size-large\"><img loading=\"lazy\" decoding=\"async\" width=\"400\" height=\"500\" src=\"https:\/\/www.soleufilho.com.br\/wp-content\/uploads\/2025\/03\/4-1-1-400x500.jpeg\" alt=\"\" class=\"wp-image-2422\" srcset=\"https:\/\/www.soleufilho.com.br\/wp-content\/uploads\/2025\/03\/4-1-1-400x500.jpeg 400w, https:\/\/www.soleufilho.com.br\/wp-content\/uploads\/2025\/03\/4-1-1-240x300.jpeg 240w, https:\/\/www.soleufilho.com.br\/wp-content\/uploads\/2025\/03\/4-1-1-768x960.jpeg 768w, https:\/\/www.soleufilho.com.br\/wp-content\/uploads\/2025\/03\/4-1-1.jpeg 1024w\" sizes=\"auto, (max-width: 400px) 100vw, 400px\" \/><figcaption class=\"wp-element-caption\">A prefeita de Urupema Cristiane Muniz Pagani, Daniela Borges de Freitas e a prefeita de Lages, Carmen Zanotto, prestigiando a Vindima 2025!<br><\/figcaption><\/figure><\/div>\n\n<div class=\"wp-block-image\">\n<figure class=\"aligncenter size-large\"><img loading=\"lazy\" decoding=\"async\" width=\"500\" height=\"468\" src=\"https:\/\/www.soleufilho.com.br\/wp-content\/uploads\/2025\/03\/5-1-1-500x468.jpeg\" alt=\"\" class=\"wp-image-2423\" srcset=\"https:\/\/www.soleufilho.com.br\/wp-content\/uploads\/2025\/03\/5-1-1-500x468.jpeg 500w, https:\/\/www.soleufilho.com.br\/wp-content\/uploads\/2025\/03\/5-1-1-300x281.jpeg 300w, https:\/\/www.soleufilho.com.br\/wp-content\/uploads\/2025\/03\/5-1-1-768x719.jpeg 768w, https:\/\/www.soleufilho.com.br\/wp-content\/uploads\/2025\/03\/5-1-1.jpeg 1000w\" sizes=\"auto, (max-width: 500px) 100vw, 500px\" \/><figcaption class=\"wp-element-caption\">Daniela Borges de Freitas e o prefeito de S\u00e3o Joaquim, Jos\u00e9 Teodoro Amaral<br><\/figcaption><\/figure><\/div>\n\n\n<h2 class=\"wp-block-heading\"><strong>Registros<\/strong><\/h2>\n\n\n<div class=\"wp-block-image\">\n<figure class=\"aligncenter size-large\"><img loading=\"lazy\" decoding=\"async\" width=\"500\" height=\"281\" src=\"https:\/\/www.soleufilho.com.br\/wp-content\/uploads\/2025\/03\/6-1-1-500x281.jpeg\" alt=\"\" class=\"wp-image-2424\" srcset=\"https:\/\/www.soleufilho.com.br\/wp-content\/uploads\/2025\/03\/6-1-1-500x281.jpeg 500w, https:\/\/www.soleufilho.com.br\/wp-content\/uploads\/2025\/03\/6-1-1-300x169.jpeg 300w, https:\/\/www.soleufilho.com.br\/wp-content\/uploads\/2025\/03\/6-1-1-768x432.jpeg 768w, https:\/\/www.soleufilho.com.br\/wp-content\/uploads\/2025\/03\/6-1-1.jpeg 1000w\" sizes=\"auto, (max-width: 500px) 100vw, 500px\" \/><figcaption class=\"wp-element-caption\">Soleu Filho, Gra\u00e7a Hartmann e a dentista Odila Arnutti Duarte, na Muzzarella. Detalhe: a querida Gra\u00e7a trocou de idade dia 23 de fevereiro, oportunidade em que recebeu muitos cumprimentos! (a foto foi registrada pelo querido Diogo, da famosa pizzaria!)<br><\/figcaption><\/figure><\/div>\n\n<div class=\"wp-block-image\">\n<figure class=\"aligncenter size-large\"><img loading=\"lazy\" decoding=\"async\" width=\"500\" height=\"365\" src=\"https:\/\/www.soleufilho.com.br\/wp-content\/uploads\/2025\/03\/7-500x365.jpeg\" alt=\"\" class=\"wp-image-2418\" srcset=\"https:\/\/www.soleufilho.com.br\/wp-content\/uploads\/2025\/03\/7-500x365.jpeg 500w, https:\/\/www.soleufilho.com.br\/wp-content\/uploads\/2025\/03\/7-300x219.jpeg 300w, https:\/\/www.soleufilho.com.br\/wp-content\/uploads\/2025\/03\/7-768x560.jpeg 768w, https:\/\/www.soleufilho.com.br\/wp-content\/uploads\/2025\/03\/7.jpeg 960w\" sizes=\"auto, (max-width: 500px) 100vw, 500px\" \/><figcaption class=\"wp-element-caption\">Luciane Reis Vieira Letti, Maria Beatriz Cordeiro Zago, Rita de C\u00e1ssia Ribeiro do Amaral, Ingrid Furtado e Bebel Vieira. A querida Bebel aniversariou dia primeiro de mar\u00e7o e foi em Itapema que a aniversariante recebeu muitos cumprimentos de amigos e familiares!<br><\/figcaption><\/figure><\/div>\n\n<div class=\"wp-block-image\">\n<figure class=\"aligncenter size-large\"><img loading=\"lazy\" decoding=\"async\" width=\"500\" height=\"375\" src=\"https:\/\/www.soleufilho.com.br\/wp-content\/uploads\/2025\/03\/8-500x375.jpg\" alt=\"\" class=\"wp-image-2417\" srcset=\"https:\/\/www.soleufilho.com.br\/wp-content\/uploads\/2025\/03\/8-500x375.jpg 500w, https:\/\/www.soleufilho.com.br\/wp-content\/uploads\/2025\/03\/8-300x225.jpg 300w, https:\/\/www.soleufilho.com.br\/wp-content\/uploads\/2025\/03\/8-768x576.jpg 768w, https:\/\/www.soleufilho.com.br\/wp-content\/uploads\/2025\/03\/8.jpg 960w\" sizes=\"auto, (max-width: 500px) 100vw, 500px\" \/><figcaption class=\"wp-element-caption\">Carmen e o empres\u00e1rio Dalcir Pilatti, durante evento no Meio Oeste Catarinense. Detalhe: a psic\u00f3loga trocou de idade dia nove de fevereiro, oportunidade em que recebeu merecidas homenagens!<br><\/figcaption><\/figure><\/div>","protected":false},"excerpt":{"rendered":"<p>A posse da nova diretoria da Ordem dos Advogados do Brasil &#8211; OAB Lages teve comemora\u00e7\u00e3o com bonita confraterniza\u00e7\u00e3o, na Cabanha Vacas Gordas, em Cap\u00e3o Alto. Prestigiaram o evento o presidente da Seccional Catarinense, Juliano Mandelli, a vice-presidente Gisele Lemos Kravichynchyn e outros membros da diretoria. A solenidade oficial de posse aconteceu na noite de &hellip; <a href=\"https:\/\/www.soleufilho.com.br\/?p=2425\" class=\"more-link\">Continue lendo <span class=\"screen-reader-text\">Confraterniza\u00e7\u00e3o \u00e0 posse da nova diretoria da OAB-Lages foi das mais bonitas!<\/span> <span class=\"meta-nav\">&rarr;<\/span><\/a><\/p>\n","protected":false},"author":1,"featured_media":0,"comment_status":"open","ping_status":"open","sticky":false,"template":"","format":"standard","meta":{"footnotes":""},"categories":[1],"tags":[],"class_list":["post-2425","post","type-post","status-publish","format-standard","hentry","category-uncategorized"],"_links":{"self":[{"href":"https:\/\/www.soleufilho.com.br\/index.php?rest_route=\/wp\/v2\/posts\/2425","targetHints":{"allow":["GET"]}}],"collection":[{"href":"https:\/\/www.soleufilho.com.br\/index.php?rest_route=\/wp\/v2\/posts"}],"about":[{"href":"https:\/\/www.soleufilho.com.br\/index.php?rest_route=\/wp\/v2\/types\/post"}],"author":[{"embeddable":true,"href":"https:\/\/www.soleufilho.com.br\/index.php?rest_route=\/wp\/v2\/users\/1"}],"replies":[{"embeddable":true,"href":"https:\/\/www.soleufilho.com.br\/index.php?rest_route=%2Fwp%2Fv2%2Fcomments&post=2425"}],"version-history":[{"count":1,"href":"https:\/\/www.soleufilho.com.br\/index.php?rest_route=\/wp\/v2\/posts\/2425\/revisions"}],"predecessor-version":[{"id":2426,"href":"https:\/\/www.soleufilho.com.br\/index.php?rest_route=\/wp\/v2\/posts\/2425\/revisions\/2426"}],"wp:attachment":[{"href":"https:\/\/www.soleufilho.com.br\/index.php?rest_route=%2Fwp%2Fv2%2Fmedia&parent=2425"}],"wp:term":[{"taxonomy":"category","embeddable":true,"href":"https:\/\/www.soleufilho.com.br\/index.php?rest_route=%2Fwp%2Fv2%2Fcategories&post=2425"},{"taxonomy":"post_tag","embeddable":true,"href":"https:\/\/www.soleufilho.com.br\/index.php?rest_route=%2Fwp%2Fv2%2Ftags&post=2425"}],"curies":[{"name":"wp","href":"https:\/\/api.w.org\/{rel}","templated":true}]}}