{"id":2436,"date":"2025-03-21T07:00:00","date_gmt":"2025-03-21T10:00:00","guid":{"rendered":"https:\/\/www.soleufilho.com.br\/?p=2436"},"modified":"2025-03-19T21:32:59","modified_gmt":"2025-03-20T00:32:59","slug":"jantar-pela-formatura-de-lucas-teve-requinte-e-beleza","status":"publish","type":"post","link":"https:\/\/www.soleufilho.com.br\/?p=2436","title":{"rendered":"Jantar pela formatura de Lucas teve requinte e beleza!"},"content":{"rendered":"\n<p>A noite de formatura de Lucas Eli de Oliveira, agora administrador, pela Uniplac, foi marcada por requinte e beleza. Para celebrar a conquista, seus pais Luciana Eli de Oliveira e Hatila de Oliveira, junto \u00e0 irm\u00e3 do formando Carolina Eli de Oliveira, recepcionaram amigos e familiares em bonito&nbsp; jantar, no Restaurante Bistr\u00f4.<\/p>\n\n\n\n<p>O destaque da noite foi a deslumbrante decora\u00e7\u00e3o, assinada pela talentosa designer Marilu Maldaner, da Marilu Decora\u00e7\u00e3o e Eventos. \u201cUtilizamos composi\u00e7\u00e3o sofisticada de tons prateados, folhagens verdes e ilumina\u00e7\u00e3o impec\u00e1vel. O ambiente ganhou toque de glamour e aconchego, tornando a celebra\u00e7\u00e3o ainda mais inesquec\u00edvel\u201d, diz Marilu. Foi noite memor\u00e1vel, cujas imagens foram muito bem registradas pelo talentoso fot\u00f3grafo Gugu Garcia! Aplausos, Lucas!<\/p>\n\n\n<div class=\"wp-block-image\">\n<figure class=\"aligncenter size-large\"><img loading=\"lazy\" decoding=\"async\" width=\"500\" height=\"333\" src=\"https:\/\/www.soleufilho.com.br\/wp-content\/uploads\/2025\/03\/4-1-2-500x333.jpeg\" alt=\"\" class=\"wp-image-2430\" srcset=\"https:\/\/www.soleufilho.com.br\/wp-content\/uploads\/2025\/03\/4-1-2-500x333.jpeg 500w, https:\/\/www.soleufilho.com.br\/wp-content\/uploads\/2025\/03\/4-1-2-300x200.jpeg 300w, https:\/\/www.soleufilho.com.br\/wp-content\/uploads\/2025\/03\/4-1-2-768x511.jpeg 768w, https:\/\/www.soleufilho.com.br\/wp-content\/uploads\/2025\/03\/4-1-2.jpeg 1000w\" sizes=\"auto, (max-width: 500px) 100vw, 500px\" \/><figcaption class=\"wp-element-caption\">Lucas Eli de Oliveira, durante o jantar festivo de sua formatura em Administra\u00e7\u00e3o<br><\/figcaption><\/figure><\/div>\n\n<div class=\"wp-block-image\">\n<figure class=\"aligncenter size-large\"><img loading=\"lazy\" decoding=\"async\" width=\"500\" height=\"333\" src=\"https:\/\/www.soleufilho.com.br\/wp-content\/uploads\/2025\/03\/5-1-2-500x333.jpeg\" alt=\"\" class=\"wp-image-2431\" srcset=\"https:\/\/www.soleufilho.com.br\/wp-content\/uploads\/2025\/03\/5-1-2-500x333.jpeg 500w, https:\/\/www.soleufilho.com.br\/wp-content\/uploads\/2025\/03\/5-1-2-300x200.jpeg 300w, https:\/\/www.soleufilho.com.br\/wp-content\/uploads\/2025\/03\/5-1-2-768x511.jpeg 768w, https:\/\/www.soleufilho.com.br\/wp-content\/uploads\/2025\/03\/5-1-2.jpeg 1000w\" sizes=\"auto, (max-width: 500px) 100vw, 500px\" \/><figcaption class=\"wp-element-caption\">Luciana Eli de Oliveira, Carolina Eli de Oliveira, Lucas Eli de Oliveira e Hatila de Oliveira, prestigiando Lucas\u00a0<br><\/figcaption><\/figure><\/div>\n\n\n<h2 class=\"wp-block-heading\"><strong>Voz de Alessander<\/strong><\/h2>\n\n\n\n<p>Alessander Correa Xavier \u00e9 excelente cantor, com classifica\u00e7\u00e3o bar\u00edtono. Dono de excelente voz. Nessa imagem, o professor de Ci\u00eancias e Biologia da Rede P\u00fablica Estadual, recebe certificado, entregue\u00a0 pelo famoso maestro Joed Jeffer. Xavier foi participante nos belos concertos intitulados \u201cTempo\u201d, nos anos 2021, 2022 e 2023, com a classifica\u00e7\u00e3o vocal de \u201cBaixo\u201d, ou seja,\u00a0 onde destacam-se os tons mais graves e t\u00f4nicos de voz, portanto, merecidos aplausos ao jovem talento!<\/p>\n\n\n<div class=\"wp-block-image\">\n<figure class=\"aligncenter size-large\"><img loading=\"lazy\" decoding=\"async\" width=\"500\" height=\"375\" src=\"https:\/\/www.soleufilho.com.br\/wp-content\/uploads\/2025\/03\/1-1-2-500x375.jpeg\" alt=\"\" class=\"wp-image-2428\" srcset=\"https:\/\/www.soleufilho.com.br\/wp-content\/uploads\/2025\/03\/1-1-2-500x375.jpeg 500w, https:\/\/www.soleufilho.com.br\/wp-content\/uploads\/2025\/03\/1-1-2-300x225.jpeg 300w, https:\/\/www.soleufilho.com.br\/wp-content\/uploads\/2025\/03\/1-1-2-768x576.jpeg 768w, https:\/\/www.soleufilho.com.br\/wp-content\/uploads\/2025\/03\/1-1-2.jpeg 1000w\" sizes=\"auto, (max-width: 500px) 100vw, 500px\" \/><figcaption class=\"wp-element-caption\">Alessander Correa Xavier recebeu certificado, entregue\u00a0 pelo famoso maestro Joed Jeffer, pela sua classifica\u00e7\u00e3o vocal<br><\/figcaption><\/figure><\/div>\n\n\n<h2 class=\"wp-block-heading\"><strong>Sana Valle em Paris\u00a0<\/strong><\/h2>\n\n\n\n<p>Assessora de estilo, Sana Valle, marcou presen\u00e7a na semana de moda mais importante da Fran\u00e7a, segundo ela, especialmente para estudar e vivenciar a moda de perto!&nbsp;<\/p>\n\n\n\n<p>Sana nunca perde a oportunidade de se aprofundar cada vez mais no mundo da Imagem e do Estilo! A famosa assessora busca sempre aumentar seu conhecimento e aprimorar suas clientes, sempre com novas experi\u00eancias e tend\u00eancias! Ap\u00f3s Paris Sana seguiu em viagem, pela Europa. \u201cMeu destino final foi a It\u00e1lia, que admiro tanto!\u201d, diz.<\/p>\n\n\n<div class=\"wp-block-image\">\n<figure class=\"aligncenter size-large\"><img loading=\"lazy\" decoding=\"async\" width=\"282\" height=\"500\" src=\"https:\/\/www.soleufilho.com.br\/wp-content\/uploads\/2025\/03\/3-1-2-282x500.jpeg\" alt=\"\" class=\"wp-image-2435\" srcset=\"https:\/\/www.soleufilho.com.br\/wp-content\/uploads\/2025\/03\/3-1-2-282x500.jpeg 282w, https:\/\/www.soleufilho.com.br\/wp-content\/uploads\/2025\/03\/3-1-2-169x300.jpeg 169w, https:\/\/www.soleufilho.com.br\/wp-content\/uploads\/2025\/03\/3-1-2.jpeg 563w\" sizes=\"auto, (max-width: 282px) 100vw, 282px\" \/><figcaption class=\"wp-element-caption\">Sana Valle esteve na famosa Semana da Moda, em Paris<br><\/figcaption><\/figure><\/div>\n\n\n<h2 class=\"wp-block-heading\"><strong>Carnaval no Serrano foi sucesso!<\/strong><\/h2>\n\n\n\n<p>O famoso Carnaval dos Sete agitou o Serrano. O evento que aconteceu uma semana antes do caranaval,&nbsp; teve presen\u00e7a de jovens e animados casais. <em>Detalhe: <\/em>muitos deles se organizaram em divertidos blocos! Ano que vem tem mais\u2026<\/p>\n\n\n<div class=\"wp-block-image\">\n<figure class=\"aligncenter size-large\"><img loading=\"lazy\" decoding=\"async\" width=\"500\" height=\"333\" src=\"https:\/\/www.soleufilho.com.br\/wp-content\/uploads\/2025\/03\/6-1-2-500x333.jpeg\" alt=\"\" class=\"wp-image-2432\" srcset=\"https:\/\/www.soleufilho.com.br\/wp-content\/uploads\/2025\/03\/6-1-2-500x333.jpeg 500w, https:\/\/www.soleufilho.com.br\/wp-content\/uploads\/2025\/03\/6-1-2-300x200.jpeg 300w, https:\/\/www.soleufilho.com.br\/wp-content\/uploads\/2025\/03\/6-1-2-768x511.jpeg 768w, https:\/\/www.soleufilho.com.br\/wp-content\/uploads\/2025\/03\/6-1-2.jpeg 1000w\" sizes=\"auto, (max-width: 500px) 100vw, 500px\" \/><figcaption class=\"wp-element-caption\">Folia Nata foi um dos blocos mais animados no carnaval do Serrano!<br><\/figcaption><\/figure><\/div>\n\n<div class=\"wp-block-image\">\n<figure class=\"aligncenter size-large\"><img loading=\"lazy\" decoding=\"async\" width=\"500\" height=\"333\" src=\"https:\/\/www.soleufilho.com.br\/wp-content\/uploads\/2025\/03\/7-1-1-500x333.jpeg\" alt=\"\" class=\"wp-image-2433\" srcset=\"https:\/\/www.soleufilho.com.br\/wp-content\/uploads\/2025\/03\/7-1-1-500x333.jpeg 500w, https:\/\/www.soleufilho.com.br\/wp-content\/uploads\/2025\/03\/7-1-1-300x200.jpeg 300w, https:\/\/www.soleufilho.com.br\/wp-content\/uploads\/2025\/03\/7-1-1-768x511.jpeg 768w, https:\/\/www.soleufilho.com.br\/wp-content\/uploads\/2025\/03\/7-1-1.jpeg 1000w\" sizes=\"auto, (max-width: 500px) 100vw, 500px\" \/><figcaption class=\"wp-element-caption\">Os casais Benthien e Pipa, Jo\u00e3o e Carol, Alceu e M\u00e1rcia, Luiz Gustavo e Jamille, Istelio e Andrea\u00a0<br>Diego e Ana Paula, Leonardo e Maria Luiza comp\u00f5em o Carnaval dos Sete, que j\u00e1 \u00e9 tradi\u00e7\u00e3o no Serrano!<br><\/figcaption><\/figure><\/div>\n\n<div class=\"wp-block-image\">\n<figure class=\"aligncenter size-large\"><img loading=\"lazy\" decoding=\"async\" width=\"375\" height=\"500\" src=\"https:\/\/www.soleufilho.com.br\/wp-content\/uploads\/2025\/03\/8-1-375x500.jpeg\" alt=\"\" class=\"wp-image-2434\" srcset=\"https:\/\/www.soleufilho.com.br\/wp-content\/uploads\/2025\/03\/8-1-375x500.jpeg 375w, https:\/\/www.soleufilho.com.br\/wp-content\/uploads\/2025\/03\/8-1-225x300.jpeg 225w, https:\/\/www.soleufilho.com.br\/wp-content\/uploads\/2025\/03\/8-1.jpeg 750w\" sizes=\"auto, (max-width: 375px) 100vw, 375px\" \/><figcaption class=\"wp-element-caption\">Casal presidente do Serrano T\u00eanis Clube, os animados Liliane (Lilica) e Raineri Castagna J\u00fanior<br><\/figcaption><\/figure><\/div>\n\n\n<h2 class=\"wp-block-heading\">Mais<\/h2>\n\n\n<div class=\"wp-block-image\">\n<figure class=\"aligncenter size-large\"><img loading=\"lazy\" decoding=\"async\" width=\"500\" height=\"481\" src=\"https:\/\/www.soleufilho.com.br\/wp-content\/uploads\/2025\/03\/2-1-2-500x481.jpeg\" alt=\"\" class=\"wp-image-2429\" srcset=\"https:\/\/www.soleufilho.com.br\/wp-content\/uploads\/2025\/03\/2-1-2-500x481.jpeg 500w, https:\/\/www.soleufilho.com.br\/wp-content\/uploads\/2025\/03\/2-1-2-300x289.jpeg 300w, https:\/\/www.soleufilho.com.br\/wp-content\/uploads\/2025\/03\/2-1-2-768x739.jpeg 768w, https:\/\/www.soleufilho.com.br\/wp-content\/uploads\/2025\/03\/2-1-2.jpeg 1000w\" sizes=\"auto, (max-width: 500px) 100vw, 500px\" \/><figcaption class=\"wp-element-caption\">O CEO da Vin\u00edcola Fama Fabiano Muller e a jornalista Karla Cruz, com o promoter Fabiano Machado, de Florian\u00f3polis. Os tr\u00eas prestigiaram bonito almo\u00e7o harmonizado, na Vin\u00edcola Fama!<br><\/figcaption><\/figure><\/div>","protected":false},"excerpt":{"rendered":"<p>A noite de formatura de Lucas Eli de Oliveira, agora administrador, pela Uniplac, foi marcada por requinte e beleza. Para celebrar a conquista, seus pais Luciana Eli de Oliveira e Hatila de Oliveira, junto \u00e0 irm\u00e3 do formando Carolina Eli de Oliveira, recepcionaram amigos e familiares em bonito&nbsp; jantar, no Restaurante Bistr\u00f4. O destaque da &hellip; <a href=\"https:\/\/www.soleufilho.com.br\/?p=2436\" class=\"more-link\">Continue lendo <span class=\"screen-reader-text\">Jantar pela formatura de Lucas teve requinte e beleza!<\/span> <span class=\"meta-nav\">&rarr;<\/span><\/a><\/p>\n","protected":false},"author":1,"featured_media":0,"comment_status":"open","ping_status":"open","sticky":false,"template":"","format":"standard","meta":{"footnotes":""},"categories":[1],"tags":[],"class_list":["post-2436","post","type-post","status-publish","format-standard","hentry","category-uncategorized"],"_links":{"self":[{"href":"https:\/\/www.soleufilho.com.br\/index.php?rest_route=\/wp\/v2\/posts\/2436","targetHints":{"allow":["GET"]}}],"collection":[{"href":"https:\/\/www.soleufilho.com.br\/index.php?rest_route=\/wp\/v2\/posts"}],"about":[{"href":"https:\/\/www.soleufilho.com.br\/index.php?rest_route=\/wp\/v2\/types\/post"}],"author":[{"embeddable":true,"href":"https:\/\/www.soleufilho.com.br\/index.php?rest_route=\/wp\/v2\/users\/1"}],"replies":[{"embeddable":true,"href":"https:\/\/www.soleufilho.com.br\/index.php?rest_route=%2Fwp%2Fv2%2Fcomments&post=2436"}],"version-history":[{"count":1,"href":"https:\/\/www.soleufilho.com.br\/index.php?rest_route=\/wp\/v2\/posts\/2436\/revisions"}],"predecessor-version":[{"id":2437,"href":"https:\/\/www.soleufilho.com.br\/index.php?rest_route=\/wp\/v2\/posts\/2436\/revisions\/2437"}],"wp:attachment":[{"href":"https:\/\/www.soleufilho.com.br\/index.php?rest_route=%2Fwp%2Fv2%2Fmedia&parent=2436"}],"wp:term":[{"taxonomy":"category","embeddable":true,"href":"https:\/\/www.soleufilho.com.br\/index.php?rest_route=%2Fwp%2Fv2%2Fcategories&post=2436"},{"taxonomy":"post_tag","embeddable":true,"href":"https:\/\/www.soleufilho.com.br\/index.php?rest_route=%2Fwp%2Fv2%2Ftags&post=2436"}],"curies":[{"name":"wp","href":"https:\/\/api.w.org\/{rel}","templated":true}]}}