{"id":2566,"date":"2025-06-13T07:00:00","date_gmt":"2025-06-13T10:00:00","guid":{"rendered":"https:\/\/www.soleufilho.com.br\/?p=2566"},"modified":"2025-06-12T15:46:59","modified_gmt":"2025-06-12T18:46:59","slug":"beatriz-simao-com-a-filha-luciana-e-a-neta-isabela-marilda-e-o-medico-dr-rosado-estavam-entre-os-chiques-que-encontrei-durante-a-abertura-da-festa-do-pinhao","status":"publish","type":"post","link":"https:\/\/www.soleufilho.com.br\/?p=2566","title":{"rendered":"Beatriz Sim\u00e3o, com a filha Luciana e a neta Isabela, Marilda e o m\u00e9dico Dr. Rosado, estavam entre os chiques que encontrei, durante a abertura da Festa do Pinh\u00e3o!\u00a0"},"content":{"rendered":"\n<p>Beatriz Branco Sim\u00e3o, sempre presen\u00e7a bonita na tradicional sociedade lageana, filha dos saudosos Isolina de Castro Gamborgi Branco e Dr. Celso Branco, ao lado da filha Luciana e da neta Isabela Sim\u00e3o; Tive oportunidade em encontr\u00e1-las na abertura da Festa do Pinh\u00e3o.&nbsp;<\/p>\n\n\n\n<p>Luciana,&nbsp; ap\u00f3s 20 anos residindo em Florian\u00f3polis,&nbsp; retorna a Lages. \u201cFaz um ano que estou aqui, fazendo arte, artesanato e costuras art\u00edsticas, fa\u00e7o um trabalho lindo, com Rosane Pocai e a loja Wazz, de Vin\u00edcius Pelizzaro\u201d, diz Nana (assim Luciana \u00e9 chamada carinhosamente pelos amigos)\u201d.<\/p>\n\n\n\n<p>Fam\u00edlia linda e querida!<\/p>\n\n\n\n<p>Marilda e o m\u00e9dico Jo\u00e3o Meirelles Rosado, circulando na abertura da Festa do Pinh\u00e3o.&nbsp; O casal, ap\u00f3s passar boa temporada em Portugal,&nbsp; onde ele possui familiares,&nbsp; divide atualmente Lages com Balne\u00e1rio Cambori\u00fa. Dr. Rosado como \u00e9 carinhosamente conhecido, fez muito pela sociedade e comunidade locais. Como m\u00e9dico deixou sua marca de talento e dedica\u00e7\u00e3o. Na sociedade, foi presidente do Clube 14 de Junho, oportunidade em que fez excelente trabalho. Casal querido e sempre prestigiado!<\/p>\n\n\n<div class=\"wp-block-image\">\n<figure class=\"aligncenter size-large\"><img loading=\"lazy\" decoding=\"async\" width=\"500\" height=\"281\" src=\"https:\/\/www.soleufilho.com.br\/wp-content\/uploads\/2025\/06\/1-1-1-500x281.jpeg\" alt=\"\" class=\"wp-image-2565\" srcset=\"https:\/\/www.soleufilho.com.br\/wp-content\/uploads\/2025\/06\/1-1-1-500x281.jpeg 500w, https:\/\/www.soleufilho.com.br\/wp-content\/uploads\/2025\/06\/1-1-1-300x169.jpeg 300w, https:\/\/www.soleufilho.com.br\/wp-content\/uploads\/2025\/06\/1-1-1-768x432.jpeg 768w, https:\/\/www.soleufilho.com.br\/wp-content\/uploads\/2025\/06\/1-1-1.jpeg 1500w\" sizes=\"auto, (max-width: 500px) 100vw, 500px\" \/><figcaption class=\"wp-element-caption\">Beatriz Branco Sim\u00e3o, com a filha Luciana e a neta Isabela, na Festa do Pinh\u00e3o<br><\/figcaption><\/figure><\/div>\n\n<div class=\"wp-block-image\">\n<figure class=\"aligncenter size-large\"><img loading=\"lazy\" decoding=\"async\" width=\"500\" height=\"281\" src=\"https:\/\/www.soleufilho.com.br\/wp-content\/uploads\/2025\/06\/2-1-1-500x281.jpeg\" alt=\"\" class=\"wp-image-2564\" srcset=\"https:\/\/www.soleufilho.com.br\/wp-content\/uploads\/2025\/06\/2-1-1-500x281.jpeg 500w, https:\/\/www.soleufilho.com.br\/wp-content\/uploads\/2025\/06\/2-1-1-300x169.jpeg 300w, https:\/\/www.soleufilho.com.br\/wp-content\/uploads\/2025\/06\/2-1-1-768x432.jpeg 768w, https:\/\/www.soleufilho.com.br\/wp-content\/uploads\/2025\/06\/2-1-1.jpeg 1500w\" sizes=\"auto, (max-width: 500px) 100vw, 500px\" \/><figcaption class=\"wp-element-caption\">Marilda e o m\u00e9dico Joao Meirelles Rosado, na Festa do Pinh\u00e3o<br><\/figcaption><\/figure><\/div>\n\n\n<h2 class=\"wp-block-heading\"><strong>Dr. Leonardo Bernardes participou de congresso em S\u00e3o Paulo<\/strong><br><\/h2>\n\n\n\n<p>Dr. Leonardo Bernardes, conceituado m\u00e9dico neurologista e especialista em Lages, participou, recentemente, do Congresso Paulista de Neurologia, em Santos\/SP, como coautor de dois livros important\u00edssimos na \u00e1rea da Neurologia: Emerg\u00eancias em Neurologia (equipe da Santa Casa de S\u00e3o Paulo) e Tratado da Academia Brasileira de Neurologia (equipe\u00a0 de Neuro-Oncologia da EPM\/UNIFESP)! Aplausos Dr. Leonardo!<br><\/p>\n\n\n<div class=\"wp-block-image\">\n<figure class=\"aligncenter size-large\"><img loading=\"lazy\" decoding=\"async\" width=\"408\" height=\"500\" src=\"https:\/\/www.soleufilho.com.br\/wp-content\/uploads\/2025\/06\/6-408x500.jpg\" alt=\"\" class=\"wp-image-2561\" srcset=\"https:\/\/www.soleufilho.com.br\/wp-content\/uploads\/2025\/06\/6-408x500.jpg 408w, https:\/\/www.soleufilho.com.br\/wp-content\/uploads\/2025\/06\/6-245x300.jpg 245w, https:\/\/www.soleufilho.com.br\/wp-content\/uploads\/2025\/06\/6.jpg 720w\" sizes=\"auto, (max-width: 408px) 100vw, 408px\" \/><figcaption class=\"wp-element-caption\">Dr. Leonardo Bernardes participou, recentemente, do Congresso Paulista de Neurologia<br><\/figcaption><\/figure><\/div>\n\n<div class=\"wp-block-image\">\n<figure class=\"aligncenter size-large\"><img loading=\"lazy\" decoding=\"async\" width=\"382\" height=\"500\" src=\"https:\/\/www.soleufilho.com.br\/wp-content\/uploads\/2025\/06\/7-382x500.jpg\" alt=\"\" class=\"wp-image-2562\" srcset=\"https:\/\/www.soleufilho.com.br\/wp-content\/uploads\/2025\/06\/7-382x500.jpg 382w, https:\/\/www.soleufilho.com.br\/wp-content\/uploads\/2025\/06\/7-229x300.jpg 229w, https:\/\/www.soleufilho.com.br\/wp-content\/uploads\/2025\/06\/7.jpg 683w\" sizes=\"auto, (max-width: 382px) 100vw, 382px\" \/><figcaption class=\"wp-element-caption\">Dr. Leonardo Bernardes durante o congresso. Ele esteve no evento, como coautor de dois livros important\u00edssimos na \u00e1rea da Neurologia<br><\/figcaption><\/figure><\/div>\n\n\n<h2 class=\"wp-block-heading\">Clicks<\/h2>\n\n\n<div class=\"wp-block-image\">\n<figure class=\"aligncenter size-large\"><img loading=\"lazy\" decoding=\"async\" width=\"333\" height=\"500\" src=\"https:\/\/www.soleufilho.com.br\/wp-content\/uploads\/2025\/06\/3-1-1-333x500.jpeg\" alt=\"\" class=\"wp-image-2563\" srcset=\"https:\/\/www.soleufilho.com.br\/wp-content\/uploads\/2025\/06\/3-1-1-333x500.jpeg 333w, https:\/\/www.soleufilho.com.br\/wp-content\/uploads\/2025\/06\/3-1-1-200x300.jpeg 200w, https:\/\/www.soleufilho.com.br\/wp-content\/uploads\/2025\/06\/3-1-1-768x1153.jpeg 768w, https:\/\/www.soleufilho.com.br\/wp-content\/uploads\/2025\/06\/3-1-1-1023x1536.jpeg 1023w, https:\/\/www.soleufilho.com.br\/wp-content\/uploads\/2025\/06\/3-1-1.jpeg 1066w\" sizes=\"auto, (max-width: 333px) 100vw, 333px\" \/><figcaption class=\"wp-element-caption\">Neuza Mendes Marin, sempre elegante, trocou de idade em maio e pelo significado da data, nunca \u00e9 tarde para homenage\u00e1-la, portanto, os merecidos cumprimentos!\u00a0<br><\/figcaption><\/figure><\/div>\n\n<div class=\"wp-block-image\">\n<figure class=\"aligncenter size-large\"><img loading=\"lazy\" decoding=\"async\" width=\"281\" height=\"500\" src=\"https:\/\/www.soleufilho.com.br\/wp-content\/uploads\/2025\/06\/4-1-1-281x500.jpeg\" alt=\"\" class=\"wp-image-2567\" srcset=\"https:\/\/www.soleufilho.com.br\/wp-content\/uploads\/2025\/06\/4-1-1-281x500.jpeg 281w, https:\/\/www.soleufilho.com.br\/wp-content\/uploads\/2025\/06\/4-1-1-169x300.jpeg 169w, https:\/\/www.soleufilho.com.br\/wp-content\/uploads\/2025\/06\/4-1-1.jpeg 720w\" sizes=\"auto, (max-width: 281px) 100vw, 281px\" \/><figcaption class=\"wp-element-caption\">Ari Oliveira, Nestor Chiodelli e Em\u00edlio Brighenti deixaram S\u00e3o Joaquim, recentemente, especialmente para curtir alguns dias na Inglaterra. E foi em Liverpool que os amigos fizeram quest\u00e3o de reverenciar uma das melhores \u00e9pocas de suas vidas, a dos Beatles!&#8230;<br><\/figcaption><\/figure><\/div>\n\n<div class=\"wp-block-image\">\n<figure class=\"aligncenter size-large\"><img loading=\"lazy\" decoding=\"async\" width=\"394\" height=\"500\" src=\"https:\/\/www.soleufilho.com.br\/wp-content\/uploads\/2025\/06\/5-394x500.jpeg\" alt=\"\" class=\"wp-image-2560\" srcset=\"https:\/\/www.soleufilho.com.br\/wp-content\/uploads\/2025\/06\/5-394x500.jpeg 394w, https:\/\/www.soleufilho.com.br\/wp-content\/uploads\/2025\/06\/5-236x300.jpeg 236w, https:\/\/www.soleufilho.com.br\/wp-content\/uploads\/2025\/06\/5.jpeg 549w\" sizes=\"auto, (max-width: 394px) 100vw, 394px\" \/><figcaption class=\"wp-element-caption\">Bruna\u00a0 Vieira Nascimento trocou de idade dia seis. A empres\u00e1ria joaquinense\u00a0 comemorou a data com amigos e familiares\u00a0<br><\/figcaption><\/figure><\/div>","protected":false},"excerpt":{"rendered":"<p>Beatriz Branco Sim\u00e3o, sempre presen\u00e7a bonita na tradicional sociedade lageana, filha dos saudosos Isolina de Castro Gamborgi Branco e Dr. Celso Branco, ao lado da filha Luciana e da neta Isabela Sim\u00e3o; Tive oportunidade em encontr\u00e1-las na abertura da Festa do Pinh\u00e3o.&nbsp; Luciana,&nbsp; ap\u00f3s 20 anos residindo em Florian\u00f3polis,&nbsp; retorna a Lages. \u201cFaz um ano &hellip; <a href=\"https:\/\/www.soleufilho.com.br\/?p=2566\" class=\"more-link\">Continue lendo <span class=\"screen-reader-text\">Beatriz Sim\u00e3o, com a filha Luciana e a neta Isabela, Marilda e o m\u00e9dico Dr. Rosado, estavam entre os chiques que encontrei, durante a abertura da Festa do Pinh\u00e3o!\u00a0<\/span> <span class=\"meta-nav\">&rarr;<\/span><\/a><\/p>\n","protected":false},"author":1,"featured_media":0,"comment_status":"open","ping_status":"open","sticky":false,"template":"","format":"standard","meta":{"footnotes":""},"categories":[1],"tags":[],"class_list":["post-2566","post","type-post","status-publish","format-standard","hentry","category-uncategorized"],"_links":{"self":[{"href":"https:\/\/www.soleufilho.com.br\/index.php?rest_route=\/wp\/v2\/posts\/2566","targetHints":{"allow":["GET"]}}],"collection":[{"href":"https:\/\/www.soleufilho.com.br\/index.php?rest_route=\/wp\/v2\/posts"}],"about":[{"href":"https:\/\/www.soleufilho.com.br\/index.php?rest_route=\/wp\/v2\/types\/post"}],"author":[{"embeddable":true,"href":"https:\/\/www.soleufilho.com.br\/index.php?rest_route=\/wp\/v2\/users\/1"}],"replies":[{"embeddable":true,"href":"https:\/\/www.soleufilho.com.br\/index.php?rest_route=%2Fwp%2Fv2%2Fcomments&post=2566"}],"version-history":[{"count":1,"href":"https:\/\/www.soleufilho.com.br\/index.php?rest_route=\/wp\/v2\/posts\/2566\/revisions"}],"predecessor-version":[{"id":2568,"href":"https:\/\/www.soleufilho.com.br\/index.php?rest_route=\/wp\/v2\/posts\/2566\/revisions\/2568"}],"wp:attachment":[{"href":"https:\/\/www.soleufilho.com.br\/index.php?rest_route=%2Fwp%2Fv2%2Fmedia&parent=2566"}],"wp:term":[{"taxonomy":"category","embeddable":true,"href":"https:\/\/www.soleufilho.com.br\/index.php?rest_route=%2Fwp%2Fv2%2Fcategories&post=2566"},{"taxonomy":"post_tag","embeddable":true,"href":"https:\/\/www.soleufilho.com.br\/index.php?rest_route=%2Fwp%2Fv2%2Ftags&post=2566"}],"curies":[{"name":"wp","href":"https:\/\/api.w.org\/{rel}","templated":true}]}}