{"id":2575,"date":"2025-06-20T07:00:00","date_gmt":"2025-06-20T10:00:00","guid":{"rendered":"https:\/\/www.soleufilho.com.br\/?p=2575"},"modified":"2025-06-19T15:56:43","modified_gmt":"2025-06-19T18:56:43","slug":"casamento-de-laisa-e-gabriel-foi-repleto-de-beleza-e-emocao","status":"publish","type":"post","link":"https:\/\/www.soleufilho.com.br\/?p=2575","title":{"rendered":"Casamento de Laisa e Gabriel foi repleto de beleza e emo\u00e7\u00e3o!"},"content":{"rendered":"\n<p>Laisa Wislla Domingues e Gabriel Antunes Machado celebraram, s\u00e1bado (14.6) o amor deles, em noite memor\u00e1vel no Para\u00edso do Salto, em Lages. Ela \u00e9 filha de Andrea Domingues Ferreira e Roberto de Souza, ele, de Elisandra Antunes e Silvio Rodrigues Machado.<\/p>\n\n\n\n<p>&nbsp; Cercado por natureza exuberante e com estrutura impec\u00e1vel, o espa\u00e7o \u00e9 administrado com carinho por Iolanda e Mauro Wolfart. Cen\u00e1rio ideal, para um casamento repleto de beleza e emo\u00e7\u00e3o!<\/p>\n\n\n\n<p>A decora\u00e7\u00e3o, assinada por Marilu Maldaner, da Marilu Decora\u00e7\u00e3o e Eventos, encantou os convidados ao unir com maestria elementos cl\u00e1ssicos e modernos.&nbsp;<\/p>\n\n\n\n<p>Um dos destaques da noite foi a mesa de doces, delicadamente envolta por borboletas e flores de led, que trouxeram toque de magia ao ambiente. Casti\u00e7ais de cristal completaram a composi\u00e7\u00e3o, com ares de eleg\u00e2ncia e sofistica\u00e7\u00e3o.<\/p>\n\n\n\n<p>John Alves registrou cada instante com seu olhar sens\u00edvel e art\u00edstico, enquanto Roger Alves Filmagens eternizou, com excel\u00eancia, cada detalhe desse momento \u00fanico.<\/p>\n\n\n\n<p>Foi celebra\u00e7\u00e3o \u00e0 altura do amor de Laisa e Gabriel, intensa, luminosa e inesquec\u00edvel.&nbsp;<\/p>\n\n\n\n<p>Que a nova jornada do casal seja t\u00e3o bela, quanto a noite em que disseram \u201csim\u201d!&nbsp;<\/p>\n\n\n<div class=\"wp-block-image\">\n<figure class=\"aligncenter size-large\"><img loading=\"lazy\" decoding=\"async\" width=\"500\" height=\"334\" src=\"https:\/\/www.soleufilho.com.br\/wp-content\/uploads\/2025\/06\/1-1-2-500x334.jpeg\" alt=\"\" class=\"wp-image-2573\" srcset=\"https:\/\/www.soleufilho.com.br\/wp-content\/uploads\/2025\/06\/1-1-2-500x334.jpeg 500w, https:\/\/www.soleufilho.com.br\/wp-content\/uploads\/2025\/06\/1-1-2-300x200.jpeg 300w, https:\/\/www.soleufilho.com.br\/wp-content\/uploads\/2025\/06\/1-1-2-768x513.jpeg 768w, https:\/\/www.soleufilho.com.br\/wp-content\/uploads\/2025\/06\/1-1-2.jpeg 1500w\" sizes=\"auto, (max-width: 500px) 100vw, 500px\" \/><figcaption class=\"wp-element-caption\">Laisa Wislla Domingues e Gabriel Antunes Machado durante o bonito casamento deles, no Para\u00edso do Salto<br><\/figcaption><\/figure><\/div>\n\n<div class=\"wp-block-image\">\n<figure class=\"aligncenter size-large\"><img loading=\"lazy\" decoding=\"async\" width=\"346\" height=\"500\" src=\"https:\/\/www.soleufilho.com.br\/wp-content\/uploads\/2025\/06\/2-1-2-346x500.jpeg\" alt=\"\" class=\"wp-image-2574\" srcset=\"https:\/\/www.soleufilho.com.br\/wp-content\/uploads\/2025\/06\/2-1-2-346x500.jpeg 346w, https:\/\/www.soleufilho.com.br\/wp-content\/uploads\/2025\/06\/2-1-2-207x300.jpeg 207w, https:\/\/www.soleufilho.com.br\/wp-content\/uploads\/2025\/06\/2-1-2-768x1111.jpeg 768w, https:\/\/www.soleufilho.com.br\/wp-content\/uploads\/2025\/06\/2-1-2.jpeg 1056w\" sizes=\"auto, (max-width: 346px) 100vw, 346px\" \/><figcaption class=\"wp-element-caption\">A noiva Laisa Wislla Domingues, pela lente de John Alves<br><\/figcaption><\/figure><\/div>\n\n\n<h2 class=\"wp-block-heading\"><strong>Noite dos namorados no Serrano<\/strong><\/h2>\n\n\n\n<p>Na \u00faltima quinta, dia 12, o Serrano T\u00eanis Clube foi palco de uma inesquec\u00edvel noite de Dia dos Namorados.&nbsp;<\/p>\n\n\n\n<p>O sal\u00e3o grande ganhou charme e sofistica\u00e7\u00e3o, com decora\u00e7\u00e3o moderna e rom\u00e2ntica, assinada por Marilu Maldaner, da Marilu Decora\u00e7\u00e3o e Eventos, encantando os casais presentes.&nbsp;<\/p>\n\n\n\n<p>A trilha sonora ficou por conta dos talentosos Juliano Machado e Rodrigo Stanck, que embalaram a noite!<\/p>\n\n\n\n<p>&nbsp;O requintado jantar, \u00e0 francesa, foi servido pelo Caf\u00e9 com Menta, coroando a experi\u00eancia com sabores memor\u00e1veis.&nbsp;<\/p>\n\n\n\n<p>Os registros de imagens dessa noite especial, foi realizado pelo fot\u00f3grafo Gugu Garcia, que eternizou sorrisos, brindes e olhares apaixonados! Foi um verdadeiro encontro com o amor e, diga-se, em grande estilo!<\/p>\n\n\n<div class=\"wp-block-image\">\n<figure class=\"aligncenter size-large\"><img loading=\"lazy\" decoding=\"async\" width=\"500\" height=\"333\" src=\"https:\/\/www.soleufilho.com.br\/wp-content\/uploads\/2025\/06\/3-1-2-500x333.jpeg\" alt=\"\" class=\"wp-image-2570\" srcset=\"https:\/\/www.soleufilho.com.br\/wp-content\/uploads\/2025\/06\/3-1-2-500x333.jpeg 500w, https:\/\/www.soleufilho.com.br\/wp-content\/uploads\/2025\/06\/3-1-2-300x200.jpeg 300w, https:\/\/www.soleufilho.com.br\/wp-content\/uploads\/2025\/06\/3-1-2-768x512.jpeg 768w, https:\/\/www.soleufilho.com.br\/wp-content\/uploads\/2025\/06\/3-1-2.jpeg 1500w\" sizes=\"auto, (max-width: 500px) 100vw, 500px\" \/><figcaption class=\"wp-element-caption\">Casal presidente, Liliane Rossi Castagna e Raineri Castagna J\u00fanior<br><\/figcaption><\/figure><\/div>\n\n<div class=\"wp-block-image\">\n<figure class=\"aligncenter size-large\"><img loading=\"lazy\" decoding=\"async\" width=\"500\" height=\"333\" src=\"https:\/\/www.soleufilho.com.br\/wp-content\/uploads\/2025\/06\/4-1-2-500x333.jpeg\" alt=\"\" class=\"wp-image-2571\" srcset=\"https:\/\/www.soleufilho.com.br\/wp-content\/uploads\/2025\/06\/4-1-2-500x333.jpeg 500w, https:\/\/www.soleufilho.com.br\/wp-content\/uploads\/2025\/06\/4-1-2-300x200.jpeg 300w, https:\/\/www.soleufilho.com.br\/wp-content\/uploads\/2025\/06\/4-1-2-768x512.jpeg 768w, https:\/\/www.soleufilho.com.br\/wp-content\/uploads\/2025\/06\/4-1-2.jpeg 1280w\" sizes=\"auto, (max-width: 500px) 100vw, 500px\" \/><figcaption class=\"wp-element-caption\">Kelli e Fabr\u00edcio Nunes<br><\/figcaption><\/figure><\/div>\n\n<div class=\"wp-block-image\">\n<figure class=\"aligncenter size-large\"><img loading=\"lazy\" decoding=\"async\" width=\"500\" height=\"333\" src=\"https:\/\/www.soleufilho.com.br\/wp-content\/uploads\/2025\/06\/5-1-1-500x333.jpeg\" alt=\"\" class=\"wp-image-2569\" srcset=\"https:\/\/www.soleufilho.com.br\/wp-content\/uploads\/2025\/06\/5-1-1-500x333.jpeg 500w, https:\/\/www.soleufilho.com.br\/wp-content\/uploads\/2025\/06\/5-1-1-300x200.jpeg 300w, https:\/\/www.soleufilho.com.br\/wp-content\/uploads\/2025\/06\/5-1-1-768x512.jpeg 768w, https:\/\/www.soleufilho.com.br\/wp-content\/uploads\/2025\/06\/5-1-1.jpeg 1280w\" sizes=\"auto, (max-width: 500px) 100vw, 500px\" \/><figcaption class=\"wp-element-caption\">Ester\u00a0 e Marcelo Schlischting<br><\/figcaption><\/figure><\/div>\n\n<div class=\"wp-block-image\">\n<figure class=\"aligncenter size-large\"><img loading=\"lazy\" decoding=\"async\" width=\"500\" height=\"333\" src=\"https:\/\/www.soleufilho.com.br\/wp-content\/uploads\/2025\/06\/6-1-1-500x333.jpeg\" alt=\"\" class=\"wp-image-2572\" srcset=\"https:\/\/www.soleufilho.com.br\/wp-content\/uploads\/2025\/06\/6-1-1-500x333.jpeg 500w, https:\/\/www.soleufilho.com.br\/wp-content\/uploads\/2025\/06\/6-1-1-300x200.jpeg 300w, https:\/\/www.soleufilho.com.br\/wp-content\/uploads\/2025\/06\/6-1-1-768x511.jpeg 768w, https:\/\/www.soleufilho.com.br\/wp-content\/uploads\/2025\/06\/6-1-1.jpeg 1500w\" sizes=\"auto, (max-width: 500px) 100vw, 500px\" \/><figcaption class=\"wp-element-caption\">Larissa Brizola Yared e Alfredo Nogueira dos Santos<br><\/figcaption><\/figure><\/div>","protected":false},"excerpt":{"rendered":"<p>Laisa Wislla Domingues e Gabriel Antunes Machado celebraram, s\u00e1bado (14.6) o amor deles, em noite memor\u00e1vel no Para\u00edso do Salto, em Lages. Ela \u00e9 filha de Andrea Domingues Ferreira e Roberto de Souza, ele, de Elisandra Antunes e Silvio Rodrigues Machado. &nbsp; Cercado por natureza exuberante e com estrutura impec\u00e1vel, o espa\u00e7o \u00e9 administrado com &hellip; <a href=\"https:\/\/www.soleufilho.com.br\/?p=2575\" class=\"more-link\">Continue lendo <span class=\"screen-reader-text\">Casamento de Laisa e Gabriel foi repleto de beleza e emo\u00e7\u00e3o!<\/span> <span class=\"meta-nav\">&rarr;<\/span><\/a><\/p>\n","protected":false},"author":1,"featured_media":0,"comment_status":"open","ping_status":"open","sticky":false,"template":"","format":"standard","meta":{"footnotes":""},"categories":[1],"tags":[],"class_list":["post-2575","post","type-post","status-publish","format-standard","hentry","category-uncategorized"],"_links":{"self":[{"href":"https:\/\/www.soleufilho.com.br\/index.php?rest_route=\/wp\/v2\/posts\/2575","targetHints":{"allow":["GET"]}}],"collection":[{"href":"https:\/\/www.soleufilho.com.br\/index.php?rest_route=\/wp\/v2\/posts"}],"about":[{"href":"https:\/\/www.soleufilho.com.br\/index.php?rest_route=\/wp\/v2\/types\/post"}],"author":[{"embeddable":true,"href":"https:\/\/www.soleufilho.com.br\/index.php?rest_route=\/wp\/v2\/users\/1"}],"replies":[{"embeddable":true,"href":"https:\/\/www.soleufilho.com.br\/index.php?rest_route=%2Fwp%2Fv2%2Fcomments&post=2575"}],"version-history":[{"count":1,"href":"https:\/\/www.soleufilho.com.br\/index.php?rest_route=\/wp\/v2\/posts\/2575\/revisions"}],"predecessor-version":[{"id":2576,"href":"https:\/\/www.soleufilho.com.br\/index.php?rest_route=\/wp\/v2\/posts\/2575\/revisions\/2576"}],"wp:attachment":[{"href":"https:\/\/www.soleufilho.com.br\/index.php?rest_route=%2Fwp%2Fv2%2Fmedia&parent=2575"}],"wp:term":[{"taxonomy":"category","embeddable":true,"href":"https:\/\/www.soleufilho.com.br\/index.php?rest_route=%2Fwp%2Fv2%2Fcategories&post=2575"},{"taxonomy":"post_tag","embeddable":true,"href":"https:\/\/www.soleufilho.com.br\/index.php?rest_route=%2Fwp%2Fv2%2Ftags&post=2575"}],"curies":[{"name":"wp","href":"https:\/\/api.w.org\/{rel}","templated":true}]}}