{"id":2586,"date":"2025-06-27T07:00:00","date_gmt":"2025-06-27T10:00:00","guid":{"rendered":"https:\/\/www.soleufilho.com.br\/?p=2586"},"modified":"2025-06-29T20:21:30","modified_gmt":"2025-06-29T23:21:30","slug":"pixurum-gaucho-no-serrano-foi-um-marco-para-a-cultura-regional","status":"publish","type":"post","link":"https:\/\/www.soleufilho.com.br\/?p=2586","title":{"rendered":"Pixurum Ga\u00facho, no Serrano, foi um marco para a cultura regional!"},"content":{"rendered":"\n<p>Nos dias 13, 14 e 15 de junho, o Serrano T\u00eanis Clube, em Lages (SC), foi palco de um dos maiores encontros da m\u00fasica do Sul do Brasil: o Pixurum Ga\u00facho \u2013 Festival Musical. O evento reuniu um p\u00fablico de mais de mil pessoas, vindas de mais de 50 cidades dos tr\u00eas estados do Sul \u2014 Santa Catarina, Rio Grande do Sul e Paran\u00e1.<\/p>\n\n\n\n<p>Foram tr\u00eas noites de celebra\u00e7\u00e3o da cultura, da m\u00fasica e da tradi\u00e7\u00e3o, com a participa\u00e7\u00e3o de mais de 40 m\u00fasicos. Subiram ao palco grandes nomes da m\u00fasica regional, incluindo artistas consagrados e campe\u00f5es da Sapecada da Can\u00e7\u00e3o Nativa e da Serra Catarinense.<\/p>\n\n\n\n<p>O festival tamb\u00e9m foi marcado pela presen\u00e7a e representatividade feminina, tanto no palco, quanto na apresenta\u00e7\u00e3o. Mulheres talentosas, fortes e protagonistas fizeram do Pixurum um espa\u00e7o de diversidade, voz e resist\u00eancia cultural.<\/p>\n\n\n\n<p>Mais que um evento, o Pixurum Ga\u00facho foi um marco para a cultura regional, promovendo a integra\u00e7\u00e3o dos m\u00fasicos, o fortalecimento das ra\u00edzes e o reconhecimento da riqueza musical dos povos do Sul.<\/p>\n\n\n<div class=\"wp-block-image\">\n<figure class=\"aligncenter size-large\"><img loading=\"lazy\" decoding=\"async\" width=\"500\" height=\"375\" src=\"https:\/\/www.soleufilho.com.br\/wp-content\/uploads\/2025\/06\/1-1-3-500x375.jpeg\" alt=\"\" class=\"wp-image-2581\" srcset=\"https:\/\/www.soleufilho.com.br\/wp-content\/uploads\/2025\/06\/1-1-3-500x375.jpeg 500w, https:\/\/www.soleufilho.com.br\/wp-content\/uploads\/2025\/06\/1-1-3-300x225.jpeg 300w, https:\/\/www.soleufilho.com.br\/wp-content\/uploads\/2025\/06\/1-1-3-768x577.jpeg 768w, https:\/\/www.soleufilho.com.br\/wp-content\/uploads\/2025\/06\/1-1-3.jpeg 1332w\" sizes=\"auto, (max-width: 500px) 100vw, 500px\" \/><figcaption class=\"wp-element-caption\">Raineri Castagna J\u00fanior, Aldo Martins Neto e Liliane Rossi Castagna, no Pixurum Ga\u00facho, realizado nos dias 13, 14 e 15 de junho no Serrano T\u00eanis Clube<br><\/figcaption><\/figure><\/div>\n\n<div class=\"wp-block-image\">\n<figure class=\"aligncenter size-large\"><img loading=\"lazy\" decoding=\"async\" width=\"500\" height=\"375\" src=\"https:\/\/www.soleufilho.com.br\/wp-content\/uploads\/2025\/06\/2-1-500x375.jpg\" alt=\"\" class=\"wp-image-2585\" srcset=\"https:\/\/www.soleufilho.com.br\/wp-content\/uploads\/2025\/06\/2-1-500x375.jpg 500w, https:\/\/www.soleufilho.com.br\/wp-content\/uploads\/2025\/06\/2-1-300x225.jpg 300w, https:\/\/www.soleufilho.com.br\/wp-content\/uploads\/2025\/06\/2-1-768x576.jpg 768w, https:\/\/www.soleufilho.com.br\/wp-content\/uploads\/2025\/06\/2-1.jpg 1350w\" sizes=\"auto, (max-width: 500px) 100vw, 500px\" \/><figcaption class=\"wp-element-caption\">Aldo Ramos Martins Neto e o filho Jo\u00e3o Francisco Costa Martins<br><\/figcaption><\/figure><\/div>\n\n<div class=\"wp-block-image\">\n<figure class=\"aligncenter size-large\"><img loading=\"lazy\" decoding=\"async\" width=\"500\" height=\"375\" src=\"https:\/\/www.soleufilho.com.br\/wp-content\/uploads\/2025\/06\/3-1-3-500x375.jpeg\" alt=\"\" class=\"wp-image-2580\" srcset=\"https:\/\/www.soleufilho.com.br\/wp-content\/uploads\/2025\/06\/3-1-3-500x375.jpeg 500w, https:\/\/www.soleufilho.com.br\/wp-content\/uploads\/2025\/06\/3-1-3-300x225.jpeg 300w, https:\/\/www.soleufilho.com.br\/wp-content\/uploads\/2025\/06\/3-1-3-768x576.jpeg 768w, https:\/\/www.soleufilho.com.br\/wp-content\/uploads\/2025\/06\/3-1-3.jpeg 1230w\" sizes=\"auto, (max-width: 500px) 100vw, 500px\" \/><figcaption class=\"wp-element-caption\">Ester e Marcelo Schlischting<br><\/figcaption><\/figure><\/div>\n\n\n<h2 class=\"wp-block-heading\">Clicks<\/h2>\n\n\n<div class=\"wp-block-image\">\n<figure class=\"aligncenter size-large\"><img loading=\"lazy\" decoding=\"async\" width=\"500\" height=\"375\" src=\"https:\/\/www.soleufilho.com.br\/wp-content\/uploads\/2025\/06\/5-1-2-500x375.jpeg\" alt=\"\" class=\"wp-image-2584\" srcset=\"https:\/\/www.soleufilho.com.br\/wp-content\/uploads\/2025\/06\/5-1-2-500x375.jpeg 500w, https:\/\/www.soleufilho.com.br\/wp-content\/uploads\/2025\/06\/5-1-2-300x225.jpeg 300w, https:\/\/www.soleufilho.com.br\/wp-content\/uploads\/2025\/06\/5-1-2-768x576.jpeg 768w, https:\/\/www.soleufilho.com.br\/wp-content\/uploads\/2025\/06\/5-1-2.jpeg 1500w\" sizes=\"auto, (max-width: 500px) 100vw, 500px\" \/><figcaption class=\"wp-element-caption\">Fernando Henrique Maldaner Ghiorzi Cruz, Olivia Cristina Amancio Ghiorzi, Marilu Maldaner, Ivan Ant\u00f4nio Bertoncine Cascais (Guardi\u00e3o da Serra, propriet\u00e1rio do Rio do Rastro Eco Resort) e Pedro Henrique Maldaner Ghiorzi<br>&nbsp;<br><\/figcaption><\/figure><\/div>\n\n<div class=\"wp-block-image\">\n<figure class=\"aligncenter size-large\"><img loading=\"lazy\" decoding=\"async\" width=\"500\" height=\"333\" src=\"https:\/\/www.soleufilho.com.br\/wp-content\/uploads\/2025\/06\/6-1-2-500x333.jpeg\" alt=\"\" class=\"wp-image-2582\" srcset=\"https:\/\/www.soleufilho.com.br\/wp-content\/uploads\/2025\/06\/6-1-2-500x333.jpeg 500w, https:\/\/www.soleufilho.com.br\/wp-content\/uploads\/2025\/06\/6-1-2-300x200.jpeg 300w, https:\/\/www.soleufilho.com.br\/wp-content\/uploads\/2025\/06\/6-1-2-768x511.jpeg 768w, https:\/\/www.soleufilho.com.br\/wp-content\/uploads\/2025\/06\/6-1-2.jpeg 1500w\" sizes=\"auto, (max-width: 500px) 100vw, 500px\" \/><figcaption class=\"wp-element-caption\">Pedro Henrique Maldaner Ghiorzi, Crisda Cristina Amancio Ghiorzi, Olivia Cristina Amancio Ghiorzi, Fernando Henrique Maldaner Ghiorzi de Arruda e Marilu Maldaner<br><\/figcaption><\/figure><\/div>\n\n<div class=\"wp-block-image\">\n<figure class=\"aligncenter size-large\"><img loading=\"lazy\" decoding=\"async\" width=\"500\" height=\"333\" src=\"https:\/\/www.soleufilho.com.br\/wp-content\/uploads\/2025\/06\/8-1-1-500x333.jpeg\" alt=\"\" class=\"wp-image-2579\" srcset=\"https:\/\/www.soleufilho.com.br\/wp-content\/uploads\/2025\/06\/8-1-1-500x333.jpeg 500w, https:\/\/www.soleufilho.com.br\/wp-content\/uploads\/2025\/06\/8-1-1-300x200.jpeg 300w, https:\/\/www.soleufilho.com.br\/wp-content\/uploads\/2025\/06\/8-1-1-768x512.jpeg 768w, https:\/\/www.soleufilho.com.br\/wp-content\/uploads\/2025\/06\/8-1-1.jpeg 1280w\" sizes=\"auto, (max-width: 500px) 100vw, 500px\" \/><figcaption class=\"wp-element-caption\">A diretora social do Serrano T\u00eanis Cube, Mitieli F\u00e1vero, Fernanda Martins Zaiats<br>e Ros\u00e2ngela Zen Duarte, durante evento social no clube<br><\/figcaption><\/figure><\/div>\n\n\n<h2 class=\"wp-block-heading\"><strong>Treinos eficientes<\/strong><\/h2>\n\n\n\n<p>Os empres\u00e1rios Laimar Pedroso e Ge\u00f3rgia Schifer est\u00e3o expandindo os neg\u00f3cios. Eles s\u00e3o propriet\u00e1rios de uma academia em Otac\u00edlio Costa e, agora, adquiriram a PH.D Sports, em Lages, prometendo melhorar ainda mais o espa\u00e7o e o atendimento da academia. \u201cNosso prop\u00f3sito \u00e9 oferecer uma experi\u00eancia ainda mais completa, com qualidade no atendimento, ambiente acolhedor, treinos eficientes e um time preparado para te acompanhar em cada conquista\u201d, afirmaram.<\/p>\n\n\n\n<p>Al\u00e9m de excelentes aparelhos para muscula\u00e7\u00e3o, A PH.D Sports oferece aulas de dan\u00e7a, funcional e pilates.<br><\/p>\n\n\n<div class=\"wp-block-image\">\n<figure class=\"aligncenter size-large\"><img loading=\"lazy\" decoding=\"async\" width=\"500\" height=\"375\" src=\"https:\/\/www.soleufilho.com.br\/wp-content\/uploads\/2025\/06\/7-1-1-500x375.jpeg\" alt=\"\" class=\"wp-image-2583\" srcset=\"https:\/\/www.soleufilho.com.br\/wp-content\/uploads\/2025\/06\/7-1-1-500x375.jpeg 500w, https:\/\/www.soleufilho.com.br\/wp-content\/uploads\/2025\/06\/7-1-1-300x225.jpeg 300w, https:\/\/www.soleufilho.com.br\/wp-content\/uploads\/2025\/06\/7-1-1-768x576.jpeg 768w, https:\/\/www.soleufilho.com.br\/wp-content\/uploads\/2025\/06\/7-1-1.jpeg 1500w\" sizes=\"auto, (max-width: 500px) 100vw, 500px\" \/><figcaption class=\"wp-element-caption\">Os empres\u00e1rios Laimar Pedroso e Ge\u00f3rgia Schifer est\u00e3o expandindo os neg\u00f3cios<br><\/figcaption><\/figure><\/div>\n\n\n<h2 class=\"wp-block-heading\">Guilherme Leal deixa saudades<\/h2>\n\n\n\n<p>Guilherme Paulo Leal faleceu no dia 16 de maio, deixando os filhos Alexandre, Guilherme, Juliana e Maur\u00edcio. No domingo (22), a fam\u00edlia se reuniu mais uma vez para a Missa de S\u00e9timo Dia, realizada na Catedral de Lages. Tio Guilas, como era carinhosamente chamado, agora, volta a se reencontrar com a esposa Mary, que partiu h\u00e1 pouco mais de um ano.&nbsp; Nossos sentimentos \u00e0 fam\u00edlia e ora\u00e7\u00f5es a este casal que esteve muito presente na sociedade de Lages!<\/p>\n\n\n<div class=\"wp-block-image\">\n<figure class=\"aligncenter size-large\"><img loading=\"lazy\" decoding=\"async\" width=\"375\" height=\"500\" src=\"https:\/\/www.soleufilho.com.br\/wp-content\/uploads\/2025\/06\/4-1-3-375x500.jpeg\" alt=\"\" class=\"wp-image-2578\" srcset=\"https:\/\/www.soleufilho.com.br\/wp-content\/uploads\/2025\/06\/4-1-3-375x500.jpeg 375w, https:\/\/www.soleufilho.com.br\/wp-content\/uploads\/2025\/06\/4-1-3-225x300.jpeg 225w, https:\/\/www.soleufilho.com.br\/wp-content\/uploads\/2025\/06\/4-1-3-768x1024.jpeg 768w, https:\/\/www.soleufilho.com.br\/wp-content\/uploads\/2025\/06\/4-1-3.jpeg 960w\" sizes=\"auto, (max-width: 375px) 100vw, 375px\" \/><figcaption class=\"wp-element-caption\">Os saudosos Guilherme Leal e Mary<br><\/figcaption><\/figure><\/div>\n\n\n<p><\/p>\n","protected":false},"excerpt":{"rendered":"<p>Nos dias 13, 14 e 15 de junho, o Serrano T\u00eanis Clube, em Lages (SC), foi palco de um dos maiores encontros da m\u00fasica do Sul do Brasil: o Pixurum Ga\u00facho \u2013 Festival Musical. O evento reuniu um p\u00fablico de mais de mil pessoas, vindas de mais de 50 cidades dos tr\u00eas estados do Sul &hellip; <a href=\"https:\/\/www.soleufilho.com.br\/?p=2586\" class=\"more-link\">Continue lendo <span class=\"screen-reader-text\">Pixurum Ga\u00facho, no Serrano, foi um marco para a cultura regional!<\/span> <span class=\"meta-nav\">&rarr;<\/span><\/a><\/p>\n","protected":false},"author":1,"featured_media":0,"comment_status":"open","ping_status":"open","sticky":false,"template":"","format":"standard","meta":{"footnotes":""},"categories":[1],"tags":[],"class_list":["post-2586","post","type-post","status-publish","format-standard","hentry","category-uncategorized"],"_links":{"self":[{"href":"https:\/\/www.soleufilho.com.br\/index.php?rest_route=\/wp\/v2\/posts\/2586","targetHints":{"allow":["GET"]}}],"collection":[{"href":"https:\/\/www.soleufilho.com.br\/index.php?rest_route=\/wp\/v2\/posts"}],"about":[{"href":"https:\/\/www.soleufilho.com.br\/index.php?rest_route=\/wp\/v2\/types\/post"}],"author":[{"embeddable":true,"href":"https:\/\/www.soleufilho.com.br\/index.php?rest_route=\/wp\/v2\/users\/1"}],"replies":[{"embeddable":true,"href":"https:\/\/www.soleufilho.com.br\/index.php?rest_route=%2Fwp%2Fv2%2Fcomments&post=2586"}],"version-history":[{"count":2,"href":"https:\/\/www.soleufilho.com.br\/index.php?rest_route=\/wp\/v2\/posts\/2586\/revisions"}],"predecessor-version":[{"id":2588,"href":"https:\/\/www.soleufilho.com.br\/index.php?rest_route=\/wp\/v2\/posts\/2586\/revisions\/2588"}],"wp:attachment":[{"href":"https:\/\/www.soleufilho.com.br\/index.php?rest_route=%2Fwp%2Fv2%2Fmedia&parent=2586"}],"wp:term":[{"taxonomy":"category","embeddable":true,"href":"https:\/\/www.soleufilho.com.br\/index.php?rest_route=%2Fwp%2Fv2%2Fcategories&post=2586"},{"taxonomy":"post_tag","embeddable":true,"href":"https:\/\/www.soleufilho.com.br\/index.php?rest_route=%2Fwp%2Fv2%2Ftags&post=2586"}],"curies":[{"name":"wp","href":"https:\/\/api.w.org\/{rel}","templated":true}]}}