{"id":2599,"date":"2025-07-04T07:00:00","date_gmt":"2025-07-04T10:00:00","guid":{"rendered":"https:\/\/www.soleufilho.com.br\/?p=2599"},"modified":"2025-07-03T15:13:42","modified_gmt":"2025-07-03T18:13:42","slug":"livro-inspira-educadores-a-seguir-firmes-em-sua-missao","status":"publish","type":"post","link":"https:\/\/www.soleufilho.com.br\/?p=2599","title":{"rendered":"Livro inspira educadores a seguir firmes em sua miss\u00e3o!"},"content":{"rendered":"\n<p>Na \u00faltima semana,&nbsp; foi lan\u00e7ado oficialmente&nbsp; o livro &#8220;Resili\u00eancia&nbsp; na Educa\u00e7\u00e3o&#8221;, uma obra escrita em coautoria por educadores,&nbsp; especialistas e pesquisadores da \u00e1rea&nbsp; educacional.&nbsp;&nbsp;<\/p>\n\n\n\n<p>A referida obra aborda, de forma sens\u00edvel,&nbsp; os desafios enfrentados por professores,&nbsp; gestores e alunos em um contexto educacional, marcado por mudan\u00e7as&nbsp; constantes,&nbsp; crises sociais e transforma\u00e7\u00f5es tecnol\u00f3gicas.<\/p>\n\n\n\n<p>\u201cMais do que&nbsp; um conceito,&nbsp; resili\u00eancia \u00e9&nbsp; uma pr\u00e1tica&nbsp; cotidiana que envolve empatia, escuta, adapta\u00e7\u00e3o e prop\u00f3sito.&nbsp; Nosso objetivo com este livro \u00e9&nbsp; inspirar educadores a seguir firmes em sua miss\u00e3o&nbsp; transformadora, mesmo diante das adversidades\u201d, afirma uma das autoras,&nbsp; Neusi Neves.<\/p>\n\n\n<div class=\"wp-block-image\">\n<figure class=\"aligncenter size-large\"><img loading=\"lazy\" decoding=\"async\" width=\"400\" height=\"500\" src=\"https:\/\/www.soleufilho.com.br\/wp-content\/uploads\/2025\/07\/8-1-400x500.jpeg\" alt=\"\" class=\"wp-image-2592\" srcset=\"https:\/\/www.soleufilho.com.br\/wp-content\/uploads\/2025\/07\/8-1-400x500.jpeg 400w, https:\/\/www.soleufilho.com.br\/wp-content\/uploads\/2025\/07\/8-1-240x300.jpeg 240w, https:\/\/www.soleufilho.com.br\/wp-content\/uploads\/2025\/07\/8-1-768x960.jpeg 768w, https:\/\/www.soleufilho.com.br\/wp-content\/uploads\/2025\/07\/8-1.jpeg 1080w\" sizes=\"auto, (max-width: 400px) 100vw, 400px\" \/><figcaption class=\"wp-element-caption\">Livro &#8220;Resili\u00eancia\u00a0 na Educa\u00e7\u00e3o&#8221; \u00e9 uma obra escrita em coautoria por educadores,\u00a0 especialistas e pesquisadores da \u00e1rea\u00a0 educacional, dentre eles, a educadora Neusi Neves\u00a0\u00a0<br><\/figcaption><\/figure><\/div>\n\n\n<h2 class=\"wp-block-heading\">Clicks<\/h2>\n\n\n<div class=\"wp-block-image\">\n<figure class=\"aligncenter size-large\"><img loading=\"lazy\" decoding=\"async\" width=\"500\" height=\"333\" src=\"https:\/\/www.soleufilho.com.br\/wp-content\/uploads\/2025\/07\/1-1-500x333.jpeg\" alt=\"\" class=\"wp-image-2594\" srcset=\"https:\/\/www.soleufilho.com.br\/wp-content\/uploads\/2025\/07\/1-1-500x333.jpeg 500w, https:\/\/www.soleufilho.com.br\/wp-content\/uploads\/2025\/07\/1-1-300x200.jpeg 300w, https:\/\/www.soleufilho.com.br\/wp-content\/uploads\/2025\/07\/1-1-768x511.jpeg 768w, https:\/\/www.soleufilho.com.br\/wp-content\/uploads\/2025\/07\/1-1.jpeg 1500w\" sizes=\"auto, (max-width: 500px) 100vw, 500px\" \/><figcaption class=\"wp-element-caption\">Elise e Carlos Eduardo de Liz em noite festiva, no Serrano. Em tempo: o casal j\u00e1 esteve na presid\u00eancia do clube. Fez\u00a0 duas excelentes gest\u00f5es entre, uma de 2013 a 2015 e outra de 2015 a 2017!<br><\/figcaption><\/figure><\/div>\n\n<div class=\"wp-block-image\">\n<figure class=\"aligncenter size-large\"><img loading=\"lazy\" decoding=\"async\" width=\"500\" height=\"333\" src=\"https:\/\/www.soleufilho.com.br\/wp-content\/uploads\/2025\/07\/2-1-500x333.jpeg\" alt=\"\" class=\"wp-image-2597\" srcset=\"https:\/\/www.soleufilho.com.br\/wp-content\/uploads\/2025\/07\/2-1-500x333.jpeg 500w, https:\/\/www.soleufilho.com.br\/wp-content\/uploads\/2025\/07\/2-1-300x200.jpeg 300w, https:\/\/www.soleufilho.com.br\/wp-content\/uploads\/2025\/07\/2-1-768x512.jpeg 768w, https:\/\/www.soleufilho.com.br\/wp-content\/uploads\/2025\/07\/2-1.jpeg 1500w\" sizes=\"auto, (max-width: 500px) 100vw, 500px\" \/><figcaption class=\"wp-element-caption\">Raniero Magnabosco Laghi e Juliana Tussi, prestigiando evento social, no Serrano<br><\/figcaption><\/figure><\/div>\n\n<div class=\"wp-block-image\">\n<figure class=\"aligncenter size-large\"><img loading=\"lazy\" decoding=\"async\" width=\"282\" height=\"500\" src=\"https:\/\/www.soleufilho.com.br\/wp-content\/uploads\/2025\/07\/3-1-282x500.jpeg\" alt=\"\" class=\"wp-image-2595\" srcset=\"https:\/\/www.soleufilho.com.br\/wp-content\/uploads\/2025\/07\/3-1-282x500.jpeg 282w, https:\/\/www.soleufilho.com.br\/wp-content\/uploads\/2025\/07\/3-1-169x300.jpeg 169w, https:\/\/www.soleufilho.com.br\/wp-content\/uploads\/2025\/07\/3-1-768x1364.jpeg 768w, https:\/\/www.soleufilho.com.br\/wp-content\/uploads\/2025\/07\/3-1-865x1536.jpeg 865w, https:\/\/www.soleufilho.com.br\/wp-content\/uploads\/2025\/07\/3-1.jpeg 901w\" sizes=\"auto, (max-width: 282px) 100vw, 282px\" \/><figcaption class=\"wp-element-caption\">Daura Palma curte alguns dias de\u00a0 f\u00e9rias na Europa. A famosa Curadora e Produtora de Eventos optou por Paris, Mil\u00e3o e Amsterdam, para realizar seus passeios!<br><\/figcaption><\/figure><\/div>\n\n<div class=\"wp-block-image\">\n<figure class=\"aligncenter size-large\"><img loading=\"lazy\" decoding=\"async\" width=\"375\" height=\"500\" src=\"https:\/\/www.soleufilho.com.br\/wp-content\/uploads\/2025\/07\/4-1-375x500.jpeg\" alt=\"\" class=\"wp-image-2593\" srcset=\"https:\/\/www.soleufilho.com.br\/wp-content\/uploads\/2025\/07\/4-1-375x500.jpeg 375w, https:\/\/www.soleufilho.com.br\/wp-content\/uploads\/2025\/07\/4-1-225x300.jpeg 225w, https:\/\/www.soleufilho.com.br\/wp-content\/uploads\/2025\/07\/4-1-768x1024.jpeg 768w, https:\/\/www.soleufilho.com.br\/wp-content\/uploads\/2025\/07\/4-1.jpeg 960w\" sizes=\"auto, (max-width: 375px) 100vw, 375px\" \/><figcaption class=\"wp-element-caption\">Tatiane de Liz aproveitando Paris, Roma e Ilhas Gregas. Segundo ela, trata-se de uma viagem cheia de cultura, beleza e mem\u00f3rias inesquec\u00edveis!<br><\/figcaption><\/figure><\/div>\n\n<div class=\"wp-block-image\">\n<figure class=\"aligncenter size-large\"><img loading=\"lazy\" decoding=\"async\" width=\"500\" height=\"500\" src=\"https:\/\/www.soleufilho.com.br\/wp-content\/uploads\/2025\/07\/5-1-500x500.jpeg\" alt=\"\" class=\"wp-image-2590\" srcset=\"https:\/\/www.soleufilho.com.br\/wp-content\/uploads\/2025\/07\/5-1-500x500.jpeg 500w, https:\/\/www.soleufilho.com.br\/wp-content\/uploads\/2025\/07\/5-1-300x300.jpeg 300w, https:\/\/www.soleufilho.com.br\/wp-content\/uploads\/2025\/07\/5-1-150x150.jpeg 150w, https:\/\/www.soleufilho.com.br\/wp-content\/uploads\/2025\/07\/5-1-768x768.jpeg 768w, https:\/\/www.soleufilho.com.br\/wp-content\/uploads\/2025\/07\/5-1.jpeg 1080w\" sizes=\"auto, (max-width: 500px) 100vw, 500px\" \/><figcaption class=\"wp-element-caption\">Josiane Oliveira trocou de idade dia 10 de junho, oportunidade em que recebeu\u00a0<br>merecidas\u00a0 homenagens, em Balne\u00e1rio Cambori\u00fa, onde reside<br><\/figcaption><\/figure><\/div>\n\n<div class=\"wp-block-image\">\n<figure class=\"aligncenter size-large\"><img loading=\"lazy\" decoding=\"async\" width=\"281\" height=\"500\" src=\"https:\/\/www.soleufilho.com.br\/wp-content\/uploads\/2025\/07\/6-1-281x500.jpeg\" alt=\"\" class=\"wp-image-2591\" srcset=\"https:\/\/www.soleufilho.com.br\/wp-content\/uploads\/2025\/07\/6-1-281x500.jpeg 281w, https:\/\/www.soleufilho.com.br\/wp-content\/uploads\/2025\/07\/6-1-169x300.jpeg 169w, https:\/\/www.soleufilho.com.br\/wp-content\/uploads\/2025\/07\/6-1.jpeg 720w\" sizes=\"auto, (max-width: 281px) 100vw, 281px\" \/><figcaption class=\"wp-element-caption\">O advogado Juliano Neto Vieira trocou de idade dia 4 de junho. O aniversariante comemorou a data com animado jantar entre amigos e familiares<br><\/figcaption><\/figure><\/div>\n\n<div class=\"wp-block-image\">\n<figure class=\"aligncenter size-large\"><img loading=\"lazy\" decoding=\"async\" width=\"281\" height=\"500\" src=\"https:\/\/www.soleufilho.com.br\/wp-content\/uploads\/2025\/07\/7-1-281x500.jpeg\" alt=\"\" class=\"wp-image-2598\" srcset=\"https:\/\/www.soleufilho.com.br\/wp-content\/uploads\/2025\/07\/7-1-281x500.jpeg 281w, https:\/\/www.soleufilho.com.br\/wp-content\/uploads\/2025\/07\/7-1-169x300.jpeg 169w, https:\/\/www.soleufilho.com.br\/wp-content\/uploads\/2025\/07\/7-1.jpeg 700w\" sizes=\"auto, (max-width: 281px) 100vw, 281px\" \/><figcaption class=\"wp-element-caption\">A consultora de moda Sana Valle e Mario\u00a0 fam\u00edlia escolheram Orlando, para passar alguns dias de ferias! \u201cA viagem foi programada para que nosso filho mais novo tivesse oportunidade em conhecer os parques da Disney\u201d, diz o casal<br><\/figcaption><\/figure><\/div>\n\n<div class=\"wp-block-image\">\n<figure class=\"aligncenter size-large\"><img loading=\"lazy\" decoding=\"async\" width=\"500\" height=\"299\" src=\"https:\/\/www.soleufilho.com.br\/wp-content\/uploads\/2025\/07\/9-1-500x299.jpg\" alt=\"\" class=\"wp-image-2596\" srcset=\"https:\/\/www.soleufilho.com.br\/wp-content\/uploads\/2025\/07\/9-1-500x299.jpg 500w, https:\/\/www.soleufilho.com.br\/wp-content\/uploads\/2025\/07\/9-1-300x179.jpg 300w, https:\/\/www.soleufilho.com.br\/wp-content\/uploads\/2025\/07\/9-1-768x459.jpg 768w, https:\/\/www.soleufilho.com.br\/wp-content\/uploads\/2025\/07\/9-1.jpg 1500w\" sizes=\"auto, (max-width: 500px) 100vw, 500px\" \/><figcaption class=\"wp-element-caption\">No arrai\u00e1 do Clube da Lady, a presidente Marisa Bernardes comanda animado grupo, com anima\u00e7\u00e3o musical do famoso maestro Madruga e seu filho John!<br><\/figcaption><\/figure><\/div>","protected":false},"excerpt":{"rendered":"<p>Na \u00faltima semana,&nbsp; foi lan\u00e7ado oficialmente&nbsp; o livro &#8220;Resili\u00eancia&nbsp; na Educa\u00e7\u00e3o&#8221;, uma obra escrita em coautoria por educadores,&nbsp; especialistas e pesquisadores da \u00e1rea&nbsp; educacional.&nbsp;&nbsp; A referida obra aborda, de forma sens\u00edvel,&nbsp; os desafios enfrentados por professores,&nbsp; gestores e alunos em um contexto educacional, marcado por mudan\u00e7as&nbsp; constantes,&nbsp; crises sociais e transforma\u00e7\u00f5es tecnol\u00f3gicas. \u201cMais do que&nbsp; &hellip; <a href=\"https:\/\/www.soleufilho.com.br\/?p=2599\" class=\"more-link\">Continue lendo <span class=\"screen-reader-text\">Livro inspira educadores a seguir firmes em sua miss\u00e3o!<\/span> <span class=\"meta-nav\">&rarr;<\/span><\/a><\/p>\n","protected":false},"author":1,"featured_media":0,"comment_status":"open","ping_status":"open","sticky":false,"template":"","format":"standard","meta":{"footnotes":""},"categories":[1],"tags":[],"class_list":["post-2599","post","type-post","status-publish","format-standard","hentry","category-uncategorized"],"_links":{"self":[{"href":"https:\/\/www.soleufilho.com.br\/index.php?rest_route=\/wp\/v2\/posts\/2599","targetHints":{"allow":["GET"]}}],"collection":[{"href":"https:\/\/www.soleufilho.com.br\/index.php?rest_route=\/wp\/v2\/posts"}],"about":[{"href":"https:\/\/www.soleufilho.com.br\/index.php?rest_route=\/wp\/v2\/types\/post"}],"author":[{"embeddable":true,"href":"https:\/\/www.soleufilho.com.br\/index.php?rest_route=\/wp\/v2\/users\/1"}],"replies":[{"embeddable":true,"href":"https:\/\/www.soleufilho.com.br\/index.php?rest_route=%2Fwp%2Fv2%2Fcomments&post=2599"}],"version-history":[{"count":1,"href":"https:\/\/www.soleufilho.com.br\/index.php?rest_route=\/wp\/v2\/posts\/2599\/revisions"}],"predecessor-version":[{"id":2600,"href":"https:\/\/www.soleufilho.com.br\/index.php?rest_route=\/wp\/v2\/posts\/2599\/revisions\/2600"}],"wp:attachment":[{"href":"https:\/\/www.soleufilho.com.br\/index.php?rest_route=%2Fwp%2Fv2%2Fmedia&parent=2599"}],"wp:term":[{"taxonomy":"category","embeddable":true,"href":"https:\/\/www.soleufilho.com.br\/index.php?rest_route=%2Fwp%2Fv2%2Fcategories&post=2599"},{"taxonomy":"post_tag","embeddable":true,"href":"https:\/\/www.soleufilho.com.br\/index.php?rest_route=%2Fwp%2Fv2%2Ftags&post=2599"}],"curies":[{"name":"wp","href":"https:\/\/api.w.org\/{rel}","templated":true}]}}