{"id":2611,"date":"2025-07-11T13:20:00","date_gmt":"2025-07-11T16:20:00","guid":{"rendered":"https:\/\/www.soleufilho.com.br\/?p=2611"},"modified":"2025-07-11T13:16:20","modified_gmt":"2025-07-11T16:16:20","slug":"serrano-tenis-clube-promoveu-animada-tarde-de-sao-joao","status":"publish","type":"post","link":"https:\/\/www.soleufilho.com.br\/?p=2611","title":{"rendered":"Serrano T\u00eanis Clube promoveu animada tarde de S\u00e3o Jo\u00e3o!"},"content":{"rendered":"\n<p>O Serrano T\u00eanis Clube promoveu, na tarde de s\u00e1bado, sua tradicional festa de S\u00e3o Jo\u00e3o, com presen\u00e7a de muitas fam\u00edlias. \u201cO evento teve inclusive, animado bingo, com grande ades\u00e3o de patrocinadores, que deixaram maravilhosas prendas no clube\u201d, diz a atual gest\u00e3o, que faz quest\u00e3o de enfatizar sobre o evento que \u00e9 feito com carinho, para os s\u00f3cios de todas as idades, com atra\u00e7\u00f5es para crian\u00e7as, adolescentes, pais e av\u00f3s! Mais: que prestigiou, pode se deliciar com muitas guloseimas,&nbsp; ponche, quent\u00e3o, cachorro quente, pipoca, pastel, pa\u00e7oca de pinh\u00e3o, bolo e&nbsp; fondue. Detalhe: todas as mesas estavam recheadas de doces t\u00edpicos de S\u00e3o Jo\u00e3o!<\/p>\n\n\n\n<p>Mais: toda a ambienta\u00e7\u00e3o ficou por conta da consagrada designer Marilu Maldaner, da Marilu Decora\u00e7\u00e3o e Eventos, que transformou o espa\u00e7o com decora\u00e7\u00e3o tem\u00e1tica, repleta de cores vibrantes, bandeirinhas, tecidos floridos e elementos t\u00edpicos que exaltaram o esp\u00edrito junino! As belas fotos s\u00e3o de Gugu Garcia! Aplausos\u2026&nbsp;<\/p>\n\n\n<div class=\"wp-block-image\">\n<figure class=\"aligncenter size-large\"><img loading=\"lazy\" decoding=\"async\" width=\"500\" height=\"333\" src=\"https:\/\/www.soleufilho.com.br\/wp-content\/uploads\/2025\/07\/6-1-1-500x333.jpeg\" alt=\"\" class=\"wp-image-2607\" srcset=\"https:\/\/www.soleufilho.com.br\/wp-content\/uploads\/2025\/07\/6-1-1-500x333.jpeg 500w, https:\/\/www.soleufilho.com.br\/wp-content\/uploads\/2025\/07\/6-1-1-300x200.jpeg 300w, https:\/\/www.soleufilho.com.br\/wp-content\/uploads\/2025\/07\/6-1-1-768x512.jpeg 768w, https:\/\/www.soleufilho.com.br\/wp-content\/uploads\/2025\/07\/6-1-1.jpeg 1280w\" sizes=\"auto, (max-width: 500px) 100vw, 500px\" \/><figcaption class=\"wp-element-caption\">O casal presidente do Serrano, Raineri Castagna J\u00fanior, Enrico e Liliane, durante a bonita tarde de S\u00e3o Jo\u00e3o<br><\/figcaption><\/figure><\/div>\n\n<div class=\"wp-block-image\">\n<figure class=\"aligncenter size-large\"><img loading=\"lazy\" decoding=\"async\" width=\"500\" height=\"333\" src=\"https:\/\/www.soleufilho.com.br\/wp-content\/uploads\/2025\/07\/7-1-1-500x333.jpeg\" alt=\"\" class=\"wp-image-2610\" srcset=\"https:\/\/www.soleufilho.com.br\/wp-content\/uploads\/2025\/07\/7-1-1-500x333.jpeg 500w, https:\/\/www.soleufilho.com.br\/wp-content\/uploads\/2025\/07\/7-1-1-300x200.jpeg 300w, https:\/\/www.soleufilho.com.br\/wp-content\/uploads\/2025\/07\/7-1-1-768x512.jpeg 768w, https:\/\/www.soleufilho.com.br\/wp-content\/uploads\/2025\/07\/7-1-1.jpeg 1280w\" sizes=\"auto, (max-width: 500px) 100vw, 500px\" \/><figcaption class=\"wp-element-caption\">O casal presidente Raineri e Liliane Castagna, com a dedicada equipe de funcion\u00e1rios do Serrano<br><\/figcaption><\/figure><\/div>\n\n<div class=\"wp-block-image\">\n<figure class=\"aligncenter size-large\"><img loading=\"lazy\" decoding=\"async\" width=\"500\" height=\"333\" src=\"https:\/\/www.soleufilho.com.br\/wp-content\/uploads\/2025\/07\/8-1-1-500x333.jpeg\" alt=\"\" class=\"wp-image-2609\" srcset=\"https:\/\/www.soleufilho.com.br\/wp-content\/uploads\/2025\/07\/8-1-1-500x333.jpeg 500w, https:\/\/www.soleufilho.com.br\/wp-content\/uploads\/2025\/07\/8-1-1-300x200.jpeg 300w, https:\/\/www.soleufilho.com.br\/wp-content\/uploads\/2025\/07\/8-1-1-768x512.jpeg 768w, https:\/\/www.soleufilho.com.br\/wp-content\/uploads\/2025\/07\/8-1-1.jpeg 1280w\" sizes=\"auto, (max-width: 500px) 100vw, 500px\" \/><figcaption class=\"wp-element-caption\">As festeiras Mitieli Favero, Heiddy Blumtritt Delly Couto e Liliane Rossi, respons\u00e1veis pela organiza\u00e7\u00e3o da bonita festa de S\u00e3o Jo\u00e3o, no Serrano<br><\/figcaption><\/figure><\/div>\n\n<div class=\"wp-block-image\">\n<figure class=\"aligncenter size-large\"><img loading=\"lazy\" decoding=\"async\" width=\"500\" height=\"333\" src=\"https:\/\/www.soleufilho.com.br\/wp-content\/uploads\/2025\/07\/9-1-500x333.jpeg\" alt=\"\" class=\"wp-image-2608\" srcset=\"https:\/\/www.soleufilho.com.br\/wp-content\/uploads\/2025\/07\/9-1-500x333.jpeg 500w, https:\/\/www.soleufilho.com.br\/wp-content\/uploads\/2025\/07\/9-1-300x200.jpeg 300w, https:\/\/www.soleufilho.com.br\/wp-content\/uploads\/2025\/07\/9-1-768x512.jpeg 768w, https:\/\/www.soleufilho.com.br\/wp-content\/uploads\/2025\/07\/9-1.jpeg 1280w\" sizes=\"auto, (max-width: 500px) 100vw, 500px\" \/><figcaption class=\"wp-element-caption\">Lindas meninas, da gera\u00e7\u00e3o caf\u00e9 com leite, prestigiando a festa de S\u00e3o Jo\u00e3o, no Serrano<br><\/figcaption><\/figure><\/div>\n\n\n<h2 class=\"wp-block-heading\"><strong>Rotaries realizam cerim\u00f4nia de posse!<\/strong><br><\/h2>\n\n\n\n<p>Os Clubes de Rotary realizaram recentemente, sua bonita cerim\u00f4nia de posse, no Clube Ca\u00e7a e Tiro,&nbsp; marcando o in\u00edcio de novo ciclo de lideran\u00e7as e renovando seu compromisso com o servi\u00e7o \u00e0 comunidade.&nbsp;&nbsp;<\/p>\n\n\n\n<p>Com a nova gest\u00e3o oficialmente empossada, o Rotary&nbsp; Club de Lages Norte segue com o compromisso de transformar vidas por meio de projetos sustent\u00e1veis,&nbsp; sempre pautado pelos valores de&nbsp; \u00e9tica,&nbsp; lideran\u00e7a&nbsp; e solidariedade,&nbsp; salienta a secret\u00e1ria do Clube,&nbsp; Neusi Neves.<\/p>\n\n\n\n<p><\/p>\n\n\n<div class=\"wp-block-image\">\n<figure class=\"aligncenter size-large\"><img loading=\"lazy\" decoding=\"async\" width=\"500\" height=\"375\" src=\"https:\/\/www.soleufilho.com.br\/wp-content\/uploads\/2025\/07\/1-1-1-500x375.jpeg\" alt=\"\" class=\"wp-image-2605\" srcset=\"https:\/\/www.soleufilho.com.br\/wp-content\/uploads\/2025\/07\/1-1-1-500x375.jpeg 500w, https:\/\/www.soleufilho.com.br\/wp-content\/uploads\/2025\/07\/1-1-1-300x225.jpeg 300w, https:\/\/www.soleufilho.com.br\/wp-content\/uploads\/2025\/07\/1-1-1-768x576.jpeg 768w, https:\/\/www.soleufilho.com.br\/wp-content\/uploads\/2025\/07\/1-1-1.jpeg 1500w\" sizes=\"auto, (max-width: 500px) 100vw, 500px\" \/><figcaption class=\"wp-element-caption\">Membros da diretoria dos Rotarys de Lages, empossados recentemente<br><\/figcaption><\/figure><\/div>\n\n\n<h2 class=\"wp-block-heading\">Clicks<\/h2>\n\n\n<div class=\"wp-block-image\">\n<figure class=\"aligncenter size-large\"><img loading=\"lazy\" decoding=\"async\" width=\"500\" height=\"500\" src=\"https:\/\/www.soleufilho.com.br\/wp-content\/uploads\/2025\/07\/2-1-1-500x500.jpeg\" alt=\"\" class=\"wp-image-2606\" srcset=\"https:\/\/www.soleufilho.com.br\/wp-content\/uploads\/2025\/07\/2-1-1-500x500.jpeg 500w, https:\/\/www.soleufilho.com.br\/wp-content\/uploads\/2025\/07\/2-1-1-300x300.jpeg 300w, https:\/\/www.soleufilho.com.br\/wp-content\/uploads\/2025\/07\/2-1-1-150x150.jpeg 150w, https:\/\/www.soleufilho.com.br\/wp-content\/uploads\/2025\/07\/2-1-1-768x768.jpeg 768w, https:\/\/www.soleufilho.com.br\/wp-content\/uploads\/2025\/07\/2-1-1.jpeg 1030w\" sizes=\"auto, (max-width: 500px) 100vw, 500px\" \/><figcaption class=\"wp-element-caption\">Os amigos Lincoln Camargo, Dieter Baumgartner e Fabio Farias, com suas esposas e filhos, Valesca Letti Camargo de Almeida, Roberta Ramoa Baumgartner e Andressa Farias, curtindo a maior festa country do Brasil que aconteceu nos dias 20 e 21 de junho, em Brusque!<br><\/figcaption><\/figure><\/div>\n\n<div class=\"wp-block-image\">\n<figure class=\"aligncenter size-large\"><img loading=\"lazy\" decoding=\"async\" width=\"435\" height=\"500\" src=\"https:\/\/www.soleufilho.com.br\/wp-content\/uploads\/2025\/07\/3-1-435x500.jpg\" alt=\"\" class=\"wp-image-2604\" srcset=\"https:\/\/www.soleufilho.com.br\/wp-content\/uploads\/2025\/07\/3-1-435x500.jpg 435w, https:\/\/www.soleufilho.com.br\/wp-content\/uploads\/2025\/07\/3-1-261x300.jpg 261w, https:\/\/www.soleufilho.com.br\/wp-content\/uploads\/2025\/07\/3-1-768x884.jpg 768w, https:\/\/www.soleufilho.com.br\/wp-content\/uploads\/2025\/07\/3-1.jpg 1156w\" sizes=\"auto, (max-width: 435px) 100vw, 435px\" \/><figcaption class=\"wp-element-caption\">Na manh\u00e3 de s\u00e1bado (5.7), teve visita do prefeito de Florian\u00f3polis, Top\u00e1zio da Silveira Neto e esposa Beatriz Harger da Silveira \u00e0 Vin\u00edcola Villa Francioni em S\u00e3o Joaquim, recepcionado pelo casal gestor do Espa\u00e7o Cultural, <a href=\"https:\/\/www.facebook.com\/eularegina.maciel?__cft__%5B0%5D=AZXa3SaGrFScVw5Cpku34HAu59hZEg9V8uFx_Vi-_d2zkKDI8BjQKgbECzH20s99Q6vIzJGei_dFGfIP4kdkEILTvgPtX253zBLqepIb1NhbSBA4kritcGtOWfLk5_2WvJyVvgQjKI0X7aCNuJH6qFXuCCHm20o5OISGelEedGcONg&amp;__tn__=-%5DK*F\">Eula Regina Maciel<\/a> e Edson Machado, de Joinville S\u00e3o Joaquim. O casal Silveira ficou encantado com a beleza do espa\u00e7o!<br><\/figcaption><\/figure><\/div>\n\n<div class=\"wp-block-image\">\n<figure class=\"aligncenter size-large\"><img loading=\"lazy\" decoding=\"async\" width=\"248\" height=\"500\" src=\"https:\/\/www.soleufilho.com.br\/wp-content\/uploads\/2025\/07\/5-1-1-248x500.jpeg\" alt=\"\" class=\"wp-image-2603\" srcset=\"https:\/\/www.soleufilho.com.br\/wp-content\/uploads\/2025\/07\/5-1-1-248x500.jpeg 248w, https:\/\/www.soleufilho.com.br\/wp-content\/uploads\/2025\/07\/5-1-1-149x300.jpeg 149w, https:\/\/www.soleufilho.com.br\/wp-content\/uploads\/2025\/07\/5-1-1.jpeg 313w\" sizes=\"auto, (max-width: 248px) 100vw, 248px\" \/><figcaption class=\"wp-element-caption\">No dia 25 de junho os parab\u00e9ns foram para Roberta Rohden. A feliz aniversariante comemorou a nova idade, junto a familiares e amigos!<br><\/figcaption><\/figure><\/div>","protected":false},"excerpt":{"rendered":"<p>O Serrano T\u00eanis Clube promoveu, na tarde de s\u00e1bado, sua tradicional festa de S\u00e3o Jo\u00e3o, com presen\u00e7a de muitas fam\u00edlias. \u201cO evento teve inclusive, animado bingo, com grande ades\u00e3o de patrocinadores, que deixaram maravilhosas prendas no clube\u201d, diz a atual gest\u00e3o, que faz quest\u00e3o de enfatizar sobre o evento que \u00e9 feito com carinho, para &hellip; <a href=\"https:\/\/www.soleufilho.com.br\/?p=2611\" class=\"more-link\">Continue lendo <span class=\"screen-reader-text\">Serrano T\u00eanis Clube promoveu animada tarde de S\u00e3o Jo\u00e3o!<\/span> <span class=\"meta-nav\">&rarr;<\/span><\/a><\/p>\n","protected":false},"author":1,"featured_media":0,"comment_status":"open","ping_status":"open","sticky":false,"template":"","format":"standard","meta":{"footnotes":""},"categories":[1],"tags":[],"class_list":["post-2611","post","type-post","status-publish","format-standard","hentry","category-uncategorized"],"_links":{"self":[{"href":"https:\/\/www.soleufilho.com.br\/index.php?rest_route=\/wp\/v2\/posts\/2611","targetHints":{"allow":["GET"]}}],"collection":[{"href":"https:\/\/www.soleufilho.com.br\/index.php?rest_route=\/wp\/v2\/posts"}],"about":[{"href":"https:\/\/www.soleufilho.com.br\/index.php?rest_route=\/wp\/v2\/types\/post"}],"author":[{"embeddable":true,"href":"https:\/\/www.soleufilho.com.br\/index.php?rest_route=\/wp\/v2\/users\/1"}],"replies":[{"embeddable":true,"href":"https:\/\/www.soleufilho.com.br\/index.php?rest_route=%2Fwp%2Fv2%2Fcomments&post=2611"}],"version-history":[{"count":1,"href":"https:\/\/www.soleufilho.com.br\/index.php?rest_route=\/wp\/v2\/posts\/2611\/revisions"}],"predecessor-version":[{"id":2612,"href":"https:\/\/www.soleufilho.com.br\/index.php?rest_route=\/wp\/v2\/posts\/2611\/revisions\/2612"}],"wp:attachment":[{"href":"https:\/\/www.soleufilho.com.br\/index.php?rest_route=%2Fwp%2Fv2%2Fmedia&parent=2611"}],"wp:term":[{"taxonomy":"category","embeddable":true,"href":"https:\/\/www.soleufilho.com.br\/index.php?rest_route=%2Fwp%2Fv2%2Fcategories&post=2611"},{"taxonomy":"post_tag","embeddable":true,"href":"https:\/\/www.soleufilho.com.br\/index.php?rest_route=%2Fwp%2Fv2%2Ftags&post=2611"}],"curies":[{"name":"wp","href":"https:\/\/api.w.org\/{rel}","templated":true}]}}