{"id":2617,"date":"2025-07-18T07:00:00","date_gmt":"2025-07-18T10:00:00","guid":{"rendered":"https:\/\/www.soleufilho.com.br\/?p=2617"},"modified":"2025-07-17T13:51:54","modified_gmt":"2025-07-17T16:51:54","slug":"manuella-brilhou-em-sua-noite-especial","status":"publish","type":"post","link":"https:\/\/www.soleufilho.com.br\/?p=2617","title":{"rendered":"Manuella brilhou em sua noite especial!"},"content":{"rendered":"\n<p>O Centro Serra Convention Center foi palco de um verdadeiro conto de fadas, para celebrar os 15 anos de Manuella Dexheimer, filha de Hegon e Elisandra Dexheimer.&nbsp;<\/p>\n\n\n\n<p>Com atmosfera m\u00e1gica e envolvente, o sal\u00e3o se transformou em belo jardim encantado, daqueles, de arrancar suspiros dos convidados.<\/p>\n\n\n\n<p>Borboletas de LED, cristais reluzentes, candelabros imponentes e profus\u00e3o de flores criaram cen\u00e1rio de sonho, em cada detalhe, cuidadosamente pensado pela talentosa designer de eventos Marilu Maldaner, da Marilu Decora\u00e7\u00e3o e Eventos. \u201cA sofistica\u00e7\u00e3o da ambienta\u00e7\u00e3o, aliada \u00e0 leveza e a fantasia do tema, transportou os presentes para um universo onde a delicadeza e a beleza reinavam soberanas\u201d, diz a badalada decoradora.<\/p>\n\n\n\n<p>Manuella brilhou em sua noite especial, rodeada de familiares e amigos, vivendo um momento \u00fanico, marcado por emo\u00e7\u00e3o e alegria! O respons\u00e1vel por eternizar cada sorriso e cada gesto foi o sens\u00edvel olhar do fot\u00f3grafo Ale Santos, que fez quest\u00e3o de registrar toda a envolvente ess\u00eancia dessa inesquec\u00edvel celebra\u00e7\u00e3o!<\/p>\n\n\n\n<p>Foi uma noite m\u00e1gica, onde o encanto n\u00e3o esteve apenas na decora\u00e7\u00e3o, mas no cora\u00e7\u00e3o de todos que participaram desse marco na vida de Manu.<\/p>\n\n\n<div class=\"wp-block-image\">\n<figure class=\"aligncenter size-large\"><img loading=\"lazy\" decoding=\"async\" width=\"357\" height=\"500\" src=\"https:\/\/www.soleufilho.com.br\/wp-content\/uploads\/2025\/07\/1-1-2-357x500.jpeg\" alt=\"\" class=\"wp-image-2616\" srcset=\"https:\/\/www.soleufilho.com.br\/wp-content\/uploads\/2025\/07\/1-1-2-357x500.jpeg 357w, https:\/\/www.soleufilho.com.br\/wp-content\/uploads\/2025\/07\/1-1-2-214x300.jpeg 214w, https:\/\/www.soleufilho.com.br\/wp-content\/uploads\/2025\/07\/1-1-2-768x1075.jpeg 768w, https:\/\/www.soleufilho.com.br\/wp-content\/uploads\/2025\/07\/1-1-2.jpeg 942w\" sizes=\"auto, (max-width: 357px) 100vw, 357px\" \/><figcaption class=\"wp-element-caption\">Manuella em sua noite especial, para festejar seus 15 anos!<br><\/figcaption><\/figure><\/div>\n\n<div class=\"wp-block-image\">\n<figure class=\"aligncenter size-large\"><img loading=\"lazy\" decoding=\"async\" width=\"357\" height=\"500\" src=\"https:\/\/www.soleufilho.com.br\/wp-content\/uploads\/2025\/07\/2-1-2-357x500.jpeg\" alt=\"\" class=\"wp-image-2615\" srcset=\"https:\/\/www.soleufilho.com.br\/wp-content\/uploads\/2025\/07\/2-1-2-357x500.jpeg 357w, https:\/\/www.soleufilho.com.br\/wp-content\/uploads\/2025\/07\/2-1-2-214x300.jpeg 214w, https:\/\/www.soleufilho.com.br\/wp-content\/uploads\/2025\/07\/2-1-2-768x1076.jpeg 768w, https:\/\/www.soleufilho.com.br\/wp-content\/uploads\/2025\/07\/2-1-2-1096x1536.jpeg 1096w, https:\/\/www.soleufilho.com.br\/wp-content\/uploads\/2025\/07\/2-1-2.jpeg 1142w\" sizes=\"auto, (max-width: 357px) 100vw, 357px\" \/><figcaption class=\"wp-element-caption\">A aniversariante Manuella Dexheimer, com os pais\u00a0 Elisandra e Hegon Dexheimer<\/figcaption><\/figure><\/div>\n\n<div class=\"wp-block-image\">\n<figure class=\"aligncenter size-large\"><img loading=\"lazy\" decoding=\"async\" width=\"357\" height=\"500\" src=\"https:\/\/www.soleufilho.com.br\/wp-content\/uploads\/2025\/07\/3-1-1-357x500.jpeg\" alt=\"\" class=\"wp-image-2614\" srcset=\"https:\/\/www.soleufilho.com.br\/wp-content\/uploads\/2025\/07\/3-1-1-357x500.jpeg 357w, https:\/\/www.soleufilho.com.br\/wp-content\/uploads\/2025\/07\/3-1-1-214x300.jpeg 214w, https:\/\/www.soleufilho.com.br\/wp-content\/uploads\/2025\/07\/3-1-1-768x1075.jpeg 768w, https:\/\/www.soleufilho.com.br\/wp-content\/uploads\/2025\/07\/3-1-1.jpeg 1092w\" sizes=\"auto, (max-width: 357px) 100vw, 357px\" \/><figcaption class=\"wp-element-caption\">Manuella Dexheimer e Jo\u00e3o Victor Dexheimer<br><\/figcaption><\/figure><\/div>\n\n\n<h2 class=\"wp-block-heading\"><strong>Giulia colou grau em Medicina!<\/strong><br><\/h2>\n\n\n\n<p>Giulia Demat\u00e9, com dedica\u00e7\u00e3o total e muito estudo, acaba de colar grau no Curso de Medicina. A formanda participou nos dias 10, 11 e 12, pela Unisul em Palho\u00e7a, de bonita programa\u00e7\u00e3o de formatura, onde amigos e familiares, entre eles os av\u00f3s maternos Noeli e Osmar Demat\u00e9, fizeram quest\u00e3o de prestigi\u00e1-la. Aplausos, Giulia!\u00a0<br><\/p>\n\n\n<div class=\"wp-block-image\">\n<figure class=\"aligncenter size-large\"><img loading=\"lazy\" decoding=\"async\" width=\"500\" height=\"333\" src=\"https:\/\/www.soleufilho.com.br\/wp-content\/uploads\/2025\/07\/4-1-1-500x333.jpeg\" alt=\"\" class=\"wp-image-2613\" srcset=\"https:\/\/www.soleufilho.com.br\/wp-content\/uploads\/2025\/07\/4-1-1-500x333.jpeg 500w, https:\/\/www.soleufilho.com.br\/wp-content\/uploads\/2025\/07\/4-1-1-300x200.jpeg 300w, https:\/\/www.soleufilho.com.br\/wp-content\/uploads\/2025\/07\/4-1-1-768x512.jpeg 768w, https:\/\/www.soleufilho.com.br\/wp-content\/uploads\/2025\/07\/4-1-1.jpeg 1280w\" sizes=\"auto, (max-width: 500px) 100vw, 500px\" \/><figcaption class=\"wp-element-caption\">Os faceiros av\u00f3s de Giulia, Noeli e Osmar Demat\u00e9, cumprimentam a neta pela conclus\u00e3o do Curso de Medicina!<br><\/figcaption><\/figure><\/div>","protected":false},"excerpt":{"rendered":"<p>O Centro Serra Convention Center foi palco de um verdadeiro conto de fadas, para celebrar os 15 anos de Manuella Dexheimer, filha de Hegon e Elisandra Dexheimer.&nbsp; Com atmosfera m\u00e1gica e envolvente, o sal\u00e3o se transformou em belo jardim encantado, daqueles, de arrancar suspiros dos convidados. Borboletas de LED, cristais reluzentes, candelabros imponentes e profus\u00e3o &hellip; <a href=\"https:\/\/www.soleufilho.com.br\/?p=2617\" class=\"more-link\">Continue lendo <span class=\"screen-reader-text\">Manuella brilhou em sua noite especial!<\/span> <span class=\"meta-nav\">&rarr;<\/span><\/a><\/p>\n","protected":false},"author":1,"featured_media":0,"comment_status":"open","ping_status":"open","sticky":false,"template":"","format":"standard","meta":{"footnotes":""},"categories":[1],"tags":[],"class_list":["post-2617","post","type-post","status-publish","format-standard","hentry","category-uncategorized"],"_links":{"self":[{"href":"https:\/\/www.soleufilho.com.br\/index.php?rest_route=\/wp\/v2\/posts\/2617","targetHints":{"allow":["GET"]}}],"collection":[{"href":"https:\/\/www.soleufilho.com.br\/index.php?rest_route=\/wp\/v2\/posts"}],"about":[{"href":"https:\/\/www.soleufilho.com.br\/index.php?rest_route=\/wp\/v2\/types\/post"}],"author":[{"embeddable":true,"href":"https:\/\/www.soleufilho.com.br\/index.php?rest_route=\/wp\/v2\/users\/1"}],"replies":[{"embeddable":true,"href":"https:\/\/www.soleufilho.com.br\/index.php?rest_route=%2Fwp%2Fv2%2Fcomments&post=2617"}],"version-history":[{"count":1,"href":"https:\/\/www.soleufilho.com.br\/index.php?rest_route=\/wp\/v2\/posts\/2617\/revisions"}],"predecessor-version":[{"id":2618,"href":"https:\/\/www.soleufilho.com.br\/index.php?rest_route=\/wp\/v2\/posts\/2617\/revisions\/2618"}],"wp:attachment":[{"href":"https:\/\/www.soleufilho.com.br\/index.php?rest_route=%2Fwp%2Fv2%2Fmedia&parent=2617"}],"wp:term":[{"taxonomy":"category","embeddable":true,"href":"https:\/\/www.soleufilho.com.br\/index.php?rest_route=%2Fwp%2Fv2%2Fcategories&post=2617"},{"taxonomy":"post_tag","embeddable":true,"href":"https:\/\/www.soleufilho.com.br\/index.php?rest_route=%2Fwp%2Fv2%2Ftags&post=2617"}],"curies":[{"name":"wp","href":"https:\/\/api.w.org\/{rel}","templated":true}]}}