{"id":2628,"date":"2025-07-25T11:28:00","date_gmt":"2025-07-25T14:28:00","guid":{"rendered":"https:\/\/www.soleufilho.com.br\/?p=2628"},"modified":"2025-07-25T11:25:16","modified_gmt":"2025-07-25T14:25:16","slug":"engenheiros-e-arquitetos-empossam-nova-diretoria","status":"publish","type":"post","link":"https:\/\/www.soleufilho.com.br\/?p=2628","title":{"rendered":"Engenheiros e arquitetos empossam nova diretoria!"},"content":{"rendered":"\n<p>Foi no sal\u00e3o principal da Associa\u00e7\u00e3o dos Engenheiros e Arquitetos, a prestigiada cerim\u00f4nia de posse da nova diretoria, que teve presen\u00e7a de autoridades, profissionais da \u00e1rea e amigos da engenharia, arquitetura e agronomia. A noite especial marcou o in\u00edcio de nova jornada \u00e0 frente da entidade. O ambiente, cuidadosamente preparado para a ocasi\u00e3o, contou com decora\u00e7\u00e3o sofisticada e acolhedora, assinada pela renomada designer de eventos Marilu Maldaner, da Marilu Decora\u00e7\u00e3o e Eventos, que trouxe eleg\u00e2ncia e personalidade ao espa\u00e7o, tornando o evento ainda mais memor\u00e1vel!<\/p>\n\n\n\n<p>A diretoria executiva ficou assim constitu\u00edda: presidente Paula Andressa Wunderlich de Andrade, vice Marcelo Ricardo Formolo J\u00fanior, diretor financeiro Lilian Leal Peixoto, diretor administrativo J\u00e9ssie Alves de Lima, diretor t\u00e9cnico Nathielle Waldrigues Branco, diretor social Leopoldo Claudino Loeff J\u00fanior e diretor de patrim\u00f4nio Murilo Augusto Zart. Gerentes: Grazielle Schemes Oliveira, Carolina Meurer, Jorge Diener, Marcos Bittelbrum, David de Medeiros e Luciano Leite.&nbsp; Conselho fiscal: Nicolas Negri, Caetano Palma Neto, Fabiano Ventura, Diogo Felipe Steinheuser, Marconi Salvati e Mayara Zanotto da Silva. \u201c\u00c9 com imensa alegria e gratid\u00e3o que assumo ao lado de equipe brilhante, a presid\u00eancia da Associa\u00e7\u00e3o de Engenheiros, Arquitetos e Agr\u00f4nomos do Planalto Catarinense para a gest\u00e3o 2025\u20132027.&nbsp;<\/p>\n\n\n\n<p>\u201cSinto-me profundamente honrada em representar esta entidade t\u00e3o relevante para o fortalecimento das nossas profiss\u00f5es e da nossa regi\u00e3o\u201d, disse, durante seu discurso, a presidente empossada. Aplausos!<\/p>\n\n\n<div class=\"wp-block-image\">\n<figure class=\"aligncenter size-large\"><img loading=\"lazy\" decoding=\"async\" width=\"500\" height=\"333\" src=\"https:\/\/www.soleufilho.com.br\/wp-content\/uploads\/2025\/07\/1-1-3-500x333.jpeg\" alt=\"\" class=\"wp-image-2627\" srcset=\"https:\/\/www.soleufilho.com.br\/wp-content\/uploads\/2025\/07\/1-1-3-500x333.jpeg 500w, https:\/\/www.soleufilho.com.br\/wp-content\/uploads\/2025\/07\/1-1-3-300x200.jpeg 300w, https:\/\/www.soleufilho.com.br\/wp-content\/uploads\/2025\/07\/1-1-3-768x511.jpeg 768w, https:\/\/www.soleufilho.com.br\/wp-content\/uploads\/2025\/07\/1-1-3.jpeg 1500w\" sizes=\"auto, (max-width: 500px) 100vw, 500px\" \/><figcaption class=\"wp-element-caption\">Membros da nova diretoria da Associa\u00e7\u00e3o dos Engenheiros e Arquitetos<br><\/figcaption><\/figure><\/div>\n\n<div class=\"wp-block-image\">\n<figure class=\"aligncenter size-large\"><img loading=\"lazy\" decoding=\"async\" width=\"500\" height=\"333\" src=\"https:\/\/www.soleufilho.com.br\/wp-content\/uploads\/2025\/07\/2-1-3-500x333.jpeg\" alt=\"\" class=\"wp-image-2625\" srcset=\"https:\/\/www.soleufilho.com.br\/wp-content\/uploads\/2025\/07\/2-1-3-500x333.jpeg 500w, https:\/\/www.soleufilho.com.br\/wp-content\/uploads\/2025\/07\/2-1-3-300x200.jpeg 300w, https:\/\/www.soleufilho.com.br\/wp-content\/uploads\/2025\/07\/2-1-3-768x511.jpeg 768w, https:\/\/www.soleufilho.com.br\/wp-content\/uploads\/2025\/07\/2-1-3.jpeg 1500w\" sizes=\"auto, (max-width: 500px) 100vw, 500px\" \/><figcaption class=\"wp-element-caption\">Nicolas, Representante regi\u00e3o Sul do CONFEA Carol Burtet, Coordenadora do Cder\u00a0 Rafaela, Presidente do CREA-SC Carlos Alberto, Paula, Carolina Meurer, Presidente da M\u00fatua \u00c1lvaro Dourado, Vice Presidente Marcelo e Conselheiro estadual Caetano Palma<br><\/figcaption><\/figure><\/div>\n\n<div class=\"wp-block-image\">\n<figure class=\"aligncenter size-large\"><img loading=\"lazy\" decoding=\"async\" width=\"500\" height=\"333\" src=\"https:\/\/www.soleufilho.com.br\/wp-content\/uploads\/2025\/07\/3-1-2-500x333.jpeg\" alt=\"\" class=\"wp-image-2624\" srcset=\"https:\/\/www.soleufilho.com.br\/wp-content\/uploads\/2025\/07\/3-1-2-500x333.jpeg 500w, https:\/\/www.soleufilho.com.br\/wp-content\/uploads\/2025\/07\/3-1-2-300x200.jpeg 300w, https:\/\/www.soleufilho.com.br\/wp-content\/uploads\/2025\/07\/3-1-2-768x511.jpeg 768w, https:\/\/www.soleufilho.com.br\/wp-content\/uploads\/2025\/07\/3-1-2.jpeg 1500w\" sizes=\"auto, (max-width: 500px) 100vw, 500px\" \/><figcaption class=\"wp-element-caption\">Nicolas, Coordenadora do Cder\u00a0 Rafaela, Presidente do CREA-SC Carlos Alberto, Paula, Presidente da MUTUA \u00c1lvaro Dourado, Vice Presidente Marcelo, Conselheiro estadual Caetano Palma<br><\/figcaption><\/figure><\/div>\n\n<div class=\"wp-block-image\">\n<figure class=\"aligncenter size-large\"><img loading=\"lazy\" decoding=\"async\" width=\"500\" height=\"333\" src=\"https:\/\/www.soleufilho.com.br\/wp-content\/uploads\/2025\/07\/4-1-2-500x333.jpeg\" alt=\"\" class=\"wp-image-2623\" srcset=\"https:\/\/www.soleufilho.com.br\/wp-content\/uploads\/2025\/07\/4-1-2-500x333.jpeg 500w, https:\/\/www.soleufilho.com.br\/wp-content\/uploads\/2025\/07\/4-1-2-300x200.jpeg 300w, https:\/\/www.soleufilho.com.br\/wp-content\/uploads\/2025\/07\/4-1-2-768x511.jpeg 768w, https:\/\/www.soleufilho.com.br\/wp-content\/uploads\/2025\/07\/4-1-2.jpeg 1500w\" sizes=\"auto, (max-width: 500px) 100vw, 500px\" \/><figcaption class=\"wp-element-caption\">Familiares da presidente empossada prestigiaram a posse: Marcio, Sabrina, Marcos, Suyan, Lucian, Paula, Edeltraut, Paulo e Catalina<br><\/figcaption><\/figure><\/div>\n\n\n<h2 class=\"wp-block-heading\"><strong>Dupla homenagem para Duda<\/strong><br><\/h2>\n\n\n\n<p>Duda Palma teve duas comemora\u00e7\u00f5es pelo seu anivers\u00e1rio, transcorrido no dia 28 de junho, uma no Rio de Janeiro e outra em Lages. No Rio, a aniversariante foi homenageada na badalada praia de Ipanema, com comemora\u00e7\u00e3o organizada pela joaquinense e famosa produtora musical Daura Palma, onde estavam amigos cariocas,\u00a0 de Bel\u00e9m e de S\u00e3o Joaquim. Em Lages, Duda ganhou homenagem com jantar de ades\u00f5es, organizado pela jornalista Karla Cruz. O evento tamb\u00e9m festejou o anivers\u00e1rio de S\u00f4nia Trichez. \u201cForam duas lindas homenagens, as quais agrade\u00e7o imensamente, pelo carinho e manifesta\u00e7\u00f5es dos queridos amigos!\u201d, diz Duda.<br><\/p>\n\n\n<div class=\"wp-block-image\">\n<figure class=\"aligncenter size-large\"><img loading=\"lazy\" decoding=\"async\" width=\"500\" height=\"387\" src=\"https:\/\/www.soleufilho.com.br\/wp-content\/uploads\/2025\/07\/5-1-2-500x387.jpeg\" alt=\"\" class=\"wp-image-2620\" srcset=\"https:\/\/www.soleufilho.com.br\/wp-content\/uploads\/2025\/07\/5-1-2-500x387.jpeg 500w, https:\/\/www.soleufilho.com.br\/wp-content\/uploads\/2025\/07\/5-1-2-300x232.jpeg 300w, https:\/\/www.soleufilho.com.br\/wp-content\/uploads\/2025\/07\/5-1-2.jpeg 542w\" sizes=\"auto, (max-width: 500px) 100vw, 500px\" \/><figcaption class=\"wp-element-caption\">As aniversariantes Duda Palma e S\u00f4nia Trichez com a jornalista Karla Cruz<br><\/figcaption><\/figure><\/div>\n\n<div class=\"wp-block-image\">\n<figure class=\"aligncenter size-large\"><img loading=\"lazy\" decoding=\"async\" width=\"500\" height=\"419\" src=\"https:\/\/www.soleufilho.com.br\/wp-content\/uploads\/2025\/07\/6-1-2-500x419.jpeg\" alt=\"\" class=\"wp-image-2621\" srcset=\"https:\/\/www.soleufilho.com.br\/wp-content\/uploads\/2025\/07\/6-1-2-500x419.jpeg 500w, https:\/\/www.soleufilho.com.br\/wp-content\/uploads\/2025\/07\/6-1-2-300x251.jpeg 300w, https:\/\/www.soleufilho.com.br\/wp-content\/uploads\/2025\/07\/6-1-2.jpeg 519w\" sizes=\"auto, (max-width: 500px) 100vw, 500px\" \/><figcaption class=\"wp-element-caption\">As aniversariantes Duda e S\u00f4nia, com amigas lageanas que as prestigiaram\u00a0 no jantar<\/figcaption><\/figure><\/div>\n\n<div class=\"wp-block-image\">\n<figure class=\"aligncenter size-large\"><img loading=\"lazy\" decoding=\"async\" width=\"375\" height=\"500\" src=\"https:\/\/www.soleufilho.com.br\/wp-content\/uploads\/2025\/07\/7-1-2-375x500.jpeg\" alt=\"\" class=\"wp-image-2626\" srcset=\"https:\/\/www.soleufilho.com.br\/wp-content\/uploads\/2025\/07\/7-1-2-375x500.jpeg 375w, https:\/\/www.soleufilho.com.br\/wp-content\/uploads\/2025\/07\/7-1-2-225x300.jpeg 225w, https:\/\/www.soleufilho.com.br\/wp-content\/uploads\/2025\/07\/7-1-2-768x1023.jpeg 768w, https:\/\/www.soleufilho.com.br\/wp-content\/uploads\/2025\/07\/7-1-2.jpeg 1050w\" sizes=\"auto, (max-width: 375px) 100vw, 375px\" \/><figcaption class=\"wp-element-caption\">Duda Palma na praia de Ipanema, comemorando seu anivers\u00e1rio. \u201cTeve bolo e DJ!\u201d, a feliz aniversariante faz quest\u00e3o de registrar<br><\/figcaption><\/figure><\/div>\n\n<div class=\"wp-block-image\">\n<figure class=\"aligncenter size-large\"><img loading=\"lazy\" decoding=\"async\" width=\"375\" height=\"500\" src=\"https:\/\/www.soleufilho.com.br\/wp-content\/uploads\/2025\/07\/8-1-2-375x500.jpeg\" alt=\"\" class=\"wp-image-2622\" srcset=\"https:\/\/www.soleufilho.com.br\/wp-content\/uploads\/2025\/07\/8-1-2-375x500.jpeg 375w, https:\/\/www.soleufilho.com.br\/wp-content\/uploads\/2025\/07\/8-1-2-225x300.jpeg 225w, https:\/\/www.soleufilho.com.br\/wp-content\/uploads\/2025\/07\/8-1-2-768x1024.jpeg 768w, https:\/\/www.soleufilho.com.br\/wp-content\/uploads\/2025\/07\/8-1-2-1152x1536.jpeg 1152w, https:\/\/www.soleufilho.com.br\/wp-content\/uploads\/2025\/07\/8-1-2.jpeg 1200w\" sizes=\"auto, (max-width: 375px) 100vw, 375px\" \/><figcaption class=\"wp-element-caption\">Fl\u00e1vio Leal, a aniversariante Duda Palma, Daura Palma, Maur\u00edcio Palma e Hugo Lima, em Ipanema<br><\/figcaption><\/figure><\/div>","protected":false},"excerpt":{"rendered":"<p>Foi no sal\u00e3o principal da Associa\u00e7\u00e3o dos Engenheiros e Arquitetos, a prestigiada cerim\u00f4nia de posse da nova diretoria, que teve presen\u00e7a de autoridades, profissionais da \u00e1rea e amigos da engenharia, arquitetura e agronomia. A noite especial marcou o in\u00edcio de nova jornada \u00e0 frente da entidade. O ambiente, cuidadosamente preparado para a ocasi\u00e3o, contou com &hellip; <a href=\"https:\/\/www.soleufilho.com.br\/?p=2628\" class=\"more-link\">Continue lendo <span class=\"screen-reader-text\">Engenheiros e arquitetos empossam nova diretoria!<\/span> <span class=\"meta-nav\">&rarr;<\/span><\/a><\/p>\n","protected":false},"author":1,"featured_media":0,"comment_status":"open","ping_status":"open","sticky":false,"template":"","format":"standard","meta":{"footnotes":""},"categories":[1],"tags":[],"class_list":["post-2628","post","type-post","status-publish","format-standard","hentry","category-uncategorized"],"_links":{"self":[{"href":"https:\/\/www.soleufilho.com.br\/index.php?rest_route=\/wp\/v2\/posts\/2628","targetHints":{"allow":["GET"]}}],"collection":[{"href":"https:\/\/www.soleufilho.com.br\/index.php?rest_route=\/wp\/v2\/posts"}],"about":[{"href":"https:\/\/www.soleufilho.com.br\/index.php?rest_route=\/wp\/v2\/types\/post"}],"author":[{"embeddable":true,"href":"https:\/\/www.soleufilho.com.br\/index.php?rest_route=\/wp\/v2\/users\/1"}],"replies":[{"embeddable":true,"href":"https:\/\/www.soleufilho.com.br\/index.php?rest_route=%2Fwp%2Fv2%2Fcomments&post=2628"}],"version-history":[{"count":1,"href":"https:\/\/www.soleufilho.com.br\/index.php?rest_route=\/wp\/v2\/posts\/2628\/revisions"}],"predecessor-version":[{"id":2629,"href":"https:\/\/www.soleufilho.com.br\/index.php?rest_route=\/wp\/v2\/posts\/2628\/revisions\/2629"}],"wp:attachment":[{"href":"https:\/\/www.soleufilho.com.br\/index.php?rest_route=%2Fwp%2Fv2%2Fmedia&parent=2628"}],"wp:term":[{"taxonomy":"category","embeddable":true,"href":"https:\/\/www.soleufilho.com.br\/index.php?rest_route=%2Fwp%2Fv2%2Fcategories&post=2628"},{"taxonomy":"post_tag","embeddable":true,"href":"https:\/\/www.soleufilho.com.br\/index.php?rest_route=%2Fwp%2Fv2%2Ftags&post=2628"}],"curies":[{"name":"wp","href":"https:\/\/api.w.org\/{rel}","templated":true}]}}