{"id":2637,"date":"2025-08-01T07:00:00","date_gmt":"2025-08-01T10:00:00","guid":{"rendered":"https:\/\/www.soleufilho.com.br\/?p=2637"},"modified":"2025-08-07T22:42:09","modified_gmt":"2025-08-08T01:42:09","slug":"bela-comemoracao-para-o-aniversario-de-silvana-bueno","status":"publish","type":"post","link":"https:\/\/www.soleufilho.com.br\/?p=2637","title":{"rendered":"Bela comemora\u00e7\u00e3o para o anivers\u00e1rio de Silvana Bueno!"},"content":{"rendered":"\n<p>A sede da Associa\u00e7\u00e3o M\u00e9dica da Serra foi palco de noite inesquec\u00edvel, para a bela comemora\u00e7\u00e3o do anivers\u00e1rio de Silvana Bueno. O evento reuniu familiares e amigos numa verdadeira viagem aos vibrantes anos 80, onde a anfitri\u00e3 recebeu muitos cumprimentos ao lado do marido Roberto Bueno.<\/p>\n\n\n\n<p>A decora\u00e7\u00e3o, assinada pela talentosa designer Marilu Maldaner, da Marilu Decora\u00e7\u00e3o e Eventos, transformou o ambiente com globos de espelhos, luzes de neon, discos coloridos e elementos que resgataram, com charme, o clima da \u00e9poca.&nbsp;<\/p>\n\n\n\n<p>O buffet, impec\u00e1vel, ficou por conta do chef Joel Mattos, enquanto a renomada cerimonialista Vira, da Ma\u00eetrise Eventos, coordenou com maestria cada detalhe da noite!<\/p>\n\n\n\n<p>O ponto alto da celebra\u00e7\u00e3o ficou por conta da energia contagiante do Malbec Trio, banda respons\u00e1vel por embalar os convidados, com cl\u00e1ssicos que marcaram gera\u00e7\u00f5es.&nbsp;<\/p>\n\n\n\n<p>E para eternizar os melhores momentos, o fot\u00f3grafo Filipi Mota registrou, com sensibilidade, cada detalhe. Uma noite memor\u00e1vel, \u00e0 altura da alegria e do carisma da aniversariante Silvana!<\/p>\n\n\n<div class=\"wp-block-image\">\n<figure class=\"aligncenter size-large\"><img loading=\"lazy\" decoding=\"async\" width=\"500\" height=\"333\" src=\"https:\/\/www.soleufilho.com.br\/wp-content\/uploads\/2025\/07\/1-1-4-500x333.jpeg\" alt=\"\" class=\"wp-image-2636\" srcset=\"https:\/\/www.soleufilho.com.br\/wp-content\/uploads\/2025\/07\/1-1-4-500x333.jpeg 500w, https:\/\/www.soleufilho.com.br\/wp-content\/uploads\/2025\/07\/1-1-4-300x200.jpeg 300w, https:\/\/www.soleufilho.com.br\/wp-content\/uploads\/2025\/07\/1-1-4-768x512.jpeg 768w, https:\/\/www.soleufilho.com.br\/wp-content\/uploads\/2025\/07\/1-1-4.jpeg 1450w\" sizes=\"auto, (max-width: 500px) 100vw, 500px\" \/><figcaption class=\"wp-element-caption\">Bruna Bueno, Camila Bueno, Mariana Bueno Martelo, Silvana Bueno, Roberto Bueno, Gustavo Bueno e Ricardo Martelo fazem um brinde, \u00e0 feliz aniversariante!<br><\/figcaption><\/figure><\/div>\n\n<div class=\"wp-block-image\">\n<figure class=\"aligncenter size-large\"><img loading=\"lazy\" decoding=\"async\" width=\"500\" height=\"333\" src=\"https:\/\/www.soleufilho.com.br\/wp-content\/uploads\/2025\/07\/2-1-4-500x333.jpeg\" alt=\"\" class=\"wp-image-2632\" srcset=\"https:\/\/www.soleufilho.com.br\/wp-content\/uploads\/2025\/07\/2-1-4-500x333.jpeg 500w, https:\/\/www.soleufilho.com.br\/wp-content\/uploads\/2025\/07\/2-1-4-300x200.jpeg 300w, https:\/\/www.soleufilho.com.br\/wp-content\/uploads\/2025\/07\/2-1-4-768x512.jpeg 768w, https:\/\/www.soleufilho.com.br\/wp-content\/uploads\/2025\/07\/2-1-4.jpeg 1280w\" sizes=\"auto, (max-width: 500px) 100vw, 500px\" \/><figcaption class=\"wp-element-caption\">A aniversariante Silvana com o marido Roberto e os filhos Camila Bueno, Mariana Bueno Martelo e Gustavo Bueno<br><\/figcaption><\/figure><\/div>\n\n<div class=\"wp-block-image\">\n<figure class=\"aligncenter size-large\"><img loading=\"lazy\" decoding=\"async\" width=\"500\" height=\"333\" src=\"https:\/\/www.soleufilho.com.br\/wp-content\/uploads\/2025\/07\/3-1-3-500x333.jpeg\" alt=\"\" class=\"wp-image-2635\" srcset=\"https:\/\/www.soleufilho.com.br\/wp-content\/uploads\/2025\/07\/3-1-3-500x333.jpeg 500w, https:\/\/www.soleufilho.com.br\/wp-content\/uploads\/2025\/07\/3-1-3-300x200.jpeg 300w, https:\/\/www.soleufilho.com.br\/wp-content\/uploads\/2025\/07\/3-1-3-768x512.jpeg 768w, https:\/\/www.soleufilho.com.br\/wp-content\/uploads\/2025\/07\/3-1-3.jpeg 1450w\" sizes=\"auto, (max-width: 500px) 100vw, 500px\" \/><figcaption class=\"wp-element-caption\">Aniversariante Silvana Bueno e a famosa cerimonialista Vira Cevei<br><\/figcaption><\/figure><\/div>\n\n<div class=\"wp-block-image\">\n<figure class=\"aligncenter size-large\"><img loading=\"lazy\" decoding=\"async\" width=\"333\" height=\"500\" src=\"https:\/\/www.soleufilho.com.br\/wp-content\/uploads\/2025\/07\/4-1-3-333x500.jpeg\" alt=\"\" class=\"wp-image-2634\" srcset=\"https:\/\/www.soleufilho.com.br\/wp-content\/uploads\/2025\/07\/4-1-3-333x500.jpeg 333w, https:\/\/www.soleufilho.com.br\/wp-content\/uploads\/2025\/07\/4-1-3-200x300.jpeg 200w, https:\/\/www.soleufilho.com.br\/wp-content\/uploads\/2025\/07\/4-1-3-768x1153.jpeg 768w, https:\/\/www.soleufilho.com.br\/wp-content\/uploads\/2025\/07\/4-1-3-1023x1536.jpeg 1023w, https:\/\/www.soleufilho.com.br\/wp-content\/uploads\/2025\/07\/4-1-3.jpeg 1066w\" sizes=\"auto, (max-width: 333px) 100vw, 333px\" \/><figcaption class=\"wp-element-caption\">Roberto e Silvana Bueno, durante os festejos pelo anivers\u00e1rio dela<br><\/figcaption><\/figure><\/div>\n\n\n<h2 class=\"wp-block-heading\">Clicks<\/h2>\n\n\n<div class=\"wp-block-image\">\n<figure class=\"aligncenter size-large\"><img loading=\"lazy\" decoding=\"async\" width=\"281\" height=\"500\" src=\"https:\/\/www.soleufilho.com.br\/wp-content\/uploads\/2025\/07\/5-1-3-281x500.jpeg\" alt=\"\" class=\"wp-image-2631\" srcset=\"https:\/\/www.soleufilho.com.br\/wp-content\/uploads\/2025\/07\/5-1-3-281x500.jpeg 281w, https:\/\/www.soleufilho.com.br\/wp-content\/uploads\/2025\/07\/5-1-3-169x300.jpeg 169w, https:\/\/www.soleufilho.com.br\/wp-content\/uploads\/2025\/07\/5-1-3-768x1365.jpeg 768w, https:\/\/www.soleufilho.com.br\/wp-content\/uploads\/2025\/07\/5-1-3-864x1536.jpeg 864w, https:\/\/www.soleufilho.com.br\/wp-content\/uploads\/2025\/07\/5-1-3.jpeg 900w\" sizes=\"auto, (max-width: 281px) 100vw, 281px\" \/><figcaption class=\"wp-element-caption\">D\u00e9bora Martello comemorou anivers\u00e1rio dia 18 de julho, oportunidade em que reuniu amigos e familiares com coquetel na sede do Pinheirinho<br><\/figcaption><\/figure><\/div>\n\n<div class=\"wp-block-image\">\n<figure class=\"aligncenter size-large\"><img loading=\"lazy\" decoding=\"async\" width=\"334\" height=\"500\" src=\"https:\/\/www.soleufilho.com.br\/wp-content\/uploads\/2025\/07\/6-1-3-334x500.jpeg\" alt=\"\" class=\"wp-image-2630\" srcset=\"https:\/\/www.soleufilho.com.br\/wp-content\/uploads\/2025\/07\/6-1-3-334x500.jpeg 334w, https:\/\/www.soleufilho.com.br\/wp-content\/uploads\/2025\/07\/6-1-3-200x300.jpeg 200w, https:\/\/www.soleufilho.com.br\/wp-content\/uploads\/2025\/07\/6-1-3.jpeg 720w\" sizes=\"auto, (max-width: 334px) 100vw, 334px\" \/><figcaption class=\"wp-element-caption\">Quem trocou de idade recentemente foi a fonoaudi\u00f3loga e banc\u00e1ria D\u00e9borah Lara Morais, que nessa imagem aparece com a linda filha Mait\u00ea. A aniversariante comemorou a data com familiares e amigos, em Nova Veneza<br><\/figcaption><\/figure><\/div>\n\n<div class=\"wp-block-image\">\n<figure class=\"aligncenter size-large\"><img loading=\"lazy\" decoding=\"async\" width=\"333\" height=\"500\" src=\"https:\/\/www.soleufilho.com.br\/wp-content\/uploads\/2025\/07\/7-1-3-333x500.jpeg\" alt=\"\" class=\"wp-image-2633\" srcset=\"https:\/\/www.soleufilho.com.br\/wp-content\/uploads\/2025\/07\/7-1-3-333x500.jpeg 333w, https:\/\/www.soleufilho.com.br\/wp-content\/uploads\/2025\/07\/7-1-3-200x300.jpeg 200w, https:\/\/www.soleufilho.com.br\/wp-content\/uploads\/2025\/07\/7-1-3-768x1153.jpeg 768w, https:\/\/www.soleufilho.com.br\/wp-content\/uploads\/2025\/07\/7-1-3-1023x1536.jpeg 1023w, https:\/\/www.soleufilho.com.br\/wp-content\/uploads\/2025\/07\/7-1-3.jpeg 1066w\" sizes=\"auto, (max-width: 333px) 100vw, 333px\" \/><figcaption class=\"wp-element-caption\">Mirtes Hemkemaier, celebra seu anivers\u00e1rio em Meia Praia, Itapema, seu ref\u00fagio de alma.<br>Com a fam\u00edlia e amigos por perto.\u00a0 \u201cFortalecendo la\u00e7os de amor, ternura, gratid\u00e3o, inspira\u00e7\u00e3o e reconex\u00e3o!\u201d, comemora\u00a0<br><\/figcaption><\/figure><\/div>\n\n\n<p><\/p>\n","protected":false},"excerpt":{"rendered":"<p>A sede da Associa\u00e7\u00e3o M\u00e9dica da Serra foi palco de noite inesquec\u00edvel, para a bela comemora\u00e7\u00e3o do anivers\u00e1rio de Silvana Bueno. O evento reuniu familiares e amigos numa verdadeira viagem aos vibrantes anos 80, onde a anfitri\u00e3 recebeu muitos cumprimentos ao lado do marido Roberto Bueno. A decora\u00e7\u00e3o, assinada pela talentosa designer Marilu Maldaner, da &hellip; <a href=\"https:\/\/www.soleufilho.com.br\/?p=2637\" class=\"more-link\">Continue lendo <span class=\"screen-reader-text\">Bela comemora\u00e7\u00e3o para o anivers\u00e1rio de Silvana Bueno!<\/span> <span class=\"meta-nav\">&rarr;<\/span><\/a><\/p>\n","protected":false},"author":1,"featured_media":0,"comment_status":"open","ping_status":"open","sticky":false,"template":"","format":"standard","meta":{"footnotes":""},"categories":[1],"tags":[],"class_list":["post-2637","post","type-post","status-publish","format-standard","hentry","category-uncategorized"],"_links":{"self":[{"href":"https:\/\/www.soleufilho.com.br\/index.php?rest_route=\/wp\/v2\/posts\/2637","targetHints":{"allow":["GET"]}}],"collection":[{"href":"https:\/\/www.soleufilho.com.br\/index.php?rest_route=\/wp\/v2\/posts"}],"about":[{"href":"https:\/\/www.soleufilho.com.br\/index.php?rest_route=\/wp\/v2\/types\/post"}],"author":[{"embeddable":true,"href":"https:\/\/www.soleufilho.com.br\/index.php?rest_route=\/wp\/v2\/users\/1"}],"replies":[{"embeddable":true,"href":"https:\/\/www.soleufilho.com.br\/index.php?rest_route=%2Fwp%2Fv2%2Fcomments&post=2637"}],"version-history":[{"count":1,"href":"https:\/\/www.soleufilho.com.br\/index.php?rest_route=\/wp\/v2\/posts\/2637\/revisions"}],"predecessor-version":[{"id":2638,"href":"https:\/\/www.soleufilho.com.br\/index.php?rest_route=\/wp\/v2\/posts\/2637\/revisions\/2638"}],"wp:attachment":[{"href":"https:\/\/www.soleufilho.com.br\/index.php?rest_route=%2Fwp%2Fv2%2Fmedia&parent=2637"}],"wp:term":[{"taxonomy":"category","embeddable":true,"href":"https:\/\/www.soleufilho.com.br\/index.php?rest_route=%2Fwp%2Fv2%2Fcategories&post=2637"},{"taxonomy":"post_tag","embeddable":true,"href":"https:\/\/www.soleufilho.com.br\/index.php?rest_route=%2Fwp%2Fv2%2Ftags&post=2637"}],"curies":[{"name":"wp","href":"https:\/\/api.w.org\/{rel}","templated":true}]}}