{"id":2652,"date":"2025-08-08T07:00:00","date_gmt":"2025-08-08T10:00:00","guid":{"rendered":"https:\/\/www.soleufilho.com.br\/?p=2652"},"modified":"2025-08-07T23:51:17","modified_gmt":"2025-08-08T02:51:17","slug":"noite-de-rock-para-os-papais-no-serrano","status":"publish","type":"post","link":"https:\/\/www.soleufilho.com.br\/?p=2652","title":{"rendered":"Noite de Rock para os papais, no Serrano!"},"content":{"rendered":"\n<p>O Serrano T\u00eanis Clube convida a todos para sensacional Noite de Rock, que ser\u00e1 realizada amanh\u00e3 (9 .8), a partir das 21h, no sal\u00e3o principal do clube. O motivo: festejar o Dia dos Pais!<\/p>\n\n\n\n<p>O repert\u00f3rio ficar\u00e1 por conta da famosa Banda Vintage Cult, de Balne\u00e1rio Cambori\u00fa, que traz a&nbsp; Lages os grandes cl\u00e1ssicos do rock dos anos 70\/80\/90. Mais: para incrementar haver\u00e1 servi\u00e7o de hamburgueria. E os convites, al\u00e9m de maiores informa\u00e7\u00f5es sobre o evento, est\u00e3o a disposi\u00e7\u00e3o na secretaria do clube. \u00d3tima op\u00e7\u00e3o para homenagear os faceiros papais!<\/p>\n\n\n<div class=\"wp-block-image\">\n<figure class=\"aligncenter size-large\"><img loading=\"lazy\" decoding=\"async\" width=\"500\" height=\"333\" src=\"https:\/\/www.soleufilho.com.br\/wp-content\/uploads\/2025\/08\/1-1-500x333.jpeg\" alt=\"\" class=\"wp-image-2646\" srcset=\"https:\/\/www.soleufilho.com.br\/wp-content\/uploads\/2025\/08\/1-1-500x333.jpeg 500w, https:\/\/www.soleufilho.com.br\/wp-content\/uploads\/2025\/08\/1-1-300x200.jpeg 300w, https:\/\/www.soleufilho.com.br\/wp-content\/uploads\/2025\/08\/1-1-768x512.jpeg 768w, https:\/\/www.soleufilho.com.br\/wp-content\/uploads\/2025\/08\/1-1.jpeg 1500w\" sizes=\"auto, (max-width: 500px) 100vw, 500px\" \/><figcaption class=\"wp-element-caption\">Banda Vintage Cult, de Balne\u00e1rio Cambori\u00fa, traz a\u00a0 Lages amanh\u00e3, no Serrano,\u00a0 os grandes cl\u00e1ssicos do rock dos anos 70\/80\/90, para homenagear os papais!<br><\/figcaption><\/figure><\/div>\n\n\n<h2 class=\"wp-block-heading\">Clicks<\/h2>\n\n\n<div class=\"wp-block-image\">\n<figure class=\"aligncenter size-large\"><img loading=\"lazy\" decoding=\"async\" width=\"500\" height=\"231\" src=\"https:\/\/www.soleufilho.com.br\/wp-content\/uploads\/2025\/08\/2-1-500x231.jpeg\" alt=\"\" class=\"wp-image-2640\" srcset=\"https:\/\/www.soleufilho.com.br\/wp-content\/uploads\/2025\/08\/2-1-500x231.jpeg 500w, https:\/\/www.soleufilho.com.br\/wp-content\/uploads\/2025\/08\/2-1-300x138.jpeg 300w, https:\/\/www.soleufilho.com.br\/wp-content\/uploads\/2025\/08\/2-1-768x354.jpeg 768w, https:\/\/www.soleufilho.com.br\/wp-content\/uploads\/2025\/08\/2-1.jpeg 1450w\" sizes=\"auto, (max-width: 500px) 100vw, 500px\" \/><figcaption class=\"wp-element-caption\">Essa turma, das mais animadas, reuniu-se em torno de M\u00f4nica Zonta, que s\u00e1bado (2.8) comemorou a chegada de seus 50 anos! O agito, com toques de S\u00e3o Jo\u00e3o,\u00a0 reuniu amigos e familiares,\u00a0 na fazenda\u00a0 da fam\u00edlia, em Painel<br><\/figcaption><\/figure><\/div>\n\n<div class=\"wp-block-image\">\n<figure class=\"aligncenter size-large\"><img loading=\"lazy\" decoding=\"async\" width=\"333\" height=\"500\" src=\"https:\/\/www.soleufilho.com.br\/wp-content\/uploads\/2025\/08\/4-1-333x500.jpeg\" alt=\"\" class=\"wp-image-2641\" srcset=\"https:\/\/www.soleufilho.com.br\/wp-content\/uploads\/2025\/08\/4-1-333x500.jpeg 333w, https:\/\/www.soleufilho.com.br\/wp-content\/uploads\/2025\/08\/4-1-200x300.jpeg 200w, https:\/\/www.soleufilho.com.br\/wp-content\/uploads\/2025\/08\/4-1-768x1152.jpeg 768w, https:\/\/www.soleufilho.com.br\/wp-content\/uploads\/2025\/08\/4-1.jpeg 853w\" sizes=\"auto, (max-width: 333px) 100vw, 333px\" \/><figcaption class=\"wp-element-caption\">Gisele Neto trocou de idade dia 21 de julho. A aniversariante veio de Balne\u00e1rio Cambori\u00fa, onde reside, especialmente para comemorar\u00a0 a data em Lages,\u00a0 com direito a bonito jantar para amigos e familiares!<br><\/figcaption><\/figure><\/div>\n\n<div class=\"wp-block-image\">\n<figure class=\"aligncenter size-large\"><img loading=\"lazy\" decoding=\"async\" width=\"400\" height=\"500\" src=\"https:\/\/www.soleufilho.com.br\/wp-content\/uploads\/2025\/08\/3-1-400x500.jpeg\" alt=\"\" class=\"wp-image-2645\" srcset=\"https:\/\/www.soleufilho.com.br\/wp-content\/uploads\/2025\/08\/3-1-400x500.jpeg 400w, https:\/\/www.soleufilho.com.br\/wp-content\/uploads\/2025\/08\/3-1-240x300.jpeg 240w, https:\/\/www.soleufilho.com.br\/wp-content\/uploads\/2025\/08\/3-1-768x960.jpeg 768w, https:\/\/www.soleufilho.com.br\/wp-content\/uploads\/2025\/08\/3-1-1229x1536.jpeg 1229w, https:\/\/www.soleufilho.com.br\/wp-content\/uploads\/2025\/08\/3-1.jpeg 1280w\" sizes=\"auto, (max-width: 400px) 100vw, 400px\" \/><figcaption class=\"wp-element-caption\">Ruy Furtado Filho, lageano, consagrou-se em S\u00e3o Paulo, como famoso produtor de moda no Pa\u00eds, ao lado de sua amiga Gisele B\u00fcndchen<br><\/figcaption><\/figure><\/div>\n\n<div class=\"wp-block-image\">\n<figure class=\"aligncenter size-large\"><img loading=\"lazy\" decoding=\"async\" width=\"221\" height=\"500\" src=\"https:\/\/www.soleufilho.com.br\/wp-content\/uploads\/2025\/08\/5-1-221x500.jpeg\" alt=\"\" class=\"wp-image-2642\" srcset=\"https:\/\/www.soleufilho.com.br\/wp-content\/uploads\/2025\/08\/5-1-221x500.jpeg 221w, https:\/\/www.soleufilho.com.br\/wp-content\/uploads\/2025\/08\/5-1-132x300.jpeg 132w, https:\/\/www.soleufilho.com.br\/wp-content\/uploads\/2025\/08\/5-1.jpeg 497w\" sizes=\"auto, (max-width: 221px) 100vw, 221px\" \/><figcaption class=\"wp-element-caption\">S\u00f4nia Trichez celebrou novo ciclo com amigos e boas vibra\u00e7\u00f5es,\u00a0 dia12 de julho. Os festejos ocorreram em clima de afeto e alegria, com presen\u00e7a de amigos e familiares!<br><\/figcaption><\/figure><\/div>\n\n<div class=\"wp-block-image\">\n<figure class=\"aligncenter size-large\"><img loading=\"lazy\" decoding=\"async\" width=\"500\" height=\"500\" src=\"https:\/\/www.soleufilho.com.br\/wp-content\/uploads\/2025\/08\/6-1-500x500.jpg\" alt=\"\" class=\"wp-image-2644\" srcset=\"https:\/\/www.soleufilho.com.br\/wp-content\/uploads\/2025\/08\/6-1-500x500.jpg 500w, https:\/\/www.soleufilho.com.br\/wp-content\/uploads\/2025\/08\/6-1-300x300.jpg 300w, https:\/\/www.soleufilho.com.br\/wp-content\/uploads\/2025\/08\/6-1-150x150.jpg 150w, https:\/\/www.soleufilho.com.br\/wp-content\/uploads\/2025\/08\/6-1-768x768.jpg 768w, https:\/\/www.soleufilho.com.br\/wp-content\/uploads\/2025\/08\/6-1.jpg 1200w\" sizes=\"auto, (max-width: 500px) 100vw, 500px\" \/><figcaption class=\"wp-element-caption\">A senadora da Rep\u00fablica<a href=\"https:\/\/www.facebook.com\/profile.php?id=100008355153224&amp;__cft__%5B0%5D=AZUis2Md40S4ETsCV-MnTrVfV-fqqVROStKDJZyoCs1OlANw64Ft1CXdRBrB6-q7y1enTFCf8IuIlPaeH7Kwq5il1fVcSdDcDZ-9Os3LJ_zi9kTk7e1RfYrmUuNBVxkY8egV1xR7Nu5_DvNUpI7M6V4lY36CyHvVjunrZBYOmGGyhDyi1vnNrv2CiiNRDVig3zU&amp;__tn__=-%5DK-R\"> <\/a>Ivete Appel da Silveira, com o casal que dirige o Instituto Internacional Juarez Machado,<a href=\"https:\/\/www.facebook.com\/eularegina.maciel?__cft__%5B0%5D=AZUis2Md40S4ETsCV-MnTrVfV-fqqVROStKDJZyoCs1OlANw64Ft1CXdRBrB6-q7y1enTFCf8IuIlPaeH7Kwq5il1fVcSdDcDZ-9Os3LJ_zi9kTk7e1RfYrmUuNBVxkY8egV1xR7Nu5_DvNUpI7M6V4lY36CyHvVjunrZBYOmGGyhDyi1vnNrv2CiiNRDVig3zU&amp;__tn__=-%5DK-R\"> Eula Regina Maciel e <\/a>Edson Machado, no Camarote Vip do Festival de Dan\u00e7a de Joinville,\u00a0 na Noite dos Campe\u00f5es\u00a0<br><\/figcaption><\/figure><\/div>\n\n<div class=\"wp-block-image\">\n<figure class=\"aligncenter size-large\"><img loading=\"lazy\" decoding=\"async\" width=\"379\" height=\"500\" src=\"https:\/\/www.soleufilho.com.br\/wp-content\/uploads\/2025\/08\/7-1-379x500.jpg\" alt=\"\" class=\"wp-image-2643\" srcset=\"https:\/\/www.soleufilho.com.br\/wp-content\/uploads\/2025\/08\/7-1-379x500.jpg 379w, https:\/\/www.soleufilho.com.br\/wp-content\/uploads\/2025\/08\/7-1-227x300.jpg 227w, https:\/\/www.soleufilho.com.br\/wp-content\/uploads\/2025\/08\/7-1-768x1014.jpg 768w, https:\/\/www.soleufilho.com.br\/wp-content\/uploads\/2025\/08\/7-1.jpg 960w\" sizes=\"auto, (max-width: 379px) 100vw, 379px\" \/><figcaption class=\"wp-element-caption\">Joara Vargas da Cruz e Maria Waltair Carvalho, no Clube dos Oficiais, animando o famoso arrai\u00e1 do Clube da Lady!<br><\/figcaption><\/figure><\/div>\n\n\n<p><\/p>\n","protected":false},"excerpt":{"rendered":"<p>O Serrano T\u00eanis Clube convida a todos para sensacional Noite de Rock, que ser\u00e1 realizada amanh\u00e3 (9 .8), a partir das 21h, no sal\u00e3o principal do clube. O motivo: festejar o Dia dos Pais! O repert\u00f3rio ficar\u00e1 por conta da famosa Banda Vintage Cult, de Balne\u00e1rio Cambori\u00fa, que traz a&nbsp; Lages os grandes cl\u00e1ssicos do &hellip; <a href=\"https:\/\/www.soleufilho.com.br\/?p=2652\" class=\"more-link\">Continue lendo <span class=\"screen-reader-text\">Noite de Rock para os papais, no Serrano!<\/span> <span class=\"meta-nav\">&rarr;<\/span><\/a><\/p>\n","protected":false},"author":1,"featured_media":0,"comment_status":"open","ping_status":"open","sticky":false,"template":"","format":"standard","meta":{"footnotes":""},"categories":[1],"tags":[],"class_list":["post-2652","post","type-post","status-publish","format-standard","hentry","category-uncategorized"],"_links":{"self":[{"href":"https:\/\/www.soleufilho.com.br\/index.php?rest_route=\/wp\/v2\/posts\/2652","targetHints":{"allow":["GET"]}}],"collection":[{"href":"https:\/\/www.soleufilho.com.br\/index.php?rest_route=\/wp\/v2\/posts"}],"about":[{"href":"https:\/\/www.soleufilho.com.br\/index.php?rest_route=\/wp\/v2\/types\/post"}],"author":[{"embeddable":true,"href":"https:\/\/www.soleufilho.com.br\/index.php?rest_route=\/wp\/v2\/users\/1"}],"replies":[{"embeddable":true,"href":"https:\/\/www.soleufilho.com.br\/index.php?rest_route=%2Fwp%2Fv2%2Fcomments&post=2652"}],"version-history":[{"count":1,"href":"https:\/\/www.soleufilho.com.br\/index.php?rest_route=\/wp\/v2\/posts\/2652\/revisions"}],"predecessor-version":[{"id":2653,"href":"https:\/\/www.soleufilho.com.br\/index.php?rest_route=\/wp\/v2\/posts\/2652\/revisions\/2653"}],"wp:attachment":[{"href":"https:\/\/www.soleufilho.com.br\/index.php?rest_route=%2Fwp%2Fv2%2Fmedia&parent=2652"}],"wp:term":[{"taxonomy":"category","embeddable":true,"href":"https:\/\/www.soleufilho.com.br\/index.php?rest_route=%2Fwp%2Fv2%2Fcategories&post=2652"},{"taxonomy":"post_tag","embeddable":true,"href":"https:\/\/www.soleufilho.com.br\/index.php?rest_route=%2Fwp%2Fv2%2Ftags&post=2652"}],"curies":[{"name":"wp","href":"https:\/\/api.w.org\/{rel}","templated":true}]}}