{"id":2659,"date":"2025-08-15T07:00:00","date_gmt":"2025-08-15T10:00:00","guid":{"rendered":"https:\/\/www.soleufilho.com.br\/?p=2659"},"modified":"2025-08-14T21:15:45","modified_gmt":"2025-08-15T00:15:45","slug":"noite-dos-pais-no-serrano-foi-sucesso","status":"publish","type":"post","link":"https:\/\/www.soleufilho.com.br\/?p=2659","title":{"rendered":"Noite dos pais no Serrano foi sucesso!"},"content":{"rendered":"\n<p>Na noite de s\u00e1bado, dia nove, o Serrano T\u00eanis Clube trouxe a Lages a renomada banda de rock Vintage Cult, de Balne\u00e1rio Cambori\u00fa.&nbsp;<\/p>\n\n\n\n<p>O evento foi um presente do dia dos pais, para os s\u00f3cios. O sal\u00e3o principal, com decora\u00e7\u00e3o tem\u00e1tica de Marilu Maldaner, leia-se Marilu Decora\u00e7\u00f5es e Eventos, recebeu um p\u00fablico de 150 pessoas. E devido ao sucesso da noite, o casal presidente j\u00e1 vem ajustando nova data para o retorno da banda, que dever\u00e1 estar presente na inaugura\u00e7\u00e3o do novo espa\u00e7o, ou seja, o t\u00e3o aguardado Terra\u00e7o Serrano!, portanto, promete\u2026<\/p>\n\n\n<div class=\"wp-block-image\">\n<figure class=\"aligncenter size-large\"><img loading=\"lazy\" decoding=\"async\" width=\"500\" height=\"333\" src=\"https:\/\/www.soleufilho.com.br\/wp-content\/uploads\/2025\/08\/3-1-1-500x333.jpeg\" alt=\"\" class=\"wp-image-2656\" srcset=\"https:\/\/www.soleufilho.com.br\/wp-content\/uploads\/2025\/08\/3-1-1-500x333.jpeg 500w, https:\/\/www.soleufilho.com.br\/wp-content\/uploads\/2025\/08\/3-1-1-300x200.jpeg 300w, https:\/\/www.soleufilho.com.br\/wp-content\/uploads\/2025\/08\/3-1-1-768x512.jpeg 768w, https:\/\/www.soleufilho.com.br\/wp-content\/uploads\/2025\/08\/3-1-1.jpeg 1380w\" sizes=\"auto, (max-width: 500px) 100vw, 500px\" \/><figcaption class=\"wp-element-caption\">Ana Righez, Mitieli Favero, Liliane Rossi Castagna, Sheila Zago, Fabiane Machado,\u00a0\u00a0<br>Camila Maciel, Dellly Couto e Daniela Kantowitz, durante a noite de rock, no Serrano<br><\/figcaption><\/figure><\/div>\n\n<div class=\"wp-block-image\">\n<figure class=\"aligncenter size-large\"><img loading=\"lazy\" decoding=\"async\" width=\"500\" height=\"333\" src=\"https:\/\/www.soleufilho.com.br\/wp-content\/uploads\/2025\/08\/4-1-1-500x333.jpeg\" alt=\"\" class=\"wp-image-2654\" srcset=\"https:\/\/www.soleufilho.com.br\/wp-content\/uploads\/2025\/08\/4-1-1-500x333.jpeg 500w, https:\/\/www.soleufilho.com.br\/wp-content\/uploads\/2025\/08\/4-1-1-300x200.jpeg 300w, https:\/\/www.soleufilho.com.br\/wp-content\/uploads\/2025\/08\/4-1-1-768x512.jpeg 768w, https:\/\/www.soleufilho.com.br\/wp-content\/uploads\/2025\/08\/4-1-1.jpeg 1380w\" sizes=\"auto, (max-width: 500px) 100vw, 500px\" \/><figcaption class=\"wp-element-caption\">Gi Manrich, Janaina Ghizzoni, Kele Pereira,\u00a0<br>Ana Righez, Liliane Rossi, Mitieli Favero\u00a0<br>Delly Couto e Daniela Kantowitz, no Serrano<br><\/figcaption><\/figure><\/div>\n\n<div class=\"wp-block-image\">\n<figure class=\"aligncenter size-large\"><img loading=\"lazy\" decoding=\"async\" width=\"376\" height=\"500\" src=\"https:\/\/www.soleufilho.com.br\/wp-content\/uploads\/2025\/08\/5-1-1-376x500.jpeg\" alt=\"\" class=\"wp-image-2655\" srcset=\"https:\/\/www.soleufilho.com.br\/wp-content\/uploads\/2025\/08\/5-1-1-376x500.jpeg 376w, https:\/\/www.soleufilho.com.br\/wp-content\/uploads\/2025\/08\/5-1-1-225x300.jpeg 225w, https:\/\/www.soleufilho.com.br\/wp-content\/uploads\/2025\/08\/5-1-1-768x1023.jpeg 768w, https:\/\/www.soleufilho.com.br\/wp-content\/uploads\/2025\/08\/5-1-1.jpeg 1101w\" sizes=\"auto, (max-width: 376px) 100vw, 376px\" \/><figcaption class=\"wp-element-caption\">Raineri, Roney Bass, Liliane Rossi, Cris Lima e os vocalistas da banda Vintage Cult, no Serrano<br><\/figcaption><\/figure><\/div>\n\n\n<h2 class=\"wp-block-heading\"><strong>Louise Lucena canta Daniel Lucena!<\/strong><br><\/h2>\n\n\n\n<p>A cantora lageana Louise Lucena anuncia um emocionante projeto musical em tributo a seu irm\u00e3o, o inesquec\u00edvel Daniel Lucena, um dos maiores compositores da m\u00fasica catarinense.<\/p>\n\n\n\n<p>O projeto, intitulado &#8220;Uma Estrela no Meu C\u00e9u, Louise Lucena canta Daniel Lucena&#8221;, busca contribuir para a preserva\u00e7\u00e3o e reconhecimento do patrim\u00f4nio cultural deixado por Daniel Lucena, enriquecendo a cena cultural local e nacional.<\/p>\n\n\n\n<p>Al\u00e9m de Louise Lucena nos vocais, o projeto tem Giovanni Sagaz, no piano e produ\u00e7\u00e3o, Osmar \u201cPeninha\u201d Schulze, na bateria, e Arnou de Melo, nos contrabaixos, e convidados especiais.<\/p>\n\n\n\n<p>A produ\u00e7\u00e3o foi registrada em um \u00e1lbum especial, que ser\u00e1 lan\u00e7ado em todas as plataformas digitais, acompanhada de uma Live Session, que mostrar\u00e1 os bastidores das grava\u00e7\u00f5es e depoimentos sobre a trajet\u00f3ria do compositor. O lan\u00e7amento ser\u00e1 hoje (sexta-feira, dia 15 de agosto).<\/p>\n\n\n\n<p>O projeto \u00e9 realizado pela Lei de Incentivo \u00e0 Cultura de Itaja\u00ed, atrav\u00e9s da Funda\u00e7\u00e3o Cultural de Itaja\u00ed e<a href=\"https:\/\/www.facebook.com\/PrefeituradeItajai?__cft__%5B0%5D=AZWkVA4YiTmBq2Z-YF45nPLxgv2mnRjiCSKwOFtLbgAEt3addKWjAOk7TQ9nqm0E-9H8rYkSRJGbkr42fjHTeSXWNwpkQQz4mC5slDoMYJbu-d9GUpY4tfT3q1I7dwciNTBIbqTnUWBv4VqL8xE9iIfBUZj3p1UreIksiS_Opc4pO-syRyBcbGv0-XAnodjlixg&amp;__tn__=-%5DK-y-R\"> <\/a>Prefeitura de Itaja\u00ed. Torcemos para que Louise apresente o projeto, o mais r\u00e1pido poss\u00edvel aqui, na terra dos Lucena!<\/p>\n\n\n<div class=\"wp-block-image\">\n<figure class=\"aligncenter size-large\"><img loading=\"lazy\" decoding=\"async\" width=\"500\" height=\"500\" src=\"https:\/\/www.soleufilho.com.br\/wp-content\/uploads\/2025\/08\/1-1-500x500.jpg\" alt=\"\" class=\"wp-image-2657\" srcset=\"https:\/\/www.soleufilho.com.br\/wp-content\/uploads\/2025\/08\/1-1-500x500.jpg 500w, https:\/\/www.soleufilho.com.br\/wp-content\/uploads\/2025\/08\/1-1-300x300.jpg 300w, https:\/\/www.soleufilho.com.br\/wp-content\/uploads\/2025\/08\/1-1-150x150.jpg 150w, https:\/\/www.soleufilho.com.br\/wp-content\/uploads\/2025\/08\/1-1-768x767.jpg 768w, https:\/\/www.soleufilho.com.br\/wp-content\/uploads\/2025\/08\/1-1.jpg 1500w\" sizes=\"auto, (max-width: 500px) 100vw, 500px\" \/><figcaption class=\"wp-element-caption\">Louise Lucena lan\u00e7a hoje, o projeto musical que homenageia o irm\u00e3o Daniel Lucena<br><br><br><\/figcaption><\/figure><\/div>\n\n\n<h2 class=\"wp-block-heading\">Mais<\/h2>\n\n\n<div class=\"wp-block-image\">\n<figure class=\"aligncenter size-large\"><img loading=\"lazy\" decoding=\"async\" width=\"500\" height=\"500\" src=\"https:\/\/www.soleufilho.com.br\/wp-content\/uploads\/2025\/08\/2-1-1-500x500.jpeg\" alt=\"\" class=\"wp-image-2658\" srcset=\"https:\/\/www.soleufilho.com.br\/wp-content\/uploads\/2025\/08\/2-1-1-500x500.jpeg 500w, https:\/\/www.soleufilho.com.br\/wp-content\/uploads\/2025\/08\/2-1-1-300x300.jpeg 300w, https:\/\/www.soleufilho.com.br\/wp-content\/uploads\/2025\/08\/2-1-1-150x150.jpeg 150w, https:\/\/www.soleufilho.com.br\/wp-content\/uploads\/2025\/08\/2-1-1-768x768.jpeg 768w, https:\/\/www.soleufilho.com.br\/wp-content\/uploads\/2025\/08\/2-1-1.jpeg 1440w\" sizes=\"auto, (max-width: 500px) 100vw, 500px\" \/><figcaption class=\"wp-element-caption\">Durante o almo\u00e7o festivo pelo anivers\u00e1rio de\u00a0 Linda Koerich, em Florian\u00f3polis, grupo de elegantes da sociedade de Floripa:\u00a0 Linda Rocha, Helena M\u00e1rcia Beduschi e Izabel Costa. O evento foi dos mais prestigiados!<br><\/figcaption><\/figure><\/div>\n\n\n<p><\/p>\n","protected":false},"excerpt":{"rendered":"<p>Na noite de s\u00e1bado, dia nove, o Serrano T\u00eanis Clube trouxe a Lages a renomada banda de rock Vintage Cult, de Balne\u00e1rio Cambori\u00fa.&nbsp; O evento foi um presente do dia dos pais, para os s\u00f3cios. O sal\u00e3o principal, com decora\u00e7\u00e3o tem\u00e1tica de Marilu Maldaner, leia-se Marilu Decora\u00e7\u00f5es e Eventos, recebeu um p\u00fablico de 150 pessoas. &hellip; <a href=\"https:\/\/www.soleufilho.com.br\/?p=2659\" class=\"more-link\">Continue lendo <span class=\"screen-reader-text\">Noite dos pais no Serrano foi sucesso!<\/span> <span class=\"meta-nav\">&rarr;<\/span><\/a><\/p>\n","protected":false},"author":1,"featured_media":0,"comment_status":"open","ping_status":"open","sticky":false,"template":"","format":"standard","meta":{"footnotes":""},"categories":[1],"tags":[],"class_list":["post-2659","post","type-post","status-publish","format-standard","hentry","category-uncategorized"],"_links":{"self":[{"href":"https:\/\/www.soleufilho.com.br\/index.php?rest_route=\/wp\/v2\/posts\/2659","targetHints":{"allow":["GET"]}}],"collection":[{"href":"https:\/\/www.soleufilho.com.br\/index.php?rest_route=\/wp\/v2\/posts"}],"about":[{"href":"https:\/\/www.soleufilho.com.br\/index.php?rest_route=\/wp\/v2\/types\/post"}],"author":[{"embeddable":true,"href":"https:\/\/www.soleufilho.com.br\/index.php?rest_route=\/wp\/v2\/users\/1"}],"replies":[{"embeddable":true,"href":"https:\/\/www.soleufilho.com.br\/index.php?rest_route=%2Fwp%2Fv2%2Fcomments&post=2659"}],"version-history":[{"count":1,"href":"https:\/\/www.soleufilho.com.br\/index.php?rest_route=\/wp\/v2\/posts\/2659\/revisions"}],"predecessor-version":[{"id":2660,"href":"https:\/\/www.soleufilho.com.br\/index.php?rest_route=\/wp\/v2\/posts\/2659\/revisions\/2660"}],"wp:attachment":[{"href":"https:\/\/www.soleufilho.com.br\/index.php?rest_route=%2Fwp%2Fv2%2Fmedia&parent=2659"}],"wp:term":[{"taxonomy":"category","embeddable":true,"href":"https:\/\/www.soleufilho.com.br\/index.php?rest_route=%2Fwp%2Fv2%2Fcategories&post=2659"},{"taxonomy":"post_tag","embeddable":true,"href":"https:\/\/www.soleufilho.com.br\/index.php?rest_route=%2Fwp%2Fv2%2Ftags&post=2659"}],"curies":[{"name":"wp","href":"https:\/\/api.w.org\/{rel}","templated":true}]}}