{"id":2671,"date":"2025-08-22T07:00:00","date_gmt":"2025-08-22T10:00:00","guid":{"rendered":"https:\/\/www.soleufilho.com.br\/?p=2671"},"modified":"2025-08-21T21:51:52","modified_gmt":"2025-08-22T00:51:52","slug":"the-zorden-a-banda-que-apresenta-em-seus-shows-uma-verdadeira-mistura-de-estilos","status":"publish","type":"post","link":"https:\/\/www.soleufilho.com.br\/?p=2671","title":{"rendered":"The Zorden, a banda que apresenta em seus shows uma verdadeira mistura de estilos!"},"content":{"rendered":"\n<p>A The Zorden surgiu em S\u00e3o Joaquim em 1990 e conta com os irm\u00e3os Rafael, Eduardo e Jo\u00e3o Paulo Martorano Salvador como base da banda.<\/p>\n\n\n\n<p>Em 2004, lan\u00e7ou o primeiro CD, \u201cEm Ordem\u201d, com 11 composi\u00e7\u00f5es pr\u00f3prias.&nbsp;&nbsp;<\/p>\n\n\n\n<p>No final de 2010, ficou pronto o \u00e1lbum \u201cMudan\u00e7as\u201d, com doze m\u00fasicas autorais.<\/p>\n\n\n\n<p>Em novembro de 2016, a banda lan\u00e7ou o seu terceiro projeto autoral, intitulado \u201cThe Zorden III\u201d, com onze can\u00e7\u00f5es in\u00e9ditas.<\/p>\n\n\n\n<p>Ao longo de sua trajet\u00f3ria e com um repert\u00f3rio repleto de cl\u00e1ssicos consagrados, a The Zorden apresenta em seus shows uma verdadeira mistura de estilos, onde tudo se encaixa de forma natural e espont\u00e2nea.<\/p>\n\n\n\n<p>The Zorden \u00e9 sin\u00f4nimo de ecletismo e irrever\u00eancia. Esse \u00e9 o significado que a banda traz em seu DNA.<\/p>\n\n\n\n<p>A banda realiza grandes e marcantes shows e recentemente, abrilhantou o Festival de Inverno em S\u00e3o Joaquim!<\/p>\n\n\n<div class=\"wp-block-image\">\n<figure class=\"aligncenter size-large\"><img loading=\"lazy\" decoding=\"async\" width=\"375\" height=\"500\" src=\"https:\/\/www.soleufilho.com.br\/wp-content\/uploads\/2025\/08\/1-1-1-375x500.jpeg\" alt=\"\" class=\"wp-image-2667\" srcset=\"https:\/\/www.soleufilho.com.br\/wp-content\/uploads\/2025\/08\/1-1-1-375x500.jpeg 375w, https:\/\/www.soleufilho.com.br\/wp-content\/uploads\/2025\/08\/1-1-1-225x300.jpeg 225w, https:\/\/www.soleufilho.com.br\/wp-content\/uploads\/2025\/08\/1-1-1-768x1024.jpeg 768w, https:\/\/www.soleufilho.com.br\/wp-content\/uploads\/2025\/08\/1-1-1.jpeg 960w\" sizes=\"auto, (max-width: 375px) 100vw, 375px\" \/><figcaption class=\"wp-element-caption\">Os irm\u00e3os Rafael, Eduardo e Jo\u00e3o Paulo Martorano Salvador como base da banda<br><\/figcaption><\/figure><\/div>\n\n<div class=\"wp-block-image\">\n<figure class=\"aligncenter size-large\"><img loading=\"lazy\" decoding=\"async\" width=\"334\" height=\"500\" src=\"https:\/\/www.soleufilho.com.br\/wp-content\/uploads\/2025\/08\/2-1-2-334x500.jpeg\" alt=\"\" class=\"wp-image-2666\" srcset=\"https:\/\/www.soleufilho.com.br\/wp-content\/uploads\/2025\/08\/2-1-2-334x500.jpeg 334w, https:\/\/www.soleufilho.com.br\/wp-content\/uploads\/2025\/08\/2-1-2-200x300.jpeg 200w, https:\/\/www.soleufilho.com.br\/wp-content\/uploads\/2025\/08\/2-1-2-768x1151.jpeg 768w, https:\/\/www.soleufilho.com.br\/wp-content\/uploads\/2025\/08\/2-1-2.jpeg 817w\" sizes=\"auto, (max-width: 334px) 100vw, 334px\" \/><figcaption class=\"wp-element-caption\">Rafael, Eduardo e Jo\u00e3o Paulo mant\u00eam o sucesso da Banda The Zorden que h\u00e1 anos conquista excelente p\u00fablico em suas apresenta\u00e7\u00f5es<br><\/figcaption><\/figure><\/div>\n\n\n<h2 class=\"wp-block-heading\"><strong>Andreia homenageia Ieda<\/strong><br><\/h2>\n\n\n\n<p>A ga\u00facha Ieda Maria Vargas venceu o Miss Universo em 1963. O Brasil parou para torcer pela linda jovem de 18 anos. Ieda fez quest\u00e3o de homenagear seu estado e seu traje t\u00edpico foi de ga\u00facha. \u201cNa minha inf\u00e2ncia eu brincava de ser Miss. Sonho que realizei quando fui eleita Miss Lages e Miss Santa Catarina 1985. Desde ent\u00e3o, tive a oportunidade de conhecer mulheres incr\u00edveis, como a pr\u00f3pria Ieda! Que honra ter convivido alguns dias com ela, em 2017, durante um encontro do Grupo Misses do Brasil. A sua generosidade, simplicidade, seu sorriso e alegria me inspiram\u201d, diz a lageana Andreia Reis!<br><\/p>\n\n\n<div class=\"wp-block-image\">\n<figure class=\"aligncenter size-large\"><img loading=\"lazy\" decoding=\"async\" width=\"333\" height=\"500\" src=\"https:\/\/www.soleufilho.com.br\/wp-content\/uploads\/2025\/08\/4-1-333x500.jpg\" alt=\"\" class=\"wp-image-2669\" srcset=\"https:\/\/www.soleufilho.com.br\/wp-content\/uploads\/2025\/08\/4-1-333x500.jpg 333w, https:\/\/www.soleufilho.com.br\/wp-content\/uploads\/2025\/08\/4-1-200x300.jpg 200w, https:\/\/www.soleufilho.com.br\/wp-content\/uploads\/2025\/08\/4-1-768x1152.jpg 768w, https:\/\/www.soleufilho.com.br\/wp-content\/uploads\/2025\/08\/4-1-1024x1536.jpg 1024w, https:\/\/www.soleufilho.com.br\/wp-content\/uploads\/2025\/08\/4-1.jpg 1067w\" sizes=\"auto, (max-width: 333px) 100vw, 333px\" \/><figcaption class=\"wp-element-caption\">A ga\u00facha Ieda Maria Vargas e a catarinense Andreia Reis<br><\/figcaption><\/figure><\/div>\n\n\n<h2 class=\"wp-block-heading\">Clicks<\/h2>\n\n\n<div class=\"wp-block-image\">\n<figure class=\"aligncenter size-large\"><img loading=\"lazy\" decoding=\"async\" width=\"500\" height=\"333\" src=\"https:\/\/www.soleufilho.com.br\/wp-content\/uploads\/2025\/08\/3-1-2-500x333.jpeg\" alt=\"\" class=\"wp-image-2668\" srcset=\"https:\/\/www.soleufilho.com.br\/wp-content\/uploads\/2025\/08\/3-1-2-500x333.jpeg 500w, https:\/\/www.soleufilho.com.br\/wp-content\/uploads\/2025\/08\/3-1-2-300x200.jpeg 300w, https:\/\/www.soleufilho.com.br\/wp-content\/uploads\/2025\/08\/3-1-2-768x511.jpeg 768w, https:\/\/www.soleufilho.com.br\/wp-content\/uploads\/2025\/08\/3-1-2.jpeg 1500w\" sizes=\"auto, (max-width: 500px) 100vw, 500px\" \/><figcaption class=\"wp-element-caption\">Marcia e Julio Gomes, Rossires e Fabricio Amarante,\u00a0 Gisele e Perci Andrade, Juliana e Rodrigo Esm\u00e9rio prestigiando bonito evento social, no Serrano<br><\/figcaption><\/figure><\/div>\n\n<div class=\"wp-block-image\">\n<figure class=\"aligncenter size-large\"><img loading=\"lazy\" decoding=\"async\" width=\"376\" height=\"500\" src=\"https:\/\/www.soleufilho.com.br\/wp-content\/uploads\/2025\/08\/5-1-2-376x500.jpeg\" alt=\"\" class=\"wp-image-2662\" srcset=\"https:\/\/www.soleufilho.com.br\/wp-content\/uploads\/2025\/08\/5-1-2-376x500.jpeg 376w, https:\/\/www.soleufilho.com.br\/wp-content\/uploads\/2025\/08\/5-1-2-225x300.jpeg 225w, https:\/\/www.soleufilho.com.br\/wp-content\/uploads\/2025\/08\/5-1-2.jpeg 721w\" sizes=\"auto, (max-width: 376px) 100vw, 376px\" \/><figcaption class=\"wp-element-caption\">A matriarca V\u00e2nia Madeira\u00a0 trocou de idade recentemente, em\u00a0 S\u00e3o Joaquim. Na oportunidade, a aniversariante recebeu belas homenagens de amigos e familiares!<br><\/figcaption><\/figure><\/div>\n\n<div class=\"wp-block-image\">\n<figure class=\"aligncenter size-large\"><img loading=\"lazy\" decoding=\"async\" width=\"500\" height=\"377\" src=\"https:\/\/www.soleufilho.com.br\/wp-content\/uploads\/2025\/08\/6-1-1-500x377.jpg\" alt=\"\" class=\"wp-image-2664\" srcset=\"https:\/\/www.soleufilho.com.br\/wp-content\/uploads\/2025\/08\/6-1-1-500x377.jpg 500w, https:\/\/www.soleufilho.com.br\/wp-content\/uploads\/2025\/08\/6-1-1-300x226.jpg 300w, https:\/\/www.soleufilho.com.br\/wp-content\/uploads\/2025\/08\/6-1-1-768x579.jpg 768w, https:\/\/www.soleufilho.com.br\/wp-content\/uploads\/2025\/08\/6-1-1.jpg 1440w\" sizes=\"auto, (max-width: 500px) 100vw, 500px\" \/><figcaption class=\"wp-element-caption\">Daniela Borges de Freitas promoveu em Floripa, prestigiada degusta\u00e7\u00e3o dos vinhos da Vin\u00edcola Francioni,\u00a0 no badalado Emporium Bocaiuva,\u00a0 em Floripa. \u201cFoi um s\u00e1bado de confraterniza\u00e7\u00e3o!\u201d, diz Daniela que fez quest\u00e3o de receber suas amigas que residem na Capital<br><\/figcaption><\/figure><\/div>\n\n<div class=\"wp-block-image\">\n<figure class=\"aligncenter size-large\"><img loading=\"lazy\" decoding=\"async\" width=\"500\" height=\"315\" src=\"https:\/\/www.soleufilho.com.br\/wp-content\/uploads\/2025\/08\/7-1-1-500x315.jpg\" alt=\"\" class=\"wp-image-2670\" srcset=\"https:\/\/www.soleufilho.com.br\/wp-content\/uploads\/2025\/08\/7-1-1-500x315.jpg 500w, https:\/\/www.soleufilho.com.br\/wp-content\/uploads\/2025\/08\/7-1-1-300x189.jpg 300w, https:\/\/www.soleufilho.com.br\/wp-content\/uploads\/2025\/08\/7-1-1-768x484.jpg 768w, https:\/\/www.soleufilho.com.br\/wp-content\/uploads\/2025\/08\/7-1-1.jpg 1500w\" sizes=\"auto, (max-width: 500px) 100vw, 500px\" \/><figcaption class=\"wp-element-caption\">Jane Specth Schurmann, Helo\u00edsa Golin e Teca Ramos, durante elegante tarde de ch\u00e1, no Clube da Lady<br><\/figcaption><\/figure><\/div>\n\n<div class=\"wp-block-image\">\n<figure class=\"aligncenter size-large\"><img loading=\"lazy\" decoding=\"async\" width=\"375\" height=\"500\" src=\"https:\/\/www.soleufilho.com.br\/wp-content\/uploads\/2025\/08\/8-1-375x500.jpeg\" alt=\"\" class=\"wp-image-2663\" srcset=\"https:\/\/www.soleufilho.com.br\/wp-content\/uploads\/2025\/08\/8-1-375x500.jpeg 375w, https:\/\/www.soleufilho.com.br\/wp-content\/uploads\/2025\/08\/8-1-225x300.jpeg 225w, https:\/\/www.soleufilho.com.br\/wp-content\/uploads\/2025\/08\/8-1.jpeg 720w\" sizes=\"auto, (max-width: 375px) 100vw, 375px\" \/><figcaption class=\"wp-element-caption\">Maria Luiza Schmitt, que atualmente reside no litoral, trocou de idade dia 14. A aniversariante, que por muitos anos residiu em Lages, recebeu merecidas homenagens de amigos e familiares, em Balne\u00e1rio Cambori\u00fa<br><\/figcaption><\/figure><\/div>\n\n<div class=\"wp-block-image\">\n<figure class=\"aligncenter size-large\"><img loading=\"lazy\" decoding=\"async\" width=\"377\" height=\"500\" src=\"https:\/\/www.soleufilho.com.br\/wp-content\/uploads\/2025\/08\/9-1-377x500.jpg\" alt=\"\" class=\"wp-image-2665\" srcset=\"https:\/\/www.soleufilho.com.br\/wp-content\/uploads\/2025\/08\/9-1-377x500.jpg 377w, https:\/\/www.soleufilho.com.br\/wp-content\/uploads\/2025\/08\/9-1-226x300.jpg 226w, https:\/\/www.soleufilho.com.br\/wp-content\/uploads\/2025\/08\/9-1-768x1019.jpg 768w, https:\/\/www.soleufilho.com.br\/wp-content\/uploads\/2025\/08\/9-1.jpg 904w\" sizes=\"auto, (max-width: 377px) 100vw, 377px\" \/><figcaption class=\"wp-element-caption\">Rita Amaral e Rita Parizotto prestigiando bonita tarde de ch\u00e1, no Clube dos Oficiais. O encontro das ladies ocorre quinzenalmente e \u00e9 promovido pelo Clube da Lady\u00a0<br><\/figcaption><\/figure><\/div>\n\n\n<p><\/p>\n","protected":false},"excerpt":{"rendered":"<p>A The Zorden surgiu em S\u00e3o Joaquim em 1990 e conta com os irm\u00e3os Rafael, Eduardo e Jo\u00e3o Paulo Martorano Salvador como base da banda. Em 2004, lan\u00e7ou o primeiro CD, \u201cEm Ordem\u201d, com 11 composi\u00e7\u00f5es pr\u00f3prias.&nbsp;&nbsp; No final de 2010, ficou pronto o \u00e1lbum \u201cMudan\u00e7as\u201d, com doze m\u00fasicas autorais. Em novembro de 2016, a &hellip; <a href=\"https:\/\/www.soleufilho.com.br\/?p=2671\" class=\"more-link\">Continue lendo <span class=\"screen-reader-text\">The Zorden, a banda que apresenta em seus shows uma verdadeira mistura de estilos!<\/span> <span class=\"meta-nav\">&rarr;<\/span><\/a><\/p>\n","protected":false},"author":1,"featured_media":0,"comment_status":"open","ping_status":"open","sticky":false,"template":"","format":"standard","meta":{"footnotes":""},"categories":[1],"tags":[],"class_list":["post-2671","post","type-post","status-publish","format-standard","hentry","category-uncategorized"],"_links":{"self":[{"href":"https:\/\/www.soleufilho.com.br\/index.php?rest_route=\/wp\/v2\/posts\/2671","targetHints":{"allow":["GET"]}}],"collection":[{"href":"https:\/\/www.soleufilho.com.br\/index.php?rest_route=\/wp\/v2\/posts"}],"about":[{"href":"https:\/\/www.soleufilho.com.br\/index.php?rest_route=\/wp\/v2\/types\/post"}],"author":[{"embeddable":true,"href":"https:\/\/www.soleufilho.com.br\/index.php?rest_route=\/wp\/v2\/users\/1"}],"replies":[{"embeddable":true,"href":"https:\/\/www.soleufilho.com.br\/index.php?rest_route=%2Fwp%2Fv2%2Fcomments&post=2671"}],"version-history":[{"count":1,"href":"https:\/\/www.soleufilho.com.br\/index.php?rest_route=\/wp\/v2\/posts\/2671\/revisions"}],"predecessor-version":[{"id":2672,"href":"https:\/\/www.soleufilho.com.br\/index.php?rest_route=\/wp\/v2\/posts\/2671\/revisions\/2672"}],"wp:attachment":[{"href":"https:\/\/www.soleufilho.com.br\/index.php?rest_route=%2Fwp%2Fv2%2Fmedia&parent=2671"}],"wp:term":[{"taxonomy":"category","embeddable":true,"href":"https:\/\/www.soleufilho.com.br\/index.php?rest_route=%2Fwp%2Fv2%2Fcategories&post=2671"},{"taxonomy":"post_tag","embeddable":true,"href":"https:\/\/www.soleufilho.com.br\/index.php?rest_route=%2Fwp%2Fv2%2Ftags&post=2671"}],"curies":[{"name":"wp","href":"https:\/\/api.w.org\/{rel}","templated":true}]}}