{"id":2681,"date":"2025-08-29T07:00:00","date_gmt":"2025-08-29T10:00:00","guid":{"rendered":"https:\/\/www.soleufilho.com.br\/?p=2681"},"modified":"2025-08-28T21:06:04","modified_gmt":"2025-08-29T00:06:04","slug":"rita-foi-presenca-marcante-dessas-que-deixam-lembrancas-eternas","status":"publish","type":"post","link":"https:\/\/www.soleufilho.com.br\/?p=2681","title":{"rendered":"Rita foi presen\u00e7a marcante, dessas que deixam lembran\u00e7as eternas!"},"content":{"rendered":"\n<p>Foi com emo\u00e7\u00e3o que a sociedade lageana se despediu, recentemente, da ex-cartor\u00e1ria Rita Maria Rosa Ramos. A querida Rita foi muito mais do que uma profissional dedicada que esteve \u00e0 frente do Cart\u00f3rio de Registro Civil por aproximadamente 30 anos. Foi uma mulher do bem, de cora\u00e7\u00e3o generoso, que ajudou in\u00fameras pessoas sem jamais buscar os holofotes. Sempre&nbsp; discreta, preferia a alegria de servir ao pr\u00f3ximo do que qualquer reconhecimento.<\/p>\n\n\n\n<p>Apaixonada por futebol, flamenguista e gremista de cora\u00e7\u00e3o, carregava consigo a leveza de quem sabia encontrar alegria nas coisas simples. N\u00e3o teve filhos, mas foi uma verdadeira m\u00e3e para seus sobrinhos, cuidando, protegendo e enchendo cada um de amor e carinho. Nunca deixou faltar nada, sempre com aquele abra\u00e7o acolhedor, que transmitia seguran\u00e7a e ternura.<\/p>\n\n\n\n<p>Rita foi uma presen\u00e7a marcante, dessas que deixam lembran\u00e7as eternas. Seu legado \u00e9 de bondade, afeto e dedica\u00e7\u00e3o. Uma vida vivida em sil\u00eancio, mas que ecoa para sempre no cora\u00e7\u00e3o de todos que tiveram o privil\u00e9gio de conviver com ela. Siga em paz, querida amiga!<\/p>\n\n\n<div class=\"wp-block-image\">\n<figure class=\"aligncenter size-large\"><img loading=\"lazy\" decoding=\"async\" width=\"291\" height=\"500\" src=\"https:\/\/www.soleufilho.com.br\/wp-content\/uploads\/2025\/08\/1-1-2-291x500.jpeg\" alt=\"\" class=\"wp-image-2676\" srcset=\"https:\/\/www.soleufilho.com.br\/wp-content\/uploads\/2025\/08\/1-1-2-291x500.jpeg 291w, https:\/\/www.soleufilho.com.br\/wp-content\/uploads\/2025\/08\/1-1-2-175x300.jpeg 175w, https:\/\/www.soleufilho.com.br\/wp-content\/uploads\/2025\/08\/1-1-2-768x1318.jpeg 768w, https:\/\/www.soleufilho.com.br\/wp-content\/uploads\/2025\/08\/1-1-2-895x1536.jpeg 895w, https:\/\/www.soleufilho.com.br\/wp-content\/uploads\/2025\/08\/1-1-2.jpeg 932w\" sizes=\"auto, (max-width: 291px) 100vw, 291px\" \/><figcaption class=\"wp-element-caption\">Foi com emo\u00e7\u00e3o que a sociedade lageana se despediu, recentemente, da ex-cartor\u00e1ria Rita Maria Rosa Ramos<br><\/figcaption><\/figure><\/div>\n\n\n<h2 class=\"wp-block-heading\"><strong>Arthur comemorou os 19 anos com m\u00fasica e amigos!<\/strong><br><\/h2>\n\n\n\n<p>Arthur Jasper Zappellini comemorou, recentemente, os seus 19 anos em festa no sal\u00e3o principal do famoso condom\u00ednio Cost\u00e3o da Barra, em Balne\u00e1rio Cambori\u00fa. A celebra\u00e7\u00e3o reuniu familiares e amigos em ambiente acolhedor e repleto de alegria. Entre m\u00fasica, conversas animadas e momentos de descontra\u00e7\u00e3o, a noite refletiu a ess\u00eancia do aniversariante: jovialidade e carisma. A energia contagiante de Arthur fez da ocasi\u00e3o muito mais que uma simples festa, Fez um encontro especial, que certamente permanecer\u00e1 na lembran\u00e7a de todos que compartilharam esse momento \u00fanico ao seu lado.<br><\/p>\n\n\n<div class=\"wp-block-image\">\n<figure class=\"aligncenter size-large\"><img loading=\"lazy\" decoding=\"async\" width=\"500\" height=\"333\" src=\"https:\/\/www.soleufilho.com.br\/wp-content\/uploads\/2025\/08\/2-1-3-500x333.jpeg\" alt=\"\" class=\"wp-image-2679\" srcset=\"https:\/\/www.soleufilho.com.br\/wp-content\/uploads\/2025\/08\/2-1-3-500x333.jpeg 500w, https:\/\/www.soleufilho.com.br\/wp-content\/uploads\/2025\/08\/2-1-3-300x200.jpeg 300w, https:\/\/www.soleufilho.com.br\/wp-content\/uploads\/2025\/08\/2-1-3-768x512.jpeg 768w, https:\/\/www.soleufilho.com.br\/wp-content\/uploads\/2025\/08\/2-1-3.jpeg 1500w\" sizes=\"auto, (max-width: 500px) 100vw, 500px\" \/><figcaption class=\"wp-element-caption\">Arnaldo Zappellini, Gilberto Zappellini, Arthur Jasper Zappellini, Eliana Maria Zappellini, Davi Jasper Zappellini e Maeve Jasper Zappellini<br><\/figcaption><\/figure><\/div>\n\n<div class=\"wp-block-image\">\n<figure class=\"aligncenter size-large\"><img loading=\"lazy\" decoding=\"async\" width=\"500\" height=\"333\" src=\"https:\/\/www.soleufilho.com.br\/wp-content\/uploads\/2025\/08\/3-1-3-500x333.jpeg\" alt=\"\" class=\"wp-image-2677\" srcset=\"https:\/\/www.soleufilho.com.br\/wp-content\/uploads\/2025\/08\/3-1-3-500x333.jpeg 500w, https:\/\/www.soleufilho.com.br\/wp-content\/uploads\/2025\/08\/3-1-3-300x200.jpeg 300w, https:\/\/www.soleufilho.com.br\/wp-content\/uploads\/2025\/08\/3-1-3-768x512.jpeg 768w, https:\/\/www.soleufilho.com.br\/wp-content\/uploads\/2025\/08\/3-1-3.jpeg 1500w\" sizes=\"auto, (max-width: 500px) 100vw, 500px\" \/><figcaption class=\"wp-element-caption\">Gilberto, Arthur, Davi e Maeve Zappellini, durante os festejos pelos 19 anos de Arthur, em Balne\u00e1rio Cambori\u00fa<br><\/figcaption><\/figure><\/div>\n\n<div class=\"wp-block-image\">\n<figure class=\"aligncenter size-large\"><img loading=\"lazy\" decoding=\"async\" width=\"333\" height=\"500\" src=\"https:\/\/www.soleufilho.com.br\/wp-content\/uploads\/2025\/08\/4-1-2-333x500.jpeg\" alt=\"\" class=\"wp-image-2680\" srcset=\"https:\/\/www.soleufilho.com.br\/wp-content\/uploads\/2025\/08\/4-1-2-333x500.jpeg 333w, https:\/\/www.soleufilho.com.br\/wp-content\/uploads\/2025\/08\/4-1-2-200x300.jpeg 200w, https:\/\/www.soleufilho.com.br\/wp-content\/uploads\/2025\/08\/4-1-2-768x1152.jpeg 768w, https:\/\/www.soleufilho.com.br\/wp-content\/uploads\/2025\/08\/4-1-2-1024x1536.jpeg 1024w, https:\/\/www.soleufilho.com.br\/wp-content\/uploads\/2025\/08\/4-1-2.jpeg 1067w\" sizes=\"auto, (max-width: 333px) 100vw, 333px\" \/><figcaption class=\"wp-element-caption\">Arthur Jasper Zappellini e sua av\u00f3 materna Salete Dalpont Jasper<br><\/figcaption><\/figure><\/div>\n\n<div class=\"wp-block-image\">\n<figure class=\"aligncenter size-large\"><img loading=\"lazy\" decoding=\"async\" width=\"300\" height=\"500\" src=\"https:\/\/www.soleufilho.com.br\/wp-content\/uploads\/2025\/08\/5-1-3-300x500.jpeg\" alt=\"\" class=\"wp-image-2678\" srcset=\"https:\/\/www.soleufilho.com.br\/wp-content\/uploads\/2025\/08\/5-1-3-300x500.jpeg 300w, https:\/\/www.soleufilho.com.br\/wp-content\/uploads\/2025\/08\/5-1-3-180x300.jpeg 180w, https:\/\/www.soleufilho.com.br\/wp-content\/uploads\/2025\/08\/5-1-3-768x1282.jpeg 768w, https:\/\/www.soleufilho.com.br\/wp-content\/uploads\/2025\/08\/5-1-3.jpeg 773w\" sizes=\"auto, (max-width: 300px) 100vw, 300px\" \/><figcaption class=\"wp-element-caption\">Arthur Jasper Zappellini e Pedro Henrique Maldaner Ghiorzi Cruz<br><\/figcaption><\/figure><\/div>\n\n\n<p><\/p>\n","protected":false},"excerpt":{"rendered":"<p>Foi com emo\u00e7\u00e3o que a sociedade lageana se despediu, recentemente, da ex-cartor\u00e1ria Rita Maria Rosa Ramos. A querida Rita foi muito mais do que uma profissional dedicada que esteve \u00e0 frente do Cart\u00f3rio de Registro Civil por aproximadamente 30 anos. Foi uma mulher do bem, de cora\u00e7\u00e3o generoso, que ajudou in\u00fameras pessoas sem jamais buscar &hellip; <a href=\"https:\/\/www.soleufilho.com.br\/?p=2681\" class=\"more-link\">Continue lendo <span class=\"screen-reader-text\">Rita foi presen\u00e7a marcante, dessas que deixam lembran\u00e7as eternas!<\/span> <span class=\"meta-nav\">&rarr;<\/span><\/a><\/p>\n","protected":false},"author":1,"featured_media":0,"comment_status":"open","ping_status":"open","sticky":false,"template":"","format":"standard","meta":{"footnotes":""},"categories":[1],"tags":[],"class_list":["post-2681","post","type-post","status-publish","format-standard","hentry","category-uncategorized"],"_links":{"self":[{"href":"https:\/\/www.soleufilho.com.br\/index.php?rest_route=\/wp\/v2\/posts\/2681","targetHints":{"allow":["GET"]}}],"collection":[{"href":"https:\/\/www.soleufilho.com.br\/index.php?rest_route=\/wp\/v2\/posts"}],"about":[{"href":"https:\/\/www.soleufilho.com.br\/index.php?rest_route=\/wp\/v2\/types\/post"}],"author":[{"embeddable":true,"href":"https:\/\/www.soleufilho.com.br\/index.php?rest_route=\/wp\/v2\/users\/1"}],"replies":[{"embeddable":true,"href":"https:\/\/www.soleufilho.com.br\/index.php?rest_route=%2Fwp%2Fv2%2Fcomments&post=2681"}],"version-history":[{"count":1,"href":"https:\/\/www.soleufilho.com.br\/index.php?rest_route=\/wp\/v2\/posts\/2681\/revisions"}],"predecessor-version":[{"id":2682,"href":"https:\/\/www.soleufilho.com.br\/index.php?rest_route=\/wp\/v2\/posts\/2681\/revisions\/2682"}],"wp:attachment":[{"href":"https:\/\/www.soleufilho.com.br\/index.php?rest_route=%2Fwp%2Fv2%2Fmedia&parent=2681"}],"wp:term":[{"taxonomy":"category","embeddable":true,"href":"https:\/\/www.soleufilho.com.br\/index.php?rest_route=%2Fwp%2Fv2%2Fcategories&post=2681"},{"taxonomy":"post_tag","embeddable":true,"href":"https:\/\/www.soleufilho.com.br\/index.php?rest_route=%2Fwp%2Fv2%2Ftags&post=2681"}],"curies":[{"name":"wp","href":"https:\/\/api.w.org\/{rel}","templated":true}]}}