{"id":2685,"date":"2025-09-11T11:31:04","date_gmt":"2025-09-11T14:31:04","guid":{"rendered":"https:\/\/www.soleufilho.com.br\/?p=2685"},"modified":"2025-09-11T11:54:07","modified_gmt":"2025-09-11T14:54:07","slug":"celebracao-digna-de-princesa-nos-15-anos-de-isabelle","status":"publish","type":"post","link":"https:\/\/www.soleufilho.com.br\/?p=2685","title":{"rendered":"Celebra\u00e7\u00e3o digna de princesa nos 15 anos de Isabelle!"},"content":{"rendered":"\n<p>Noite m\u00e1gica marcou os 15 anos de Isabelle Souza, filha de Aleandra Souza e Renato Valente, celebrados no mezanino do Centro Serra. Isabelle recebeu familiares e amigos em festa inesquec\u00edvel, cujo encanto maior esteve na bela decora\u00e7\u00e3o em Jardim de Borboletas, assinada pela renomada decoradora Marilu Maldaner, da Marilu Decora\u00e7\u00e3o e Eventos.<br>O ambiente foi transformado em verdadeiro conto de fadas, com delicadeza, sofistica\u00e7\u00e3o e toque de poesia. Jantar e bartender tiveram assinatura da equipe Vitorino.<br>Sonoriza\u00e7\u00e3o e ilumina\u00e7\u00e3o, impec\u00e1veis, foram conduzidas por Toco Som. O evento teve cerimonial de Pam Aguiar.<br>Para eternizar cada momento, o olhar sens\u00edvel e talentoso de Ale Santos Fotografias registrou as emo\u00e7\u00f5es vividas.<br>A celebra\u00e7\u00e3o foi digna de princesa, daquelas que permanecem para sempre na mem\u00f3ria de quem teve o privil\u00e9gio de participar de uma noite t\u00e3o especial!<\/p>\n\n\n<div class=\"wp-block-image\">\n<figure class=\"aligncenter size-large\"><img loading=\"lazy\" decoding=\"async\" width=\"500\" height=\"333\" src=\"https:\/\/www.soleufilho.com.br\/wp-content\/uploads\/2025\/09\/1-500x333.jpg\" alt=\"\" class=\"wp-image-2687\" srcset=\"https:\/\/www.soleufilho.com.br\/wp-content\/uploads\/2025\/09\/1-500x333.jpg 500w, https:\/\/www.soleufilho.com.br\/wp-content\/uploads\/2025\/09\/1-300x200.jpg 300w, https:\/\/www.soleufilho.com.br\/wp-content\/uploads\/2025\/09\/1-768x512.jpg 768w, https:\/\/www.soleufilho.com.br\/wp-content\/uploads\/2025\/09\/1.jpg 1500w\" sizes=\"auto, (max-width: 500px) 100vw, 500px\" \/><figcaption class=\"wp-element-caption\">Isabelle recebeu familiares e amigos em festa inesquec\u00edvel!<\/figcaption><\/figure><\/div>\n\n<div class=\"wp-block-image\">\n<figure class=\"aligncenter size-large\"><img loading=\"lazy\" decoding=\"async\" width=\"333\" height=\"500\" src=\"https:\/\/www.soleufilho.com.br\/wp-content\/uploads\/2025\/09\/2-333x500.jpg\" alt=\"\" class=\"wp-image-2686\" srcset=\"https:\/\/www.soleufilho.com.br\/wp-content\/uploads\/2025\/09\/2-333x500.jpg 333w, https:\/\/www.soleufilho.com.br\/wp-content\/uploads\/2025\/09\/2-200x300.jpg 200w, https:\/\/www.soleufilho.com.br\/wp-content\/uploads\/2025\/09\/2-768x1152.jpg 768w, https:\/\/www.soleufilho.com.br\/wp-content\/uploads\/2025\/09\/2.jpg 1000w\" sizes=\"auto, (max-width: 333px) 100vw, 333px\" \/><figcaption class=\"wp-element-caption\">Isabelle, com os papais Aleandra Souza e Renato Valente, durante a bela festa de seus 15 anos!<\/figcaption><\/figure><\/div>\n\n\n<h2 class=\"wp-block-heading\">Mais<\/h2>\n\n\n<div class=\"wp-block-image\">\n<figure class=\"aligncenter size-large\"><img loading=\"lazy\" decoding=\"async\" width=\"368\" height=\"500\" src=\"https:\/\/www.soleufilho.com.br\/wp-content\/uploads\/2025\/09\/3-368x500.jpeg\" alt=\"\" class=\"wp-image-2689\" srcset=\"https:\/\/www.soleufilho.com.br\/wp-content\/uploads\/2025\/09\/3-368x500.jpeg 368w, https:\/\/www.soleufilho.com.br\/wp-content\/uploads\/2025\/09\/3-221x300.jpeg 221w, https:\/\/www.soleufilho.com.br\/wp-content\/uploads\/2025\/09\/3.jpeg 734w\" sizes=\"auto, (max-width: 368px) 100vw, 368px\" \/><figcaption class=\"wp-element-caption\">Daniela Borges de Freitas e o famoso Sommelier Fernando Ara\u00fajo, respons\u00e1vel pelo local onde aconteceu a degusta\u00e7\u00e3o com os r\u00f3tulos da Vin\u00edcola Villa Francioni, o Emporium Bocaiuva, atualmente localizado no Casa Hurbana. \u201cO evento obteve sucesso absoluto, com casa lotada!\u201d, diz Daniela, que recebeu convidados da Ilha Capital em torno da degusta\u00e7\u00e3o<\/figcaption><\/figure><\/div>\n\n<div class=\"wp-block-image\">\n<figure class=\"aligncenter size-large\"><img loading=\"lazy\" decoding=\"async\" width=\"500\" height=\"375\" src=\"https:\/\/www.soleufilho.com.br\/wp-content\/uploads\/2025\/09\/4-500x375.jpeg\" alt=\"\" class=\"wp-image-2690\" srcset=\"https:\/\/www.soleufilho.com.br\/wp-content\/uploads\/2025\/09\/4-500x375.jpeg 500w, https:\/\/www.soleufilho.com.br\/wp-content\/uploads\/2025\/09\/4-300x225.jpeg 300w, https:\/\/www.soleufilho.com.br\/wp-content\/uploads\/2025\/09\/4-768x576.jpeg 768w, https:\/\/www.soleufilho.com.br\/wp-content\/uploads\/2025\/09\/4.jpeg 960w\" sizes=\"auto, (max-width: 500px) 100vw, 500px\" \/><figcaption class=\"wp-element-caption\">Marilda Rosado, Suzana Wagner e Eliana Cucco (Neca), amigas de longa data, num daqueles bonitos encontros, que a vida proporciona!<\/figcaption><\/figure><\/div>\n\n<div class=\"wp-block-image\">\n<figure class=\"aligncenter size-large\"><img loading=\"lazy\" decoding=\"async\" width=\"500\" height=\"333\" src=\"https:\/\/www.soleufilho.com.br\/wp-content\/uploads\/2025\/09\/5-500x333.jpeg\" alt=\"\" class=\"wp-image-2688\" srcset=\"https:\/\/www.soleufilho.com.br\/wp-content\/uploads\/2025\/09\/5-500x333.jpeg 500w, https:\/\/www.soleufilho.com.br\/wp-content\/uploads\/2025\/09\/5-300x200.jpeg 300w, https:\/\/www.soleufilho.com.br\/wp-content\/uploads\/2025\/09\/5-768x512.jpeg 768w, https:\/\/www.soleufilho.com.br\/wp-content\/uploads\/2025\/09\/5-1536x1025.jpeg 1536w, https:\/\/www.soleufilho.com.br\/wp-content\/uploads\/2025\/09\/5.jpeg 2048w\" sizes=\"auto, (max-width: 500px) 100vw, 500px\" \/><figcaption class=\"wp-element-caption\">Carolina e Alexandre Flores Vieira, faceiros, aguardam o debut da filha Valentina, que estrear\u00e1 em sociedade no pr\u00f3ximo m\u00eas, no Clube Astrea, em S\u00e3o Joaquim<\/figcaption><\/figure><\/div>\n\n<div class=\"wp-block-image\">\n<figure class=\"aligncenter size-large\"><img loading=\"lazy\" decoding=\"async\" width=\"500\" height=\"500\" src=\"https:\/\/www.soleufilho.com.br\/wp-content\/uploads\/2025\/09\/6-500x500.jpeg\" alt=\"\" class=\"wp-image-2691\" srcset=\"https:\/\/www.soleufilho.com.br\/wp-content\/uploads\/2025\/09\/6-500x500.jpeg 500w, https:\/\/www.soleufilho.com.br\/wp-content\/uploads\/2025\/09\/6-300x300.jpeg 300w, https:\/\/www.soleufilho.com.br\/wp-content\/uploads\/2025\/09\/6-150x150.jpeg 150w, https:\/\/www.soleufilho.com.br\/wp-content\/uploads\/2025\/09\/6.jpeg 739w\" sizes=\"auto, (max-width: 500px) 100vw, 500px\" \/><figcaption class=\"wp-element-caption\">Edna Rosa Chiodeli e Alceri Chiodeli. Ela trocou de idade dia 29 de agosto, oportunidade em que recebeu o carinho de amigos e familiares em S\u00e3o Joaquim!<\/figcaption><\/figure><\/div>\n\n<div class=\"wp-block-image\">\n<figure class=\"aligncenter size-large\"><img loading=\"lazy\" decoding=\"async\" width=\"375\" height=\"500\" src=\"https:\/\/www.soleufilho.com.br\/wp-content\/uploads\/2025\/09\/7-375x500.jpeg\" alt=\"\" class=\"wp-image-2692\" srcset=\"https:\/\/www.soleufilho.com.br\/wp-content\/uploads\/2025\/09\/7-375x500.jpeg 375w, https:\/\/www.soleufilho.com.br\/wp-content\/uploads\/2025\/09\/7-225x300.jpeg 225w, https:\/\/www.soleufilho.com.br\/wp-content\/uploads\/2025\/09\/7-768x1024.jpeg 768w, https:\/\/www.soleufilho.com.br\/wp-content\/uploads\/2025\/09\/7-1152x1536.jpeg 1152w, https:\/\/www.soleufilho.com.br\/wp-content\/uploads\/2025\/09\/7.jpeg 1200w\" sizes=\"auto, (max-width: 375px) 100vw, 375px\" \/><figcaption class=\"wp-element-caption\">Andressa Vaz comemorou anivers\u00e1rio dia 19 de agosto em Blumenau, onde a lageana reside. A empres\u00e1ria recebeu, pela ocasi\u00e3o, muitos cumprimentos de amigos!<\/figcaption><\/figure><\/div>","protected":false},"excerpt":{"rendered":"<p>Noite m\u00e1gica marcou os 15 anos de Isabelle Souza, filha de Aleandra Souza e Renato Valente, celebrados no mezanino do Centro Serra. Isabelle recebeu familiares e amigos em festa inesquec\u00edvel, cujo encanto maior esteve na bela decora\u00e7\u00e3o em Jardim de Borboletas, assinada pela renomada decoradora Marilu Maldaner, da Marilu Decora\u00e7\u00e3o e Eventos.O ambiente foi transformado &hellip; <a href=\"https:\/\/www.soleufilho.com.br\/?p=2685\" class=\"more-link\">Continue lendo <span class=\"screen-reader-text\">Celebra\u00e7\u00e3o digna de princesa nos 15 anos de Isabelle!<\/span> <span class=\"meta-nav\">&rarr;<\/span><\/a><\/p>\n","protected":false},"author":1,"featured_media":0,"comment_status":"open","ping_status":"open","sticky":false,"template":"","format":"standard","meta":{"footnotes":""},"categories":[1],"tags":[],"class_list":["post-2685","post","type-post","status-publish","format-standard","hentry","category-uncategorized"],"_links":{"self":[{"href":"https:\/\/www.soleufilho.com.br\/index.php?rest_route=\/wp\/v2\/posts\/2685","targetHints":{"allow":["GET"]}}],"collection":[{"href":"https:\/\/www.soleufilho.com.br\/index.php?rest_route=\/wp\/v2\/posts"}],"about":[{"href":"https:\/\/www.soleufilho.com.br\/index.php?rest_route=\/wp\/v2\/types\/post"}],"author":[{"embeddable":true,"href":"https:\/\/www.soleufilho.com.br\/index.php?rest_route=\/wp\/v2\/users\/1"}],"replies":[{"embeddable":true,"href":"https:\/\/www.soleufilho.com.br\/index.php?rest_route=%2Fwp%2Fv2%2Fcomments&post=2685"}],"version-history":[{"count":3,"href":"https:\/\/www.soleufilho.com.br\/index.php?rest_route=\/wp\/v2\/posts\/2685\/revisions"}],"predecessor-version":[{"id":2696,"href":"https:\/\/www.soleufilho.com.br\/index.php?rest_route=\/wp\/v2\/posts\/2685\/revisions\/2696"}],"wp:attachment":[{"href":"https:\/\/www.soleufilho.com.br\/index.php?rest_route=%2Fwp%2Fv2%2Fmedia&parent=2685"}],"wp:term":[{"taxonomy":"category","embeddable":true,"href":"https:\/\/www.soleufilho.com.br\/index.php?rest_route=%2Fwp%2Fv2%2Fcategories&post=2685"},{"taxonomy":"post_tag","embeddable":true,"href":"https:\/\/www.soleufilho.com.br\/index.php?rest_route=%2Fwp%2Fv2%2Ftags&post=2685"}],"curies":[{"name":"wp","href":"https:\/\/api.w.org\/{rel}","templated":true}]}}