{"id":2704,"date":"2025-09-12T07:00:00","date_gmt":"2025-09-12T10:00:00","guid":{"rendered":"https:\/\/www.soleufilho.com.br\/?p=2704"},"modified":"2025-09-11T12:22:57","modified_gmt":"2025-09-11T15:22:57","slug":"sara-consolida-carreira-e-conquista-admiradores-por-onde-canta","status":"publish","type":"post","link":"https:\/\/www.soleufilho.com.br\/?p=2704","title":{"rendered":"Sara consolida carreira e conquista admiradores por onde canta!"},"content":{"rendered":"\n<p>A cantora Sara traz a m\u00fasica em sua ess\u00eancia desde a inf\u00e2ncia, quando come\u00e7ou a se apresentar em sua comunidade na igreja. Em 2023, decidiu expandir seus horizontes e passou a subir aos palcos fora do ambiente religioso, conquistando espa\u00e7o com sua voz potente, timbre marcante e sensibilidade \u00edmpar como int\u00e9rprete.<br>H\u00e1 mais de um ano, Sara divide sua arte como vocalista da Banda Anjos de Plant\u00e3o, levando emo\u00e7\u00e3o e alegria a cada apresenta\u00e7\u00e3o. Recentemente, deu mais um passo em sua trajet\u00f3ria ao gravar e lan\u00e7ar a can\u00e7\u00e3o \u201cA Gente Nasceu Pra Se Amar\u201d, em parceria com a banda \u2014 uma m\u00fasica que traduz amor, uni\u00e3o e verdade art\u00edstica.<br>Com autenticidade e entrega, Sara segue consolidando sua carreira e conquistando admiradores por onde canta!<\/p>\n\n\n<div class=\"wp-block-image\">\n<figure class=\"aligncenter size-large\"><img loading=\"lazy\" decoding=\"async\" width=\"500\" height=\"334\" src=\"https:\/\/www.soleufilho.com.br\/wp-content\/uploads\/2025\/09\/1-500x334.jpeg\" alt=\"\" class=\"wp-image-2701\" srcset=\"https:\/\/www.soleufilho.com.br\/wp-content\/uploads\/2025\/09\/1-500x334.jpeg 500w, https:\/\/www.soleufilho.com.br\/wp-content\/uploads\/2025\/09\/1-300x200.jpeg 300w, https:\/\/www.soleufilho.com.br\/wp-content\/uploads\/2025\/09\/1-768x513.jpeg 768w, https:\/\/www.soleufilho.com.br\/wp-content\/uploads\/2025\/09\/1-1536x1025.jpeg 1536w, https:\/\/www.soleufilho.com.br\/wp-content\/uploads\/2025\/09\/1.jpeg 1600w\" sizes=\"auto, (max-width: 500px) 100vw, 500px\" \/><figcaption class=\"wp-element-caption\">Sara traz a m\u00fasica em sua ess\u00eancia desde a inf\u00e2ncia!<\/figcaption><\/figure><\/div>\n\n\n<h2 class=\"wp-block-heading\">Anivers\u00e1rio de Lel\u00ea Moreira<\/h2>\n\n\n\n<p>Lel\u00ea Faltz Moreira, esposa do Tenente Coronel Hudson Machado Moreira, atual Comandante do 1\u00b0 Batalh\u00e3o Ferrovi\u00e1rio Benjamin Constant, trocou de idade no in\u00edcio desta semana. Reconhecida por sua simpatia e amabilidade, Lel\u00ea se destaca pela presen\u00e7a marcante na vida social da Serra Catarinense. Que essa nova etapa seja repleta de sa\u00fade, realiza\u00e7\u00f5es e felicidades, junto \u00e0 fam\u00edlia e aos amigos. Parab\u00e9ns, Lel\u00ea!<\/p>\n\n\n<div class=\"wp-block-image\">\n<figure class=\"aligncenter size-large\"><img loading=\"lazy\" decoding=\"async\" width=\"500\" height=\"333\" src=\"https:\/\/www.soleufilho.com.br\/wp-content\/uploads\/2025\/09\/2-1-500x333.jpg\" alt=\"\" class=\"wp-image-2697\" srcset=\"https:\/\/www.soleufilho.com.br\/wp-content\/uploads\/2025\/09\/2-1-500x333.jpg 500w, https:\/\/www.soleufilho.com.br\/wp-content\/uploads\/2025\/09\/2-1-300x200.jpg 300w, https:\/\/www.soleufilho.com.br\/wp-content\/uploads\/2025\/09\/2-1-768x511.jpg 768w, https:\/\/www.soleufilho.com.br\/wp-content\/uploads\/2025\/09\/2-1.jpg 1500w\" sizes=\"auto, (max-width: 500px) 100vw, 500px\" \/><figcaption class=\"wp-element-caption\">Lel\u00ea Faltz Moreira e o atual Comandante do 1\u00b0 Batalh\u00e3o Ferrovi\u00e1rio Benjamin Constant, ela aniversariou no in\u00edcio desta semana<\/figcaption><\/figure><\/div>\n\n<div class=\"wp-block-image\">\n<figure class=\"aligncenter size-large\"><img loading=\"lazy\" decoding=\"async\" width=\"500\" height=\"375\" src=\"https:\/\/www.soleufilho.com.br\/wp-content\/uploads\/2025\/09\/3-500x375.jpg\" alt=\"\" class=\"wp-image-2698\" srcset=\"https:\/\/www.soleufilho.com.br\/wp-content\/uploads\/2025\/09\/3-500x375.jpg 500w, https:\/\/www.soleufilho.com.br\/wp-content\/uploads\/2025\/09\/3-300x225.jpg 300w, https:\/\/www.soleufilho.com.br\/wp-content\/uploads\/2025\/09\/3-768x576.jpg 768w, https:\/\/www.soleufilho.com.br\/wp-content\/uploads\/2025\/09\/3.jpg 1500w\" sizes=\"auto, (max-width: 500px) 100vw, 500px\" \/><figcaption class=\"wp-element-caption\">Lel\u00ea Faltz Moreira, Tenente Coronel Hudson Moreira, com a fam\u00edlia da decoradora Marilu Maldaner: Fernando Henrique Maldaner Ghiorzi Arruda, Marilu Maldaner, Pedro Henrique Maldaner Ghiorzi Cruz e Maria Tereza Maldaner Ghiorzi, durante encontro social no Clube dos Oficiais<\/figcaption><\/figure><\/div>\n\n\n<h2 class=\"wp-block-heading\">Mais<\/h2>\n\n\n<div class=\"wp-block-image\">\n<figure class=\"aligncenter size-large\"><img loading=\"lazy\" decoding=\"async\" width=\"500\" height=\"500\" src=\"https:\/\/www.soleufilho.com.br\/wp-content\/uploads\/2025\/09\/4-1-500x500.jpeg\" alt=\"\" class=\"wp-image-2702\" srcset=\"https:\/\/www.soleufilho.com.br\/wp-content\/uploads\/2025\/09\/4-1-500x500.jpeg 500w, https:\/\/www.soleufilho.com.br\/wp-content\/uploads\/2025\/09\/4-1-300x300.jpeg 300w, https:\/\/www.soleufilho.com.br\/wp-content\/uploads\/2025\/09\/4-1-150x150.jpeg 150w, https:\/\/www.soleufilho.com.br\/wp-content\/uploads\/2025\/09\/4-1-768x768.jpeg 768w, https:\/\/www.soleufilho.com.br\/wp-content\/uploads\/2025\/09\/4-1.jpeg 774w\" sizes=\"auto, (max-width: 500px) 100vw, 500px\" \/><figcaption class=\"wp-element-caption\">Luz Marina Dutra, que recentemente esteve em viagem pela It\u00e1lia em companhia de sua fam\u00edlia, trocou de idade recentemente. Os festejos foram em S\u00e3o Joaquim, com amigos e familiares!<\/figcaption><\/figure><\/div>\n\n<div class=\"wp-block-image\">\n<figure class=\"aligncenter size-large\"><img loading=\"lazy\" decoding=\"async\" width=\"375\" height=\"500\" src=\"https:\/\/www.soleufilho.com.br\/wp-content\/uploads\/2025\/09\/5-375x500.jpg\" alt=\"\" class=\"wp-image-2699\" srcset=\"https:\/\/www.soleufilho.com.br\/wp-content\/uploads\/2025\/09\/5-375x500.jpg 375w, https:\/\/www.soleufilho.com.br\/wp-content\/uploads\/2025\/09\/5-225x300.jpg 225w, https:\/\/www.soleufilho.com.br\/wp-content\/uploads\/2025\/09\/5-768x1024.jpg 768w, https:\/\/www.soleufilho.com.br\/wp-content\/uploads\/2025\/09\/5.jpg 1125w\" sizes=\"auto, (max-width: 375px) 100vw, 375px\" \/><figcaption class=\"wp-element-caption\">Micheli Pontes trocou de idade e a data foi comemorada em em Vars\u00f3via, ao lado do namorado, desembargador Gerson Cherem<\/figcaption><\/figure><\/div>\n\n<div class=\"wp-block-image\">\n<figure class=\"aligncenter size-large\"><img loading=\"lazy\" decoding=\"async\" width=\"375\" height=\"500\" src=\"https:\/\/www.soleufilho.com.br\/wp-content\/uploads\/2025\/09\/6-1-375x500.jpeg\" alt=\"\" class=\"wp-image-2703\" srcset=\"https:\/\/www.soleufilho.com.br\/wp-content\/uploads\/2025\/09\/6-1-375x500.jpeg 375w, https:\/\/www.soleufilho.com.br\/wp-content\/uploads\/2025\/09\/6-1-225x300.jpeg 225w, https:\/\/www.soleufilho.com.br\/wp-content\/uploads\/2025\/09\/6-1-768x1024.jpeg 768w, https:\/\/www.soleufilho.com.br\/wp-content\/uploads\/2025\/09\/6-1-1152x1536.jpeg 1152w, https:\/\/www.soleufilho.com.br\/wp-content\/uploads\/2025\/09\/6-1.jpeg 1440w\" sizes=\"auto, (max-width: 375px) 100vw, 375px\" \/><figcaption class=\"wp-element-caption\">A joaquinense Ism\u00eania Souza Arruda trocou de idade dia 20 de agosto, oportunidade em que recebeu merecidas homenagens!<\/figcaption><\/figure><\/div>","protected":false},"excerpt":{"rendered":"<p>A cantora Sara traz a m\u00fasica em sua ess\u00eancia desde a inf\u00e2ncia, quando come\u00e7ou a se apresentar em sua comunidade na igreja. Em 2023, decidiu expandir seus horizontes e passou a subir aos palcos fora do ambiente religioso, conquistando espa\u00e7o com sua voz potente, timbre marcante e sensibilidade \u00edmpar como int\u00e9rprete.H\u00e1 mais de um ano, &hellip; <a href=\"https:\/\/www.soleufilho.com.br\/?p=2704\" class=\"more-link\">Continue lendo <span class=\"screen-reader-text\">Sara consolida carreira e conquista admiradores por onde canta!<\/span> <span class=\"meta-nav\">&rarr;<\/span><\/a><\/p>\n","protected":false},"author":1,"featured_media":0,"comment_status":"open","ping_status":"open","sticky":false,"template":"","format":"standard","meta":{"footnotes":""},"categories":[1],"tags":[],"class_list":["post-2704","post","type-post","status-publish","format-standard","hentry","category-uncategorized"],"_links":{"self":[{"href":"https:\/\/www.soleufilho.com.br\/index.php?rest_route=\/wp\/v2\/posts\/2704","targetHints":{"allow":["GET"]}}],"collection":[{"href":"https:\/\/www.soleufilho.com.br\/index.php?rest_route=\/wp\/v2\/posts"}],"about":[{"href":"https:\/\/www.soleufilho.com.br\/index.php?rest_route=\/wp\/v2\/types\/post"}],"author":[{"embeddable":true,"href":"https:\/\/www.soleufilho.com.br\/index.php?rest_route=\/wp\/v2\/users\/1"}],"replies":[{"embeddable":true,"href":"https:\/\/www.soleufilho.com.br\/index.php?rest_route=%2Fwp%2Fv2%2Fcomments&post=2704"}],"version-history":[{"count":1,"href":"https:\/\/www.soleufilho.com.br\/index.php?rest_route=\/wp\/v2\/posts\/2704\/revisions"}],"predecessor-version":[{"id":2705,"href":"https:\/\/www.soleufilho.com.br\/index.php?rest_route=\/wp\/v2\/posts\/2704\/revisions\/2705"}],"wp:attachment":[{"href":"https:\/\/www.soleufilho.com.br\/index.php?rest_route=%2Fwp%2Fv2%2Fmedia&parent=2704"}],"wp:term":[{"taxonomy":"category","embeddable":true,"href":"https:\/\/www.soleufilho.com.br\/index.php?rest_route=%2Fwp%2Fv2%2Fcategories&post=2704"},{"taxonomy":"post_tag","embeddable":true,"href":"https:\/\/www.soleufilho.com.br\/index.php?rest_route=%2Fwp%2Fv2%2Ftags&post=2704"}],"curies":[{"name":"wp","href":"https:\/\/api.w.org\/{rel}","templated":true}]}}