{"id":2707,"date":"2025-09-19T09:31:55","date_gmt":"2025-09-19T12:31:55","guid":{"rendered":"https:\/\/www.soleufilho.com.br\/?p=2707"},"modified":"2025-09-19T09:31:56","modified_gmt":"2025-09-19T12:31:56","slug":"baile-da-independencia-2025-reuniu-em-noite-de-elegancia-militares-autoridades-e-convidados","status":"publish","type":"post","link":"https:\/\/www.soleufilho.com.br\/?p=2707","title":{"rendered":"Baile da Independ\u00eancia 2025 reuniu, em noite de eleg\u00e2ncia, militares, autoridades e convidados!"},"content":{"rendered":"\n<p>O Serrano T\u00eanis Clube sediou na noite de s\u00e1bado (13.9), o tradicional Baile da Independ\u00eancia, promovido pelo Clube dos Oficiais do 1\u00ba Batalh\u00e3o Ferrovi\u00e1rio de Lages, 2\u00ba Comando Regional de Pol\u00edcia Militar, 5\u00ba Batalh\u00e3o de Bombeiros Militar, Serrano T\u00eanis Clube, Associa\u00e7\u00e3o Comercial e Industrial de Lages e Clube de Diretores Lojistas. O evento, que celebrou, com eleg\u00e2ncia, a Independ\u00eancia do Brasil, reuniu militares, autoridades e membros da sociedade lageana em pura atmosfera de prest\u00edgio e confraterniza\u00e7\u00e3o.<br>A decora\u00e7\u00e3o, assinada pela renomada decoradora Marilu Maldaner, da equipe Marilu Decora\u00e7\u00e3o e Eventos, transformou o sal\u00e3o em verdadeiro cen\u00e1rio de requinte e beleza, destacando-se por belos arranjos naturais e paleta de verdes, que exaltou o esp\u00edrito nacional. O Caf\u00e9 com Menta foi respons\u00e1vel pelo sofisticado finger food, atrav\u00e9s de tr\u00eas bem montadas ilhas gastron\u00f4micas.<br>A anima\u00e7\u00e3o da noite ficou por conta do Malbec Trio que trouxe repert\u00f3rio variado, mantendo o sal\u00e3o vibrante at\u00e9 as \u00faltimas horas. A sonoriza\u00e7\u00e3o foi de Toco Som. Os registros visuais do memor\u00e1vel evento t\u00eam assinatura do talentoso fot\u00f3grafo Gugu Garcia, eternizando uma noite que foi marcada pela tradi\u00e7\u00e3o do acontecimento, eleg\u00e2ncia e celebra\u00e7\u00e3o patri\u00f3tica, portanto, os merecidos aplausos aos organizadores!<\/p>\n\n\n<div class=\"wp-block-image\">\n<figure class=\"aligncenter size-large\"><img loading=\"lazy\" decoding=\"async\" width=\"500\" height=\"334\" src=\"https:\/\/www.soleufilho.com.br\/wp-content\/uploads\/2025\/09\/1-1-500x334.jpg\" alt=\"\" class=\"wp-image-2713\" srcset=\"https:\/\/www.soleufilho.com.br\/wp-content\/uploads\/2025\/09\/1-1-500x334.jpg 500w, https:\/\/www.soleufilho.com.br\/wp-content\/uploads\/2025\/09\/1-1-300x200.jpg 300w, https:\/\/www.soleufilho.com.br\/wp-content\/uploads\/2025\/09\/1-1-768x512.jpg 768w, https:\/\/www.soleufilho.com.br\/wp-content\/uploads\/2025\/09\/1-1.jpg 1000w\" sizes=\"auto, (max-width: 500px) 100vw, 500px\" \/><figcaption class=\"wp-element-caption\">Tenente Coronel Marco Ant\u00f4nio Eidt Comandante Interino da 2\u0105 Regi\u00e3o de Bombeiros Militar e Cabo Bombeiro Militar Mariele Pagliari, Tenente Coronel BM Helo\u00edsa Helena Battisti &#8211; Comandante do 5\u2070 Batalh\u00e3o de Bombeiros Militar e o Tenente Coronel do 5\u00b0 Batalh\u00e3o de Bombeiros Militar Anderson Ciota &#8211; Chefe do Estado Maior da 2\u00aa Regi\u00e3o de Bombeiros Militar, Casal Presidente Serrano T\u00eanis Clube Raineri Castagna e Lilica Rossi Castagna, Newton Fernando Ayres dos Anjos , Ivania Anjos, Tenente Coronel Hudson Machado Moreira Comandante do 1\u00ba Batalh\u00e3o Ferrovi\u00e1rio de Lages e Lele Faltz Moreira, Presidente da Associa\u00e7\u00e3o Empresarial de Lages Ant\u00f4nio Wiggers e Vera Wiggers, Presidente do Clube de Diretores Lojista C\u00e9lio Antunes Bueno e esposa Lele Antunes Bueno. Todos os casais comp\u00f5em a lista de organizadores do evento!<\/figcaption><\/figure><\/div>\n\n<div class=\"wp-block-image\">\n<figure class=\"aligncenter size-large\"><img loading=\"lazy\" decoding=\"async\" width=\"500\" height=\"334\" src=\"https:\/\/www.soleufilho.com.br\/wp-content\/uploads\/2025\/09\/2-2-500x334.jpg\" alt=\"\" class=\"wp-image-2710\" srcset=\"https:\/\/www.soleufilho.com.br\/wp-content\/uploads\/2025\/09\/2-2-500x334.jpg 500w, https:\/\/www.soleufilho.com.br\/wp-content\/uploads\/2025\/09\/2-2-300x200.jpg 300w, https:\/\/www.soleufilho.com.br\/wp-content\/uploads\/2025\/09\/2-2-768x512.jpg 768w, https:\/\/www.soleufilho.com.br\/wp-content\/uploads\/2025\/09\/2-2.jpg 1000w\" sizes=\"auto, (max-width: 500px) 100vw, 500px\" \/><figcaption class=\"wp-element-caption\">Sandro Dami\u00e3o e Aline, Marcello Ribeiro e Ester, Raineri Castagna e Liliane<br>Mitieli Favero e Tiago Matias, no Baile da Independ\u00eancia 2025!<\/figcaption><\/figure><\/div>\n\n<div class=\"wp-block-image\">\n<figure class=\"aligncenter size-large\"><img loading=\"lazy\" decoding=\"async\" width=\"500\" height=\"334\" src=\"https:\/\/www.soleufilho.com.br\/wp-content\/uploads\/2025\/09\/3-1-500x334.jpg\" alt=\"\" class=\"wp-image-2712\" srcset=\"https:\/\/www.soleufilho.com.br\/wp-content\/uploads\/2025\/09\/3-1-500x334.jpg 500w, https:\/\/www.soleufilho.com.br\/wp-content\/uploads\/2025\/09\/3-1-300x200.jpg 300w, https:\/\/www.soleufilho.com.br\/wp-content\/uploads\/2025\/09\/3-1-768x512.jpg 768w, https:\/\/www.soleufilho.com.br\/wp-content\/uploads\/2025\/09\/3-1.jpg 1000w\" sizes=\"auto, (max-width: 500px) 100vw, 500px\" \/><figcaption class=\"wp-element-caption\">Militares do 1\u00b0 Batalh\u00e3o Ferrovi\u00e1rio prestigiam o Baile da Independ\u00eancia no Serrano T\u00eanis Clube<\/figcaption><\/figure><\/div>\n\n<div class=\"wp-block-image\">\n<figure class=\"aligncenter size-large\"><img loading=\"lazy\" decoding=\"async\" width=\"1000\" height=\"667\" src=\"https:\/\/www.soleufilho.com.br\/wp-content\/uploads\/2025\/09\/4-500x334.jpg\" alt=\"\" class=\"wp-image-2711\" srcset=\"https:\/\/www.soleufilho.com.br\/wp-content\/uploads\/2025\/09\/4-500x334.jpg 500w, https:\/\/www.soleufilho.com.br\/wp-content\/uploads\/2025\/09\/4-300x200.jpg 300w, https:\/\/www.soleufilho.com.br\/wp-content\/uploads\/2025\/09\/4-768x512.jpg 768w, https:\/\/www.soleufilho.com.br\/wp-content\/uploads\/2025\/09\/4.jpg 1000w\" sizes=\"auto, (max-width: 1000px) 100vw, 1000px\" \/><figcaption class=\"wp-element-caption\">Pedro Henrique Maldaner Ghiorzi de Arruda, Marilu Maldaner, Tenente Coronel Hudson Machado Moreira, Lel\u00ea Faltz Moreira, Vit\u00f3ria Faltz Moreira, Maria Tereza Maldaner Ghiorzi e Marconi Tadeu Branco Ramos<\/figcaption><\/figure><\/div>\n\n<div class=\"wp-block-image\">\n<figure class=\"aligncenter size-large\"><img loading=\"lazy\" decoding=\"async\" width=\"500\" height=\"334\" src=\"https:\/\/www.soleufilho.com.br\/wp-content\/uploads\/2025\/09\/5-1-500x334.jpg\" alt=\"\" class=\"wp-image-2709\" srcset=\"https:\/\/www.soleufilho.com.br\/wp-content\/uploads\/2025\/09\/5-1-500x334.jpg 500w, https:\/\/www.soleufilho.com.br\/wp-content\/uploads\/2025\/09\/5-1-300x200.jpg 300w, https:\/\/www.soleufilho.com.br\/wp-content\/uploads\/2025\/09\/5-1-768x512.jpg 768w, https:\/\/www.soleufilho.com.br\/wp-content\/uploads\/2025\/09\/5-1.jpg 1000w\" sizes=\"auto, (max-width: 500px) 100vw, 500px\" \/><figcaption class=\"wp-element-caption\">Gilberto Zappellini, Maeve Jasper Zappellini e Pedro Henrique Maldaner Ghiorzi Cruz<\/figcaption><\/figure><\/div>\n\n<div class=\"wp-block-image\">\n<figure class=\"aligncenter size-large\"><img loading=\"lazy\" decoding=\"async\" width=\"500\" height=\"334\" src=\"https:\/\/www.soleufilho.com.br\/wp-content\/uploads\/2025\/09\/6-500x334.jpg\" alt=\"\" class=\"wp-image-2708\" srcset=\"https:\/\/www.soleufilho.com.br\/wp-content\/uploads\/2025\/09\/6-500x334.jpg 500w, https:\/\/www.soleufilho.com.br\/wp-content\/uploads\/2025\/09\/6-300x200.jpg 300w, https:\/\/www.soleufilho.com.br\/wp-content\/uploads\/2025\/09\/6-768x512.jpg 768w, https:\/\/www.soleufilho.com.br\/wp-content\/uploads\/2025\/09\/6.jpg 1000w\" sizes=\"auto, (max-width: 500px) 100vw, 500px\" \/><figcaption class=\"wp-element-caption\">Jorge e Marisa Bernardes prestigiaram o bonito Baile da Independ\u00eancia 2025<\/figcaption><\/figure><\/div>\n\n\n<p><\/p>\n","protected":false},"excerpt":{"rendered":"<p>O Serrano T\u00eanis Clube sediou na noite de s\u00e1bado (13.9), o tradicional Baile da Independ\u00eancia, promovido pelo Clube dos Oficiais do 1\u00ba Batalh\u00e3o Ferrovi\u00e1rio de Lages, 2\u00ba Comando Regional de Pol\u00edcia Militar, 5\u00ba Batalh\u00e3o de Bombeiros Militar, Serrano T\u00eanis Clube, Associa\u00e7\u00e3o Comercial e Industrial de Lages e Clube de Diretores Lojistas. O evento, que celebrou, &hellip; <a href=\"https:\/\/www.soleufilho.com.br\/?p=2707\" class=\"more-link\">Continue lendo <span class=\"screen-reader-text\">Baile da Independ\u00eancia 2025 reuniu, em noite de eleg\u00e2ncia, militares, autoridades e convidados!<\/span> <span class=\"meta-nav\">&rarr;<\/span><\/a><\/p>\n","protected":false},"author":1,"featured_media":0,"comment_status":"open","ping_status":"open","sticky":false,"template":"","format":"standard","meta":{"footnotes":""},"categories":[1],"tags":[],"class_list":["post-2707","post","type-post","status-publish","format-standard","hentry","category-uncategorized"],"_links":{"self":[{"href":"https:\/\/www.soleufilho.com.br\/index.php?rest_route=\/wp\/v2\/posts\/2707","targetHints":{"allow":["GET"]}}],"collection":[{"href":"https:\/\/www.soleufilho.com.br\/index.php?rest_route=\/wp\/v2\/posts"}],"about":[{"href":"https:\/\/www.soleufilho.com.br\/index.php?rest_route=\/wp\/v2\/types\/post"}],"author":[{"embeddable":true,"href":"https:\/\/www.soleufilho.com.br\/index.php?rest_route=\/wp\/v2\/users\/1"}],"replies":[{"embeddable":true,"href":"https:\/\/www.soleufilho.com.br\/index.php?rest_route=%2Fwp%2Fv2%2Fcomments&post=2707"}],"version-history":[{"count":1,"href":"https:\/\/www.soleufilho.com.br\/index.php?rest_route=\/wp\/v2\/posts\/2707\/revisions"}],"predecessor-version":[{"id":2714,"href":"https:\/\/www.soleufilho.com.br\/index.php?rest_route=\/wp\/v2\/posts\/2707\/revisions\/2714"}],"wp:attachment":[{"href":"https:\/\/www.soleufilho.com.br\/index.php?rest_route=%2Fwp%2Fv2%2Fmedia&parent=2707"}],"wp:term":[{"taxonomy":"category","embeddable":true,"href":"https:\/\/www.soleufilho.com.br\/index.php?rest_route=%2Fwp%2Fv2%2Fcategories&post=2707"},{"taxonomy":"post_tag","embeddable":true,"href":"https:\/\/www.soleufilho.com.br\/index.php?rest_route=%2Fwp%2Fv2%2Ftags&post=2707"}],"curies":[{"name":"wp","href":"https:\/\/api.w.org\/{rel}","templated":true}]}}