{"id":2726,"date":"2025-10-03T07:00:00","date_gmt":"2025-10-03T10:00:00","guid":{"rendered":"https:\/\/www.soleufilho.com.br\/?p=2726"},"modified":"2025-10-06T12:06:19","modified_gmt":"2025-10-06T15:06:19","slug":"emocao-e-alegria-na-comemoracao-dos-50-anos-do-medico-willian-dani","status":"publish","type":"post","link":"https:\/\/www.soleufilho.com.br\/?p=2726","title":{"rendered":"Emo\u00e7\u00e3o e alegria na comemora\u00e7\u00e3o dos 50 anos do m\u00e9dico Willian Dani!"},"content":{"rendered":"\n<p>No s\u00e1bado, 20 de setembro, a sede da Associa\u00e7\u00e3o M\u00e9dica da Serra recebeu marcante celebra\u00e7\u00e3o: os 50 anos do m\u00e9dico ortopedista Willian Soltau Dani. Dr. Willian \u00e9 muito elogiado pela comunidade da Serra Catarinense, pelas cirurgias do quadril, que realiza. Em clima de alegria e emo\u00e7\u00e3o, familiares e amigos se reuniram para homenagear sua trajet\u00f3ria de vida, marcada por dedica\u00e7\u00e3o e conquistas.<br>A decora\u00e7\u00e3o do evento comemorativo, impec\u00e1vel, assinada por Marilu Maldaner da Marilu Decora\u00e7\u00e3o e Eventos, trouxe sofistica\u00e7\u00e3o e encantamento em cada detalhe.<br>O requintado card\u00e1pio foi elaborado pelo chef S\u00e9rgio Rotta e equipe, do famoso Buffet Serrano, que surpreendeu com sabores \u00fanicos. O cerimonial, conduzido pela experiente Juliane Godoy, assegurou o ritmo elegante da noite.<br>Os registros desse momento inesquec\u00edvel ficaram sob o olhar sens\u00edvel do fot\u00f3grafo Ale Santos, eternizando cada emo\u00e7\u00e3o e sorriso.<br>Aplausos ao Dr. Willian, por seus 50 bem vividos anos, devidamente celebrados eleg\u00e2ncia e significado!<\/p>\n\n\n<div class=\"wp-block-image\">\n<figure class=\"aligncenter size-large is-resized\"><img loading=\"lazy\" decoding=\"async\" width=\"500\" height=\"333\" src=\"https:\/\/www.soleufilho.com.br\/wp-content\/uploads\/2025\/10\/1-500x333.jpeg\" alt=\"\" class=\"wp-image-2728\" style=\"width:500px;height:auto\" srcset=\"https:\/\/www.soleufilho.com.br\/wp-content\/uploads\/2025\/10\/1-500x333.jpeg 500w, https:\/\/www.soleufilho.com.br\/wp-content\/uploads\/2025\/10\/1-300x200.jpeg 300w, https:\/\/www.soleufilho.com.br\/wp-content\/uploads\/2025\/10\/1-768x512.jpeg 768w, https:\/\/www.soleufilho.com.br\/wp-content\/uploads\/2025\/10\/1.jpeg 1280w\" sizes=\"auto, (max-width: 500px) 100vw, 500px\" \/><figcaption class=\"wp-element-caption\">Dr. William Soltau Dani ao lado de sua esposa, C\u00e2ndice Abella Dani, seus filhos, seus sogros Ruy C\u00e9sar Abella e Ana Maria Abella, com Victoria Leoni e Isabela Coan<\/figcaption><\/figure><\/div>\n\n<div class=\"wp-block-image\">\n<figure class=\"aligncenter size-large\"><img loading=\"lazy\" decoding=\"async\" width=\"333\" height=\"500\" src=\"https:\/\/www.soleufilho.com.br\/wp-content\/uploads\/2025\/10\/2-333x500.jpeg\" alt=\"\" class=\"wp-image-2730\" srcset=\"https:\/\/www.soleufilho.com.br\/wp-content\/uploads\/2025\/10\/2-333x500.jpeg 333w, https:\/\/www.soleufilho.com.br\/wp-content\/uploads\/2025\/10\/2-200x300.jpeg 200w, https:\/\/www.soleufilho.com.br\/wp-content\/uploads\/2025\/10\/2-768x1152.jpeg 768w, https:\/\/www.soleufilho.com.br\/wp-content\/uploads\/2025\/10\/2.jpeg 853w\" sizes=\"auto, (max-width: 333px) 100vw, 333px\" \/><figcaption class=\"wp-element-caption\">Dr. William Soltau Dani e C\u00e2ndice Abella Dani<\/figcaption><\/figure><\/div>\n\n<div class=\"wp-block-image\">\n<figure class=\"aligncenter size-large\"><img loading=\"lazy\" decoding=\"async\" width=\"357\" height=\"500\" src=\"https:\/\/www.soleufilho.com.br\/wp-content\/uploads\/2025\/10\/3-357x500.jpg\" alt=\"\" class=\"wp-image-2727\" srcset=\"https:\/\/www.soleufilho.com.br\/wp-content\/uploads\/2025\/10\/3-357x500.jpg 357w, https:\/\/www.soleufilho.com.br\/wp-content\/uploads\/2025\/10\/3-214x300.jpg 214w, https:\/\/www.soleufilho.com.br\/wp-content\/uploads\/2025\/10\/3.jpg 714w\" sizes=\"auto, (max-width: 357px) 100vw, 357px\" \/><figcaption class=\"wp-element-caption\">Dr. Wiliam Dani e C\u00e2ndice, com os pais dele, Maria Clara e Iraci Dani<\/figcaption><\/figure><\/div>\n\n<div class=\"wp-block-image\">\n<figure class=\"aligncenter size-large\"><img loading=\"lazy\" decoding=\"async\" width=\"333\" height=\"500\" src=\"https:\/\/www.soleufilho.com.br\/wp-content\/uploads\/2025\/10\/4-333x500.jpeg\" alt=\"\" class=\"wp-image-2732\" srcset=\"https:\/\/www.soleufilho.com.br\/wp-content\/uploads\/2025\/10\/4-333x500.jpeg 333w, https:\/\/www.soleufilho.com.br\/wp-content\/uploads\/2025\/10\/4-200x300.jpeg 200w, https:\/\/www.soleufilho.com.br\/wp-content\/uploads\/2025\/10\/4-768x1152.jpeg 768w, https:\/\/www.soleufilho.com.br\/wp-content\/uploads\/2025\/10\/4.jpeg 853w\" sizes=\"auto, (max-width: 333px) 100vw, 333px\" \/><figcaption class=\"wp-element-caption\">M\u00e9dico ortopedista Willian Soltau Dani, nos festejos pela chegada de seus 50 anos!<\/figcaption><\/figure><\/div>\n\n\n<h2 class=\"wp-block-heading\">Presen\u00e7a de advogados<\/h2>\n\n\n\n<p>Durante concorrido evento da Ordem dos Advogados do Brasil-Lages, prestigiada fam\u00edlia de advogados marcou presen\u00e7a. Jo\u00e3o Aguirre \u00e9 advogado, parecerista e professor da Faculdade de Direito da Universidade Presbiteriana Mackenzie, em S\u00e3o Paulo; e \u00e9 casado com a lageana Ana Paula de Oliveira Antunes, tamb\u00e9m advogada e professora.<br>Com eles, o casal de advogados Ana Maria Pav\u00e3o Silva e Gabriel de Oliveira Antunes, que, atualmente, preside a OAB de Lages e \u00e9 um dos mais conceituados criminalistas da Serra Catarinense.<\/p>\n\n\n<div class=\"wp-block-image\">\n<figure class=\"aligncenter size-large\"><img loading=\"lazy\" decoding=\"async\" width=\"500\" height=\"333\" src=\"https:\/\/www.soleufilho.com.br\/wp-content\/uploads\/2025\/10\/5-500x333.jpeg\" alt=\"\" class=\"wp-image-2729\" srcset=\"https:\/\/www.soleufilho.com.br\/wp-content\/uploads\/2025\/10\/5-500x333.jpeg 500w, https:\/\/www.soleufilho.com.br\/wp-content\/uploads\/2025\/10\/5-300x200.jpeg 300w, https:\/\/www.soleufilho.com.br\/wp-content\/uploads\/2025\/10\/5-768x512.jpeg 768w, https:\/\/www.soleufilho.com.br\/wp-content\/uploads\/2025\/10\/5-1536x1023.jpeg 1536w, https:\/\/www.soleufilho.com.br\/wp-content\/uploads\/2025\/10\/5.jpeg 1600w\" sizes=\"auto, (max-width: 500px) 100vw, 500px\" \/><figcaption class=\"wp-element-caption\">Jo\u00e3o Aguirre e Ana Paula de Oliveira Antunes, Ana Maria Pav\u00e3o Silva e Gabriel de Oliveira Antunes, prestigiados advogados prestigiando evento da OAB-Lages<\/figcaption><\/figure><\/div>\n\n\n<h2 class=\"wp-block-heading\">Momentos felizes!<\/h2>\n\n\n\n<p>Aqui est\u00e1 a Tere Arruda, radiante ao lado de seus ador\u00e1veis netos: Emiliano, Ben\u00edcio, Pedro Henrique e Maria Eduarda. Cada risada e cada brincadeira trazem uma felicidade imensa!<br>Esses momentos s\u00e3o preciosos e repletos de amor. Vale a pena compartilhar a vida com esses pequenos!<\/p>\n\n\n<div class=\"wp-block-image\">\n<figure class=\"aligncenter size-large\"><img loading=\"lazy\" decoding=\"async\" width=\"500\" height=\"375\" src=\"https:\/\/www.soleufilho.com.br\/wp-content\/uploads\/2025\/10\/6-500x375.jpeg\" alt=\"\" class=\"wp-image-2731\" srcset=\"https:\/\/www.soleufilho.com.br\/wp-content\/uploads\/2025\/10\/6-500x375.jpeg 500w, https:\/\/www.soleufilho.com.br\/wp-content\/uploads\/2025\/10\/6-300x225.jpeg 300w, https:\/\/www.soleufilho.com.br\/wp-content\/uploads\/2025\/10\/6-768x576.jpeg 768w, https:\/\/www.soleufilho.com.br\/wp-content\/uploads\/2025\/10\/6.jpeg 1280w\" sizes=\"auto, (max-width: 500px) 100vw, 500px\" \/><figcaption class=\"wp-element-caption\">Tere Arruda com seus ador\u00e1veis netos!<\/figcaption><\/figure><\/div>","protected":false},"excerpt":{"rendered":"<p>No s\u00e1bado, 20 de setembro, a sede da Associa\u00e7\u00e3o M\u00e9dica da Serra recebeu marcante celebra\u00e7\u00e3o: os 50 anos do m\u00e9dico ortopedista Willian Soltau Dani. Dr. Willian \u00e9 muito elogiado pela comunidade da Serra Catarinense, pelas cirurgias do quadril, que realiza. Em clima de alegria e emo\u00e7\u00e3o, familiares e amigos se reuniram para homenagear sua trajet\u00f3ria &hellip; <a href=\"https:\/\/www.soleufilho.com.br\/?p=2726\" class=\"more-link\">Continue lendo <span class=\"screen-reader-text\">Emo\u00e7\u00e3o e alegria na comemora\u00e7\u00e3o dos 50 anos do m\u00e9dico Willian Dani!<\/span> <span class=\"meta-nav\">&rarr;<\/span><\/a><\/p>\n","protected":false},"author":1,"featured_media":0,"comment_status":"open","ping_status":"open","sticky":false,"template":"","format":"standard","meta":{"footnotes":""},"categories":[1],"tags":[],"class_list":["post-2726","post","type-post","status-publish","format-standard","hentry","category-uncategorized"],"_links":{"self":[{"href":"https:\/\/www.soleufilho.com.br\/index.php?rest_route=\/wp\/v2\/posts\/2726","targetHints":{"allow":["GET"]}}],"collection":[{"href":"https:\/\/www.soleufilho.com.br\/index.php?rest_route=\/wp\/v2\/posts"}],"about":[{"href":"https:\/\/www.soleufilho.com.br\/index.php?rest_route=\/wp\/v2\/types\/post"}],"author":[{"embeddable":true,"href":"https:\/\/www.soleufilho.com.br\/index.php?rest_route=\/wp\/v2\/users\/1"}],"replies":[{"embeddable":true,"href":"https:\/\/www.soleufilho.com.br\/index.php?rest_route=%2Fwp%2Fv2%2Fcomments&post=2726"}],"version-history":[{"count":1,"href":"https:\/\/www.soleufilho.com.br\/index.php?rest_route=\/wp\/v2\/posts\/2726\/revisions"}],"predecessor-version":[{"id":2733,"href":"https:\/\/www.soleufilho.com.br\/index.php?rest_route=\/wp\/v2\/posts\/2726\/revisions\/2733"}],"wp:attachment":[{"href":"https:\/\/www.soleufilho.com.br\/index.php?rest_route=%2Fwp%2Fv2%2Fmedia&parent=2726"}],"wp:term":[{"taxonomy":"category","embeddable":true,"href":"https:\/\/www.soleufilho.com.br\/index.php?rest_route=%2Fwp%2Fv2%2Fcategories&post=2726"},{"taxonomy":"post_tag","embeddable":true,"href":"https:\/\/www.soleufilho.com.br\/index.php?rest_route=%2Fwp%2Fv2%2Ftags&post=2726"}],"curies":[{"name":"wp","href":"https:\/\/api.w.org\/{rel}","templated":true}]}}