{"id":2734,"date":"2025-10-10T07:00:00","date_gmt":"2025-10-10T10:00:00","guid":{"rendered":"https:\/\/www.soleufilho.com.br\/?p=2734"},"modified":"2025-10-06T12:24:39","modified_gmt":"2025-10-06T15:24:39","slug":"festa-pelos-15-anos-de-maye-brignoli-foi-inesquecivel","status":"publish","type":"post","link":"https:\/\/www.soleufilho.com.br\/?p=2734","title":{"rendered":"Festa pelos 15 anos de May\u00ea Brignoli foi inesquec\u00edvel!"},"content":{"rendered":"\n<p>No dia 5 de setembro, a jovem May\u00ea Muniz Brignoli celebrou seus 15 anos em festa inesquec\u00edvel no famoso Maria&#8217;s, em Cambori\u00fa. Filha de Melissa e M\u00e1rcio Brignoli, May\u00ea foi a verdadeira estrela da noite!<br>May\u00ea \u00e9 neta da querida empres\u00e1ria lageana Marilu Schmaedecke, que atualmente divide Lages com Balne\u00e1rio Cambori\u00fa.<br>A festa foi organizada com muito carinho pela talentosa Michele Montegutte, que cuidou de cada detalhe para que tudo sa\u00edsse perfeito. O decorador Daniel impressionou a todos com decora\u00e7\u00e3o deslumbrante, utilizando milhares de flores que transformaram o ambiente em um verdadeiro sonho.<br>O vestido da aniversariante, assinado pelo renomado estilista Mateus Nudelman, deixou todos encantados. Com design sofisticado e elegante, May\u00ea brilhou como verdadeira princesa!<br>Para animar a pista de dan\u00e7a, os DJs Sanchezz e Aka garantiram que ningu\u00e9m ficasse parado, embalando a festa com m\u00fasicas contagiantes e criando uma atmosfera de pura alegria.<br>Foi noite m\u00e1gica, repleta de amor e celebra\u00e7\u00e3o, que ficar\u00e1 marcada na mem\u00f3ria de todos os presentes. Parab\u00e9ns, May\u00ea!<\/p>\n\n\n<div class=\"wp-block-image\">\n<figure class=\"aligncenter size-large\"><img loading=\"lazy\" decoding=\"async\" width=\"334\" height=\"500\" src=\"https:\/\/www.soleufilho.com.br\/wp-content\/uploads\/2025\/10\/1-334x500.jpg\" alt=\"\" class=\"wp-image-2736\" srcset=\"https:\/\/www.soleufilho.com.br\/wp-content\/uploads\/2025\/10\/1-334x500.jpg 334w, https:\/\/www.soleufilho.com.br\/wp-content\/uploads\/2025\/10\/1-200x300.jpg 200w, https:\/\/www.soleufilho.com.br\/wp-content\/uploads\/2025\/10\/1.jpg 667w\" sizes=\"auto, (max-width: 334px) 100vw, 334px\" \/><figcaption class=\"wp-element-caption\">May\u00ea Muniz Brignoli celebrou seus 15 anos em uma festa inesquec\u00edvel!<\/figcaption><\/figure><\/div>\n\n<div class=\"wp-block-image\">\n<figure class=\"aligncenter size-large\"><img loading=\"lazy\" decoding=\"async\" width=\"500\" height=\"334\" src=\"https:\/\/www.soleufilho.com.br\/wp-content\/uploads\/2025\/10\/2-500x334.jpg\" alt=\"\" class=\"wp-image-2735\" srcset=\"https:\/\/www.soleufilho.com.br\/wp-content\/uploads\/2025\/10\/2-500x334.jpg 500w, https:\/\/www.soleufilho.com.br\/wp-content\/uploads\/2025\/10\/2-300x200.jpg 300w, https:\/\/www.soleufilho.com.br\/wp-content\/uploads\/2025\/10\/2-768x512.jpg 768w, https:\/\/www.soleufilho.com.br\/wp-content\/uploads\/2025\/10\/2.jpg 1000w\" sizes=\"auto, (max-width: 500px) 100vw, 500px\" \/><figcaption class=\"wp-element-caption\">Cau\u00ea Brignoli, Marilu Schmaedecke, Melissa Muniz Brignoli, May\u00ea Brignoli e M\u00e1rcio Brignoli<\/figcaption><\/figure><\/div>\n\n<div class=\"wp-block-image\">\n<figure class=\"aligncenter size-large\"><img loading=\"lazy\" decoding=\"async\" width=\"375\" height=\"500\" src=\"https:\/\/www.soleufilho.com.br\/wp-content\/uploads\/2025\/10\/3-375x500.jpeg\" alt=\"\" class=\"wp-image-2742\" srcset=\"https:\/\/www.soleufilho.com.br\/wp-content\/uploads\/2025\/10\/3-375x500.jpeg 375w, https:\/\/www.soleufilho.com.br\/wp-content\/uploads\/2025\/10\/3-225x300.jpeg 225w, https:\/\/www.soleufilho.com.br\/wp-content\/uploads\/2025\/10\/3-768x1024.jpeg 768w, https:\/\/www.soleufilho.com.br\/wp-content\/uploads\/2025\/10\/3.jpeg 960w\" sizes=\"auto, (max-width: 375px) 100vw, 375px\" \/><figcaption class=\"wp-element-caption\">Odila Arnutti Duarte, Rita Baggio, Bebel Vieira, Marilu Schmaedecke, Maria Benta Heidrich e Zarife, da sociedade de Bel\u00e9m do Par\u00e1<\/figcaption><\/figure><\/div>\n\n<div class=\"wp-block-image\">\n<figure class=\"aligncenter size-large\"><img loading=\"lazy\" decoding=\"async\" width=\"1000\" height=\"667\" src=\"https:\/\/www.soleufilho.com.br\/wp-content\/uploads\/2025\/10\/4-500x334.jpg\" alt=\"\" class=\"wp-image-2737\" srcset=\"https:\/\/www.soleufilho.com.br\/wp-content\/uploads\/2025\/10\/4-500x334.jpg 500w, https:\/\/www.soleufilho.com.br\/wp-content\/uploads\/2025\/10\/4-300x200.jpg 300w, https:\/\/www.soleufilho.com.br\/wp-content\/uploads\/2025\/10\/4-768x512.jpg 768w, https:\/\/www.soleufilho.com.br\/wp-content\/uploads\/2025\/10\/4.jpg 1000w\" sizes=\"auto, (max-width: 1000px) 100vw, 1000px\" \/><figcaption class=\"wp-element-caption\">Cau\u00ea Brignoli, Bebel Vieira, Melissa Muniz Brignoli, May\u00ea Brignoli, M\u00e1rcio Brignoli e Rafael Vieira<\/figcaption><\/figure><\/div>\n\n<div class=\"wp-block-image\">\n<figure class=\"aligncenter size-large\"><img loading=\"lazy\" decoding=\"async\" width=\"375\" height=\"500\" src=\"https:\/\/www.soleufilho.com.br\/wp-content\/uploads\/2025\/10\/5-375x500.jpg\" alt=\"\" class=\"wp-image-2741\" srcset=\"https:\/\/www.soleufilho.com.br\/wp-content\/uploads\/2025\/10\/5-375x500.jpg 375w, https:\/\/www.soleufilho.com.br\/wp-content\/uploads\/2025\/10\/5-225x300.jpg 225w, https:\/\/www.soleufilho.com.br\/wp-content\/uploads\/2025\/10\/5.jpg 750w\" sizes=\"auto, (max-width: 375px) 100vw, 375px\" \/><figcaption class=\"wp-element-caption\">Monalise Schmaedecke Muniz Duarte e Daniela Duarte Corr\u00eaa<\/figcaption><\/figure><\/div>\n\n<div class=\"wp-block-image\">\n<figure class=\"aligncenter size-large\"><img loading=\"lazy\" decoding=\"async\" width=\"375\" height=\"500\" src=\"https:\/\/www.soleufilho.com.br\/wp-content\/uploads\/2025\/10\/6-1-375x500.jpeg\" alt=\"\" class=\"wp-image-2743\" srcset=\"https:\/\/www.soleufilho.com.br\/wp-content\/uploads\/2025\/10\/6-1-375x500.jpeg 375w, https:\/\/www.soleufilho.com.br\/wp-content\/uploads\/2025\/10\/6-1-225x300.jpeg 225w, https:\/\/www.soleufilho.com.br\/wp-content\/uploads\/2025\/10\/6-1-768x1024.jpeg 768w, https:\/\/www.soleufilho.com.br\/wp-content\/uploads\/2025\/10\/6-1-1152x1536.jpeg 1152w, https:\/\/www.soleufilho.com.br\/wp-content\/uploads\/2025\/10\/6-1.jpeg 1200w\" sizes=\"auto, (max-width: 375px) 100vw, 375px\" \/><figcaption class=\"wp-element-caption\">Daniela Schmaedecke Ribas, Monalise Schmaedecke Muniz Duarte e as manas T\u00e2nia Marisa e T\u00e2nia Marlise Theis<\/figcaption><\/figure><\/div>\n\n<div class=\"wp-block-image\">\n<figure class=\"aligncenter size-large\"><img loading=\"lazy\" decoding=\"async\" width=\"500\" height=\"334\" src=\"https:\/\/www.soleufilho.com.br\/wp-content\/uploads\/2025\/10\/7-500x334.jpg\" alt=\"\" class=\"wp-image-2739\" srcset=\"https:\/\/www.soleufilho.com.br\/wp-content\/uploads\/2025\/10\/7-500x334.jpg 500w, https:\/\/www.soleufilho.com.br\/wp-content\/uploads\/2025\/10\/7-300x200.jpg 300w, https:\/\/www.soleufilho.com.br\/wp-content\/uploads\/2025\/10\/7-768x512.jpg 768w, https:\/\/www.soleufilho.com.br\/wp-content\/uploads\/2025\/10\/7.jpg 1000w\" sizes=\"auto, (max-width: 500px) 100vw, 500px\" \/><figcaption class=\"wp-element-caption\">Marilu Schmaedecke e a neta May\u00ea Brignoli<\/figcaption><\/figure><\/div>\n\n<div class=\"wp-block-image\">\n<figure class=\"aligncenter size-large\"><img loading=\"lazy\" decoding=\"async\" width=\"500\" height=\"334\" src=\"https:\/\/www.soleufilho.com.br\/wp-content\/uploads\/2025\/10\/8-500x334.jpg\" alt=\"\" class=\"wp-image-2740\" srcset=\"https:\/\/www.soleufilho.com.br\/wp-content\/uploads\/2025\/10\/8-500x334.jpg 500w, https:\/\/www.soleufilho.com.br\/wp-content\/uploads\/2025\/10\/8-300x200.jpg 300w, https:\/\/www.soleufilho.com.br\/wp-content\/uploads\/2025\/10\/8-768x512.jpg 768w, https:\/\/www.soleufilho.com.br\/wp-content\/uploads\/2025\/10\/8.jpg 1000w\" sizes=\"auto, (max-width: 500px) 100vw, 500px\" \/><figcaption class=\"wp-element-caption\">Amigos e familiares da aniversariante May\u00ea Brignoli, na bela festa!<\/figcaption><\/figure><\/div>\n\n<div class=\"wp-block-image\">\n<figure class=\"aligncenter size-large\"><img loading=\"lazy\" decoding=\"async\" width=\"500\" height=\"334\" src=\"https:\/\/www.soleufilho.com.br\/wp-content\/uploads\/2025\/10\/9-500x334.jpg\" alt=\"\" class=\"wp-image-2738\" srcset=\"https:\/\/www.soleufilho.com.br\/wp-content\/uploads\/2025\/10\/9-500x334.jpg 500w, https:\/\/www.soleufilho.com.br\/wp-content\/uploads\/2025\/10\/9-300x200.jpg 300w, https:\/\/www.soleufilho.com.br\/wp-content\/uploads\/2025\/10\/9-768x512.jpg 768w, https:\/\/www.soleufilho.com.br\/wp-content\/uploads\/2025\/10\/9.jpg 1000w\" sizes=\"auto, (max-width: 500px) 100vw, 500px\" \/><figcaption class=\"wp-element-caption\">Maria Laura Corr\u00eaa, Luana Schmaedecke Muniz Duarte e May\u00ea Brignoli<\/figcaption><\/figure><\/div>\n\n\n<p><\/p>\n","protected":false},"excerpt":{"rendered":"<p>No dia 5 de setembro, a jovem May\u00ea Muniz Brignoli celebrou seus 15 anos em festa inesquec\u00edvel no famoso Maria&#8217;s, em Cambori\u00fa. Filha de Melissa e M\u00e1rcio Brignoli, May\u00ea foi a verdadeira estrela da noite!May\u00ea \u00e9 neta da querida empres\u00e1ria lageana Marilu Schmaedecke, que atualmente divide Lages com Balne\u00e1rio Cambori\u00fa.A festa foi organizada com muito &hellip; <a href=\"https:\/\/www.soleufilho.com.br\/?p=2734\" class=\"more-link\">Continue lendo <span class=\"screen-reader-text\">Festa pelos 15 anos de May\u00ea Brignoli foi inesquec\u00edvel!<\/span> <span class=\"meta-nav\">&rarr;<\/span><\/a><\/p>\n","protected":false},"author":1,"featured_media":0,"comment_status":"open","ping_status":"open","sticky":false,"template":"","format":"standard","meta":{"footnotes":""},"categories":[1],"tags":[],"class_list":["post-2734","post","type-post","status-publish","format-standard","hentry","category-uncategorized"],"_links":{"self":[{"href":"https:\/\/www.soleufilho.com.br\/index.php?rest_route=\/wp\/v2\/posts\/2734","targetHints":{"allow":["GET"]}}],"collection":[{"href":"https:\/\/www.soleufilho.com.br\/index.php?rest_route=\/wp\/v2\/posts"}],"about":[{"href":"https:\/\/www.soleufilho.com.br\/index.php?rest_route=\/wp\/v2\/types\/post"}],"author":[{"embeddable":true,"href":"https:\/\/www.soleufilho.com.br\/index.php?rest_route=\/wp\/v2\/users\/1"}],"replies":[{"embeddable":true,"href":"https:\/\/www.soleufilho.com.br\/index.php?rest_route=%2Fwp%2Fv2%2Fcomments&post=2734"}],"version-history":[{"count":1,"href":"https:\/\/www.soleufilho.com.br\/index.php?rest_route=\/wp\/v2\/posts\/2734\/revisions"}],"predecessor-version":[{"id":2744,"href":"https:\/\/www.soleufilho.com.br\/index.php?rest_route=\/wp\/v2\/posts\/2734\/revisions\/2744"}],"wp:attachment":[{"href":"https:\/\/www.soleufilho.com.br\/index.php?rest_route=%2Fwp%2Fv2%2Fmedia&parent=2734"}],"wp:term":[{"taxonomy":"category","embeddable":true,"href":"https:\/\/www.soleufilho.com.br\/index.php?rest_route=%2Fwp%2Fv2%2Fcategories&post=2734"},{"taxonomy":"post_tag","embeddable":true,"href":"https:\/\/www.soleufilho.com.br\/index.php?rest_route=%2Fwp%2Fv2%2Ftags&post=2734"}],"curies":[{"name":"wp","href":"https:\/\/api.w.org\/{rel}","templated":true}]}}