{"id":2745,"date":"2025-10-17T09:03:55","date_gmt":"2025-10-17T12:03:55","guid":{"rendered":"https:\/\/www.soleufilho.com.br\/?p=2745"},"modified":"2025-10-17T09:03:56","modified_gmt":"2025-10-17T12:03:56","slug":"simone-ramos-a-dermatologista-que-conquistou-a-sociedade-lageana","status":"publish","type":"post","link":"https:\/\/www.soleufilho.com.br\/?p=2745","title":{"rendered":"Simone Ramos, a dermatologista que conquistou a sociedade lageana!"},"content":{"rendered":"\n<p>A famosa dermatologista Simone Teixeira Ramos conquistou, ao longo dos 30 anos em que atua em Lages, n\u00e3o somente a credibilidade, mas o gosto e a prefer\u00eancia da sociedade lageana, quando o assunto \u00e9 tratamentos e cuidados essenciais para a pele. Graduada em Medicina, pela Universidade do Par\u00e1 e especialista em Dermatologia, pela Santa Casa de Miseric\u00f3rdia e tamb\u00e9m, especialista pela Sociedade Brasileira de Dermatologia, ambas no Rio de Janeiro. Seu talento e dedica\u00e7\u00e3o, constituem perfeito entrosamento entre profissional e paciente. Recentemente foi convidada a atuar, al\u00e9m de Lages, em Florian\u00f3polis, para executar seu trabalho de Rejuvenescimento \u00cdntimo Feminino, que abrange procedimentos com laser, bioestimuladores e preenchedores na regi\u00e3o genital feminina. \u201cE tamb\u00e9m realizar meu trabalho de longevidade saud\u00e1vel, associada \u00e0 dermatologia e nutrologia, na cl\u00ednica Cadore, situada no complexo do P\u00e1tio Milano\u201d, adianta. Esta semana, o colunista conversou com a Dra. Simone, em seu consult\u00f3rio, no edif\u00edcio Azteca, na Cel. C\u00f3rdova, 458, sala 613, aqui, em Lages! Vamos conferir?<\/p>\n\n\n\n<p><strong>Quais os cuidados essenciais, di\u00e1rios, que todos devem ter com a pele?<\/strong><\/p>\n\n\n\n<p>Todos os dias devemos fazer a higiene da pele de acordo com seu tipo de pele ao acordar e ao dormir, hidrat\u00e1-la e proteg\u00ea-la com o uso do filtro solar. Os produtos devem ser adaptados ao tipo de pele e isto \u00e9 o b\u00e1sico do Skincare.<\/p>\n\n\n\n<p><strong>Como a alimenta\u00e7\u00e3o pode influenciar a sa\u00fade da pele?<\/strong><\/p>\n\n\n\n<p>A alimenta\u00e7\u00e3o influencia diretamente a sa\u00fade da pele, uma vez que fornece os nutrientes, prote\u00edna, vitaminas e minerais essenciais, para a forma\u00e7\u00e3o de col\u00e1geno e pele.<\/p>\n\n\n\n<p><strong>Qual a import\u00e2ncia de se realizar consultas regulares, com um dermatologista?<\/strong><\/p>\n\n\n\n<p>Nas consultas regulares ao dermatologista voc\u00ea pode, al\u00e9m de tratar a sua pele de forma adequada, regenerar o que vai se perdendo com o tempo, como por exemplo seu col\u00e1geno, e detectar precocemente les\u00f5es pr\u00e9 cancerosas, que em geral aparecem nas \u00e1reas da pele mais expostas ao sol.<\/p>\n\n\n\n<p><strong>Existem h\u00e1bitos que podem acelerar o envelhecimento da pele?<\/strong><\/p>\n\n\n\n<p>Sim, por exemplo: alimenta\u00e7\u00e3o inadequada rica em alimentos industrializados e processados, rica em a\u00e7\u00facares; tabagismo; sedentarismo e dormir pouco.<\/p>\n\n\n\n<p><strong>Voc\u00ea pode falar sobre os benef\u00edcios de tratamentos est\u00e9ticos, como peeling e preenchimentos?<\/strong><\/p>\n\n\n\n<p>De maneira muito r\u00e1pida e superficial, j\u00e1 que esses assuntos s\u00e3o extensos. Os peenchedores e bioestimuladores servem para harmonizar o rosto, o pesco\u00e7o, as m\u00e3os e a regi\u00e3o genital. Os peelings servem para realizar troca das c\u00e9lulas superficiais da pele, estimulando novo col\u00e1geno e tratando rugas e manchas. S\u00e3o procedimentos totalmente diferentes na execu\u00e7\u00e3o e cada um deles com a sua indica\u00e7\u00e3o.<\/p>\n\n\n<div class=\"wp-block-image\">\n<figure class=\"aligncenter size-large\"><img loading=\"lazy\" decoding=\"async\" width=\"331\" height=\"500\" src=\"https:\/\/www.soleufilho.com.br\/wp-content\/uploads\/2025\/10\/1-1-331x500.jpg\" alt=\"\" class=\"wp-image-2746\" srcset=\"https:\/\/www.soleufilho.com.br\/wp-content\/uploads\/2025\/10\/1-1-331x500.jpg 331w, https:\/\/www.soleufilho.com.br\/wp-content\/uploads\/2025\/10\/1-1-199x300.jpg 199w, https:\/\/www.soleufilho.com.br\/wp-content\/uploads\/2025\/10\/1-1-768x1160.jpg 768w, https:\/\/www.soleufilho.com.br\/wp-content\/uploads\/2025\/10\/1-1-1017x1536.jpg 1017w, https:\/\/www.soleufilho.com.br\/wp-content\/uploads\/2025\/10\/1-1-1355x2048.jpg 1355w, https:\/\/www.soleufilho.com.br\/wp-content\/uploads\/2025\/10\/1-1.jpg 1554w\" sizes=\"auto, (max-width: 331px) 100vw, 331px\" \/><figcaption class=\"wp-element-caption\">Dermatologista Simone Ramos: \u201cNas consultas regulares ao dermatologista, voc\u00ea pode, al\u00e9m de tratar a sua pele de forma adequada, regenerar o que vai se perdendo com o tempo!\u201d<\/figcaption><\/figure><\/div>\n\n\n<h2 class=\"wp-block-heading\">Festa memor\u00e1vel marcou os 15 anos de La\u00eds!<\/h2>\n\n\n\n<p>Na noite de s\u00e1bado, 11 de outubro, o Sal\u00e3o Principal do Serrano T\u00eanis Clube foi palco de celebra\u00e7\u00e3o memor\u00e1vel: os 15 anos de La\u00eds Cristine Lotin Subtil. A festa reuniu familiares e amigos numa atmosfera de encanto e sofistica\u00e7\u00e3o, marcando de forma inesquec\u00edvel essa importante transi\u00e7\u00e3o na vida da jovem.<br>A decora\u00e7\u00e3o, assinada pela renomada Designer de Eventos Marilu Maldaner, da Marilu Decora\u00e7\u00e3o e Eventos, surpreendeu a todos. O sal\u00e3o foi transformado em um verdadeiro espet\u00e1culo visual, com um corredor de flores, elementos espelhados, leds, borboletas a\u00e9reas de luz e suntuosos arranjos florais naturais, compondo cen\u00e1rio digno dos grandes eventos da sociedade lageana. O requintado buffet, comandado pelo Chef S\u00e9rgio Rotta e sua equipe do Buffet Serrano, apresentou card\u00e1pio de finger foods que agradou plenamente os convidados. A sonoriza\u00e7\u00e3o, impec\u00e1vel, ficou sob responsabilidade da equipe Toco Som, garantindo clima festivo e perfeita harmonia musical durante a noite. Os momentos mais marcantes foram eternizados pelas lentes do talentoso fot\u00f3grafo Ale Santos, que capturou, com sensibilidade, cada detalhe dessa noite de sonhos.<br>Parab\u00e9ns, La\u00eds, por esta nova fase da vida!<\/p>\n\n\n<div class=\"wp-block-image\">\n<figure class=\"aligncenter size-large\"><img loading=\"lazy\" decoding=\"async\" width=\"333\" height=\"500\" src=\"https:\/\/www.soleufilho.com.br\/wp-content\/uploads\/2025\/10\/2-1-333x500.jpeg\" alt=\"\" class=\"wp-image-2748\" srcset=\"https:\/\/www.soleufilho.com.br\/wp-content\/uploads\/2025\/10\/2-1-333x500.jpeg 333w, https:\/\/www.soleufilho.com.br\/wp-content\/uploads\/2025\/10\/2-1-200x300.jpeg 200w, https:\/\/www.soleufilho.com.br\/wp-content\/uploads\/2025\/10\/2-1-768x1152.jpeg 768w, https:\/\/www.soleufilho.com.br\/wp-content\/uploads\/2025\/10\/2-1.jpeg 853w\" sizes=\"auto, (max-width: 333px) 100vw, 333px\" \/><figcaption class=\"wp-element-caption\">La\u00eds Cristine Lotin Subtil na bela que festa reuniu familiares e amigos, numa atmosfera de encanto e sofistica\u00e7\u00e3o!<\/figcaption><\/figure><\/div>\n\n<div class=\"wp-block-image\">\n<figure class=\"aligncenter size-large\"><img loading=\"lazy\" decoding=\"async\" width=\"500\" height=\"333\" src=\"https:\/\/www.soleufilho.com.br\/wp-content\/uploads\/2025\/10\/3-1-500x333.jpeg\" alt=\"\" class=\"wp-image-2747\" srcset=\"https:\/\/www.soleufilho.com.br\/wp-content\/uploads\/2025\/10\/3-1-500x333.jpeg 500w, https:\/\/www.soleufilho.com.br\/wp-content\/uploads\/2025\/10\/3-1-300x200.jpeg 300w, https:\/\/www.soleufilho.com.br\/wp-content\/uploads\/2025\/10\/3-1-768x512.jpeg 768w, https:\/\/www.soleufilho.com.br\/wp-content\/uploads\/2025\/10\/3-1.jpeg 1280w\" sizes=\"auto, (max-width: 500px) 100vw, 500px\" \/><figcaption class=\"wp-element-caption\">Franciely Lotin Macedo, com a filha La\u00eds Cristine Lotin Subtil<\/figcaption><\/figure><\/div>\n\n<div class=\"wp-block-image\">\n<figure class=\"aligncenter size-large\"><img loading=\"lazy\" decoding=\"async\" width=\"333\" height=\"500\" src=\"https:\/\/www.soleufilho.com.br\/wp-content\/uploads\/2025\/10\/4-1-333x500.jpeg\" alt=\"\" class=\"wp-image-2750\" srcset=\"https:\/\/www.soleufilho.com.br\/wp-content\/uploads\/2025\/10\/4-1-333x500.jpeg 333w, https:\/\/www.soleufilho.com.br\/wp-content\/uploads\/2025\/10\/4-1-200x300.jpeg 200w, https:\/\/www.soleufilho.com.br\/wp-content\/uploads\/2025\/10\/4-1-768x1152.jpeg 768w, https:\/\/www.soleufilho.com.br\/wp-content\/uploads\/2025\/10\/4-1.jpeg 853w\" sizes=\"auto, (max-width: 333px) 100vw, 333px\" \/><figcaption class=\"wp-element-caption\">La\u00eds Cristine Lotin Subtil e o pai, Francisco Subtil<\/figcaption><\/figure><\/div>\n\n<div class=\"wp-block-image\">\n<figure class=\"aligncenter size-large\"><img loading=\"lazy\" decoding=\"async\" width=\"333\" height=\"500\" src=\"https:\/\/www.soleufilho.com.br\/wp-content\/uploads\/2025\/10\/5-1-333x500.jpeg\" alt=\"\" class=\"wp-image-2749\" srcset=\"https:\/\/www.soleufilho.com.br\/wp-content\/uploads\/2025\/10\/5-1-333x500.jpeg 333w, https:\/\/www.soleufilho.com.br\/wp-content\/uploads\/2025\/10\/5-1-200x300.jpeg 200w, https:\/\/www.soleufilho.com.br\/wp-content\/uploads\/2025\/10\/5-1-768x1152.jpeg 768w, https:\/\/www.soleufilho.com.br\/wp-content\/uploads\/2025\/10\/5-1.jpeg 853w\" sizes=\"auto, (max-width: 333px) 100vw, 333px\" \/><figcaption class=\"wp-element-caption\">Maria Tereza Maldaner Ghiorzi, a aniversariante Franciele Lotin Macedo e Marilu Maldaner<\/figcaption><\/figure><\/div>\n\n\n<h2 class=\"wp-block-heading\">Marilu assinou todas as festas de La\u00eds<\/h2>\n\n\n\n<p>A designer de festas Marilu Maldaner executou todas as decora\u00e7\u00f5es de festas, do primeiro ao 15\u00b0 anivers\u00e1rios de La\u00eds Cristine Lotin Subtil. \u201c Foram quinze festas, quinze cap\u00edtulos cheios de encanto, alegria e emo\u00e7\u00e3o. Sinto-me profundamente honrada por ter feito parte de cada um deles, acompanhando de perto o seu crescimento e transforma\u00e7\u00f5es. Ver a La\u00eds brilhar, agora em uma noite t\u00e3o moderna, glamourosa e inesquec\u00edvel, \u00e9 motivo de imensa alegria para mim e toda a equipe da Marilu Decora\u00e7\u00e3o e Eventos\u201d, diz Marilu.<\/p>\n\n\n<div class=\"wp-block-image\">\n<figure class=\"aligncenter size-large\"><img loading=\"lazy\" decoding=\"async\" width=\"333\" height=\"500\" src=\"https:\/\/www.soleufilho.com.br\/wp-content\/uploads\/2025\/10\/6-2-333x500.jpeg\" alt=\"\" class=\"wp-image-2751\" srcset=\"https:\/\/www.soleufilho.com.br\/wp-content\/uploads\/2025\/10\/6-2-333x500.jpeg 333w, https:\/\/www.soleufilho.com.br\/wp-content\/uploads\/2025\/10\/6-2-200x300.jpeg 200w, https:\/\/www.soleufilho.com.br\/wp-content\/uploads\/2025\/10\/6-2-768x1152.jpeg 768w, https:\/\/www.soleufilho.com.br\/wp-content\/uploads\/2025\/10\/6-2.jpeg 853w\" sizes=\"auto, (max-width: 333px) 100vw, 333px\" \/><figcaption class=\"wp-element-caption\">Marilu Maldaner apresenta, momentos antes do in\u00edcio da festa, a decora\u00e7\u00e3o da festa de 15 anos de La\u00eds Cristine<\/figcaption><\/figure><\/div>\n\n\n<p><\/p>\n","protected":false},"excerpt":{"rendered":"<p>A famosa dermatologista Simone Teixeira Ramos conquistou, ao longo dos 30 anos em que atua em Lages, n\u00e3o somente a credibilidade, mas o gosto e a prefer\u00eancia da sociedade lageana, quando o assunto \u00e9 tratamentos e cuidados essenciais para a pele. Graduada em Medicina, pela Universidade do Par\u00e1 e especialista em Dermatologia, pela Santa Casa &hellip; <a href=\"https:\/\/www.soleufilho.com.br\/?p=2745\" class=\"more-link\">Continue lendo <span class=\"screen-reader-text\">Simone Ramos, a dermatologista que conquistou a sociedade lageana!<\/span> <span class=\"meta-nav\">&rarr;<\/span><\/a><\/p>\n","protected":false},"author":1,"featured_media":0,"comment_status":"open","ping_status":"open","sticky":false,"template":"","format":"standard","meta":{"footnotes":""},"categories":[1],"tags":[],"class_list":["post-2745","post","type-post","status-publish","format-standard","hentry","category-uncategorized"],"_links":{"self":[{"href":"https:\/\/www.soleufilho.com.br\/index.php?rest_route=\/wp\/v2\/posts\/2745","targetHints":{"allow":["GET"]}}],"collection":[{"href":"https:\/\/www.soleufilho.com.br\/index.php?rest_route=\/wp\/v2\/posts"}],"about":[{"href":"https:\/\/www.soleufilho.com.br\/index.php?rest_route=\/wp\/v2\/types\/post"}],"author":[{"embeddable":true,"href":"https:\/\/www.soleufilho.com.br\/index.php?rest_route=\/wp\/v2\/users\/1"}],"replies":[{"embeddable":true,"href":"https:\/\/www.soleufilho.com.br\/index.php?rest_route=%2Fwp%2Fv2%2Fcomments&post=2745"}],"version-history":[{"count":1,"href":"https:\/\/www.soleufilho.com.br\/index.php?rest_route=\/wp\/v2\/posts\/2745\/revisions"}],"predecessor-version":[{"id":2752,"href":"https:\/\/www.soleufilho.com.br\/index.php?rest_route=\/wp\/v2\/posts\/2745\/revisions\/2752"}],"wp:attachment":[{"href":"https:\/\/www.soleufilho.com.br\/index.php?rest_route=%2Fwp%2Fv2%2Fmedia&parent=2745"}],"wp:term":[{"taxonomy":"category","embeddable":true,"href":"https:\/\/www.soleufilho.com.br\/index.php?rest_route=%2Fwp%2Fv2%2Fcategories&post=2745"},{"taxonomy":"post_tag","embeddable":true,"href":"https:\/\/www.soleufilho.com.br\/index.php?rest_route=%2Fwp%2Fv2%2Ftags&post=2745"}],"curies":[{"name":"wp","href":"https:\/\/api.w.org\/{rel}","templated":true}]}}