{"id":2753,"date":"2025-10-24T07:00:00","date_gmt":"2025-10-24T10:00:00","guid":{"rendered":"https:\/\/www.soleufilho.com.br\/?p=2753"},"modified":"2025-10-23T19:06:39","modified_gmt":"2025-10-23T22:06:39","slug":"casamento-de-kemilli-e-robson-foi-marcado-por-emocao","status":"publish","type":"post","link":"https:\/\/www.soleufilho.com.br\/?p=2753","title":{"rendered":"Casamento de Kemilli e Robson foi marcado por emo\u00e7\u00e3o!"},"content":{"rendered":"\n<p>Enlace repleto de emo\u00e7\u00e3o e eleg\u00e2ncia marcou s\u00e1bado (18.10), quando Kemilli Chaves e Robson da Silva Cirne celebraram uni\u00e3o. A cerim\u00f4nia religiosa ocorreu na Igreja Nossa Senhora da Sa\u00fade, seguida de recep\u00e7\u00e3o no sal\u00e3o principal do Serrano T\u00eanis Clube, que se transformou em verdadeiro cen\u00e1rio dos sonhos.<br>A renomada designer de eventos Marilu Maldaner, da Marilu Decora\u00e7\u00e3o e Eventos, assinou a deslumbrante decora\u00e7\u00e3o, que encantou os convidados com harmonia impec\u00e1vel entre o verde e o branc. O cerimonial da noite, conduzido com maestria por Vira Cevey, da Maitrise, garantiu que cada detalhe acontecesse com perfei\u00e7\u00e3o.<br>O jantar, preparado pelo Restaurante Furlan, foi digno de elogios, e a anima\u00e7\u00e3o ficou por conta da banda Neo Brazil, com sonoriza\u00e7\u00e3o da equipe Toco Som. A filmagem foi realizada por Alex M\u00fcller, da Alfa Filmes, e os momentos de emo\u00e7\u00e3o e alegria foram eternizados pelas lentes do talentoso fot\u00f3grafo Jhon Alves.<\/p>\n\n\n<div class=\"wp-block-image\">\n<figure class=\"aligncenter size-large\"><img loading=\"lazy\" decoding=\"async\" width=\"500\" height=\"334\" src=\"https:\/\/www.soleufilho.com.br\/wp-content\/uploads\/2025\/10\/1-1-500x334.jpeg\" alt=\"\" class=\"wp-image-2755\" srcset=\"https:\/\/www.soleufilho.com.br\/wp-content\/uploads\/2025\/10\/1-1-500x334.jpeg 500w, https:\/\/www.soleufilho.com.br\/wp-content\/uploads\/2025\/10\/1-1-300x200.jpeg 300w, https:\/\/www.soleufilho.com.br\/wp-content\/uploads\/2025\/10\/1-1-768x512.jpeg 768w, https:\/\/www.soleufilho.com.br\/wp-content\/uploads\/2025\/10\/1-1.jpeg 1280w\" sizes=\"auto, (max-width: 500px) 100vw, 500px\" \/><figcaption class=\"wp-element-caption\">Kemilli Chaves e Robson da Silva Cirne, durante a recep\u00e7\u00e3o do bonito casamento deles, no Serrano<\/figcaption><\/figure><\/div>\n\n\n<h2 class=\"wp-block-heading\">Helena celebrou os 15 anos<\/h2>\n\n\n\n<p>S\u00e1bado (18.10), foi marcado pelo encantador Brunch de 15 anos de Helena Wiggers, celebrado ao lado de sua fam\u00edlia e amigas no sal\u00e3o de festas do condom\u00ednio Morada dos Pinheiros. Helena \u00e9 filha de Rejane Martins Machado e Fernando Wiggers.<br>A decora\u00e7\u00e3o, assinada pela renomada designer de eventos Marilu Maldaner, da Marilu Decora\u00e7\u00e3o e Eventos, encantou a todos com sua delicadeza e bom gosto. Parab\u00e9ns, Helena, por essa data t\u00e3o especial e inesquec\u00edvel!<\/p>\n\n\n<div class=\"wp-block-image\">\n<figure class=\"aligncenter size-large\"><img loading=\"lazy\" decoding=\"async\" width=\"334\" height=\"500\" src=\"https:\/\/www.soleufilho.com.br\/wp-content\/uploads\/2025\/10\/2-2-334x500.jpeg\" alt=\"\" class=\"wp-image-2754\" srcset=\"https:\/\/www.soleufilho.com.br\/wp-content\/uploads\/2025\/10\/2-2-334x500.jpeg 334w, https:\/\/www.soleufilho.com.br\/wp-content\/uploads\/2025\/10\/2-2-200x300.jpeg 200w, https:\/\/www.soleufilho.com.br\/wp-content\/uploads\/2025\/10\/2-2-768x1151.jpeg 768w, https:\/\/www.soleufilho.com.br\/wp-content\/uploads\/2025\/10\/2-2.jpeg 854w\" sizes=\"auto, (max-width: 334px) 100vw, 334px\" \/><figcaption class=\"wp-element-caption\">Helena Wiggers celebrando seus 15 anos<\/figcaption><\/figure><\/div>\n\n<div class=\"wp-block-image\">\n<figure class=\"aligncenter size-large\"><img loading=\"lazy\" decoding=\"async\" width=\"448\" height=\"500\" src=\"https:\/\/www.soleufilho.com.br\/wp-content\/uploads\/2025\/10\/3-2-448x500.jpeg\" alt=\"\" class=\"wp-image-2756\" srcset=\"https:\/\/www.soleufilho.com.br\/wp-content\/uploads\/2025\/10\/3-2-448x500.jpeg 448w, https:\/\/www.soleufilho.com.br\/wp-content\/uploads\/2025\/10\/3-2-269x300.jpeg 269w, https:\/\/www.soleufilho.com.br\/wp-content\/uploads\/2025\/10\/3-2-768x857.jpeg 768w, https:\/\/www.soleufilho.com.br\/wp-content\/uploads\/2025\/10\/3-2.jpeg 854w\" sizes=\"auto, (max-width: 448px) 100vw, 448px\" \/><figcaption class=\"wp-element-caption\">Fernando Wiggers, Sofia Wiggers, Helena Wiggers e Rejane Martins Machado<\/figcaption><\/figure><\/div>\n\n\n<h2 class=\"wp-block-heading\">E Mais!<\/h2>\n\n\n<div class=\"wp-block-image\">\n<figure class=\"aligncenter size-large\"><img loading=\"lazy\" decoding=\"async\" width=\"500\" height=\"500\" src=\"https:\/\/www.soleufilho.com.br\/wp-content\/uploads\/2025\/10\/4-2-500x500.jpeg\" alt=\"\" class=\"wp-image-2757\" srcset=\"https:\/\/www.soleufilho.com.br\/wp-content\/uploads\/2025\/10\/4-2-500x500.jpeg 500w, https:\/\/www.soleufilho.com.br\/wp-content\/uploads\/2025\/10\/4-2-300x300.jpeg 300w, https:\/\/www.soleufilho.com.br\/wp-content\/uploads\/2025\/10\/4-2-150x150.jpeg 150w, https:\/\/www.soleufilho.com.br\/wp-content\/uploads\/2025\/10\/4-2-768x768.jpeg 768w, https:\/\/www.soleufilho.com.br\/wp-content\/uploads\/2025\/10\/4-2.jpeg 1440w\" sizes=\"auto, (max-width: 500px) 100vw, 500px\" \/><figcaption class=\"wp-element-caption\">Ana Marise Pacheco Andrade de Souza, com a m\u00e3e Jaci Andrade, que por muitos anos residiram em Lages. Jaci trocou de idade dia 6.10 e recebeu em Blumenau, onde mora, o carinho de amigos e familiares. &#8220;Nossa rainha chegou aos 85 anos!&#8221;, comemora a filha<\/figcaption><\/figure><\/div>\n\n<div class=\"wp-block-image\">\n<figure class=\"aligncenter size-large\"><img loading=\"lazy\" decoding=\"async\" width=\"231\" height=\"500\" src=\"https:\/\/www.soleufilho.com.br\/wp-content\/uploads\/2025\/10\/5-2-231x500.jpeg\" alt=\"\" class=\"wp-image-2758\" srcset=\"https:\/\/www.soleufilho.com.br\/wp-content\/uploads\/2025\/10\/5-2-231x500.jpeg 231w, https:\/\/www.soleufilho.com.br\/wp-content\/uploads\/2025\/10\/5-2-138x300.jpeg 138w, https:\/\/www.soleufilho.com.br\/wp-content\/uploads\/2025\/10\/5-2-708x1536.jpeg 708w, https:\/\/www.soleufilho.com.br\/wp-content\/uploads\/2025\/10\/5-2.jpeg 738w\" sizes=\"auto, (max-width: 231px) 100vw, 231px\" \/><figcaption class=\"wp-element-caption\">Maria Eduarda Xavier Cruz trocou de idade dia 15.10, e a data foi motivo de orgulho para a madrinha, M\u00f4nica do Rego Barros Grisolia, j\u00e1 que a aniversariante segue os passos da madrinha, cursando Direito!<\/figcaption><\/figure><\/div>\n\n<div class=\"wp-block-image\">\n<figure class=\"aligncenter size-large\"><img loading=\"lazy\" decoding=\"async\" width=\"500\" height=\"369\" src=\"https:\/\/www.soleufilho.com.br\/wp-content\/uploads\/2025\/10\/6-3-500x369.jpeg\" alt=\"\" class=\"wp-image-2759\" srcset=\"https:\/\/www.soleufilho.com.br\/wp-content\/uploads\/2025\/10\/6-3-500x369.jpeg 500w, https:\/\/www.soleufilho.com.br\/wp-content\/uploads\/2025\/10\/6-3-300x221.jpeg 300w, https:\/\/www.soleufilho.com.br\/wp-content\/uploads\/2025\/10\/6-3-768x566.jpeg 768w, https:\/\/www.soleufilho.com.br\/wp-content\/uploads\/2025\/10\/6-3.jpeg 1280w\" sizes=\"auto, (max-width: 500px) 100vw, 500px\" \/><figcaption class=\"wp-element-caption\">A CRE de Lages marcou presen\u00e7a no IV CEAESC em Tubar\u00e3o. \u201cMomento de muito aprendizado e integra\u00e7\u00e3o, ou seja, um dia de palestras enriquecedoras, trocas de experi\u00eancias e conv\u00edvio entre educadores comprometidos com a educa\u00e7\u00e3o catarinense\u201d, dizem as participantes e Assistentes de Educa\u00e7\u00e3o, Analu Morais, Alexsandra Damasceno, Adeli Silveira, Katia Mendes e Cristiane Wolff<\/figcaption><\/figure><\/div>\n\n<div class=\"wp-block-image\">\n<figure class=\"aligncenter size-large\"><img loading=\"lazy\" decoding=\"async\" width=\"341\" height=\"500\" src=\"https:\/\/www.soleufilho.com.br\/wp-content\/uploads\/2025\/10\/7-341x500.jpeg\" alt=\"\" class=\"wp-image-2760\" srcset=\"https:\/\/www.soleufilho.com.br\/wp-content\/uploads\/2025\/10\/7-341x500.jpeg 341w, https:\/\/www.soleufilho.com.br\/wp-content\/uploads\/2025\/10\/7-204x300.jpeg 204w, https:\/\/www.soleufilho.com.br\/wp-content\/uploads\/2025\/10\/7.jpeg 652w\" sizes=\"auto, (max-width: 341px) 100vw, 341px\" \/><figcaption class=\"wp-element-caption\">Matriarca Elvira comemorou recentemente, com a filha Mara Duarte, amigos e familiares, seus bonitos 102 anos! Dona Elvira possui tr\u00eas filhos, seis netos e quatro bisnetos!<\/figcaption><\/figure><\/div>","protected":false},"excerpt":{"rendered":"<p>Enlace repleto de emo\u00e7\u00e3o e eleg\u00e2ncia marcou s\u00e1bado (18.10), quando Kemilli Chaves e Robson da Silva Cirne celebraram uni\u00e3o. A cerim\u00f4nia religiosa ocorreu na Igreja Nossa Senhora da Sa\u00fade, seguida de recep\u00e7\u00e3o no sal\u00e3o principal do Serrano T\u00eanis Clube, que se transformou em verdadeiro cen\u00e1rio dos sonhos.A renomada designer de eventos Marilu Maldaner, da Marilu &hellip; <a href=\"https:\/\/www.soleufilho.com.br\/?p=2753\" class=\"more-link\">Continue lendo <span class=\"screen-reader-text\">Casamento de Kemilli e Robson foi marcado por emo\u00e7\u00e3o!<\/span> <span class=\"meta-nav\">&rarr;<\/span><\/a><\/p>\n","protected":false},"author":1,"featured_media":0,"comment_status":"open","ping_status":"open","sticky":false,"template":"","format":"standard","meta":{"footnotes":""},"categories":[1],"tags":[],"class_list":["post-2753","post","type-post","status-publish","format-standard","hentry","category-uncategorized"],"_links":{"self":[{"href":"https:\/\/www.soleufilho.com.br\/index.php?rest_route=\/wp\/v2\/posts\/2753","targetHints":{"allow":["GET"]}}],"collection":[{"href":"https:\/\/www.soleufilho.com.br\/index.php?rest_route=\/wp\/v2\/posts"}],"about":[{"href":"https:\/\/www.soleufilho.com.br\/index.php?rest_route=\/wp\/v2\/types\/post"}],"author":[{"embeddable":true,"href":"https:\/\/www.soleufilho.com.br\/index.php?rest_route=\/wp\/v2\/users\/1"}],"replies":[{"embeddable":true,"href":"https:\/\/www.soleufilho.com.br\/index.php?rest_route=%2Fwp%2Fv2%2Fcomments&post=2753"}],"version-history":[{"count":1,"href":"https:\/\/www.soleufilho.com.br\/index.php?rest_route=\/wp\/v2\/posts\/2753\/revisions"}],"predecessor-version":[{"id":2761,"href":"https:\/\/www.soleufilho.com.br\/index.php?rest_route=\/wp\/v2\/posts\/2753\/revisions\/2761"}],"wp:attachment":[{"href":"https:\/\/www.soleufilho.com.br\/index.php?rest_route=%2Fwp%2Fv2%2Fmedia&parent=2753"}],"wp:term":[{"taxonomy":"category","embeddable":true,"href":"https:\/\/www.soleufilho.com.br\/index.php?rest_route=%2Fwp%2Fv2%2Fcategories&post=2753"},{"taxonomy":"post_tag","embeddable":true,"href":"https:\/\/www.soleufilho.com.br\/index.php?rest_route=%2Fwp%2Fv2%2Ftags&post=2753"}],"curies":[{"name":"wp","href":"https:\/\/api.w.org\/{rel}","templated":true}]}}