{"id":2764,"date":"2025-10-31T07:08:00","date_gmt":"2025-10-31T10:08:00","guid":{"rendered":"https:\/\/www.soleufilho.com.br\/?p=2764"},"modified":"2025-11-02T12:13:34","modified_gmt":"2025-11-02T15:13:34","slug":"baile-dos-bancarios-voltou-a-brilhar","status":"publish","type":"post","link":"https:\/\/www.soleufilho.com.br\/?p=2764","title":{"rendered":"Baile dos Banc\u00e1rios voltou a brilhar!"},"content":{"rendered":"\n<p>O tradicional Baile dos Banc\u00e1rios voltou a brilhar na noite do \u00faltimo s\u00e1bado, 25 de outubro, no Sal\u00e3o Principal do Serrano T\u00eanis Clube, reunindo banc\u00e1rios de todos os bancos da regi\u00e3o e a diretoria da Federa\u00e7\u00e3o dos Banc\u00e1rios de Santa Catarina. O evento, promovido pelo Sindicato dos Banc\u00e1rios de Lages e Regi\u00e3o, reafirmou seu prest\u00edgio como uma das celebra\u00e7\u00f5es mais tradicionais e aguardadas do calend\u00e1rio social lageano.<br>A decora\u00e7\u00e3o, assinada pela renomada Designer de Eventos Marilu Maldaner, da Marilu Decora\u00e7\u00e3o e Eventos, encantou os presentes com uma proposta contempor\u00e2nea em tons de verde, bege e cinza, que trouxe modernidade ao cl\u00e1ssico.<br>O requintado buffet, preparado pelo Chef S\u00e9rgio Rotta e sua equipe do Buffet Serrano, foi um verdadeiro sucesso. A noite, marcada por eleg\u00e2ncia e alegria, foi registrada pelo talentoso fot\u00f3grafo Diogo Schimidt, eternizando momentos de confraterniza\u00e7\u00e3o e harmonia entre colegas e amigos.<\/p>\n\n\n<div class=\"wp-block-image\">\n<figure class=\"aligncenter size-large\"><img loading=\"lazy\" decoding=\"async\" width=\"500\" height=\"334\" src=\"https:\/\/www.soleufilho.com.br\/wp-content\/uploads\/2025\/11\/1-500x334.jpeg\" alt=\"\" class=\"wp-image-2769\" srcset=\"https:\/\/www.soleufilho.com.br\/wp-content\/uploads\/2025\/11\/1-500x334.jpeg 500w, https:\/\/www.soleufilho.com.br\/wp-content\/uploads\/2025\/11\/1-300x200.jpeg 300w, https:\/\/www.soleufilho.com.br\/wp-content\/uploads\/2025\/11\/1-768x512.jpeg 768w, https:\/\/www.soleufilho.com.br\/wp-content\/uploads\/2025\/11\/1.jpeg 1280w\" sizes=\"auto, (max-width: 500px) 100vw, 500px\" \/><figcaption class=\"wp-element-caption\">Eduardo Israel, Eliane Enckemaier, Simone lang, Armando Machado Filho, Carla Flores e Griceli Kuster, no Baile dos Banc\u00e1rios 2025<\/figcaption><\/figure><\/div>\n\n<div class=\"wp-block-image\">\n<figure class=\"aligncenter size-large\"><img loading=\"lazy\" decoding=\"async\" width=\"500\" height=\"334\" src=\"https:\/\/www.soleufilho.com.br\/wp-content\/uploads\/2025\/11\/2-500x334.jpeg\" alt=\"\" class=\"wp-image-2766\" srcset=\"https:\/\/www.soleufilho.com.br\/wp-content\/uploads\/2025\/11\/2-500x334.jpeg 500w, https:\/\/www.soleufilho.com.br\/wp-content\/uploads\/2025\/11\/2-300x200.jpeg 300w, https:\/\/www.soleufilho.com.br\/wp-content\/uploads\/2025\/11\/2-768x512.jpeg 768w, https:\/\/www.soleufilho.com.br\/wp-content\/uploads\/2025\/11\/2.jpeg 1280w\" sizes=\"auto, (max-width: 500px) 100vw, 500px\" \/><figcaption class=\"wp-element-caption\">Diretoria do Sindicato em Estabelecimentos Banc\u00e1rios de Lages, no Baile dos Banc\u00e1rios 2025<\/figcaption><\/figure><\/div>\n\n\n<h2 class=\"wp-block-heading\">E Mais<\/h2>\n\n\n<div class=\"wp-block-image\">\n<figure class=\"aligncenter size-large\"><img loading=\"lazy\" decoding=\"async\" width=\"475\" height=\"500\" src=\"https:\/\/www.soleufilho.com.br\/wp-content\/uploads\/2025\/11\/3-475x500.jpg\" alt=\"\" class=\"wp-image-2768\" srcset=\"https:\/\/www.soleufilho.com.br\/wp-content\/uploads\/2025\/11\/3-475x500.jpg 475w, https:\/\/www.soleufilho.com.br\/wp-content\/uploads\/2025\/11\/3-285x300.jpg 285w, https:\/\/www.soleufilho.com.br\/wp-content\/uploads\/2025\/11\/3-768x808.jpg 768w, https:\/\/www.soleufilho.com.br\/wp-content\/uploads\/2025\/11\/3.jpg 1126w\" sizes=\"auto, (max-width: 475px) 100vw, 475px\" \/><figcaption class=\"wp-element-caption\">Luz Marina Varmelatti Dutra, Alcerio Chiodelli, Eula Maciel e Edna Chiodelli, em recente evento na Villa Francioni, em S\u00e3o Joaquim<\/figcaption><\/figure><\/div>\n\n<div class=\"wp-block-image\">\n<figure class=\"aligncenter size-large\"><img loading=\"lazy\" decoding=\"async\" width=\"500\" height=\"240\" src=\"https:\/\/www.soleufilho.com.br\/wp-content\/uploads\/2025\/11\/4-500x240.jpg\" alt=\"\" class=\"wp-image-2770\" srcset=\"https:\/\/www.soleufilho.com.br\/wp-content\/uploads\/2025\/11\/4-500x240.jpg 500w, https:\/\/www.soleufilho.com.br\/wp-content\/uploads\/2025\/11\/4-300x144.jpg 300w, https:\/\/www.soleufilho.com.br\/wp-content\/uploads\/2025\/11\/4-768x368.jpg 768w, https:\/\/www.soleufilho.com.br\/wp-content\/uploads\/2025\/11\/4-1536x737.jpg 1536w, https:\/\/www.soleufilho.com.br\/wp-content\/uploads\/2025\/11\/4.jpg 2048w\" sizes=\"auto, (max-width: 500px) 100vw, 500px\" \/><figcaption class=\"wp-element-caption\">Organizadores e convidados em evento cultural e na vin\u00edcola Villa Francioni, em S\u00e3o Joaquim: Daniela Borges de Freitas, Anderson Cerioli Munaretto, Lito Demuro Pinturas, Maria Maria Jos\u00e9 Autino, Eula Regina Maciel, Georgia Moritz, Rafael Reis, Joelmir Grassi, Ta\u00eds De Souza Alves Grassi, Edson Machado, entre outros, durante evento cultural na badalada vin\u00edcola<\/figcaption><\/figure><\/div>\n\n<div class=\"wp-block-image\">\n<figure class=\"aligncenter size-large\"><img loading=\"lazy\" decoding=\"async\" width=\"375\" height=\"500\" src=\"https:\/\/www.soleufilho.com.br\/wp-content\/uploads\/2025\/11\/5-375x500.jpeg\" alt=\"\" class=\"wp-image-2771\" srcset=\"https:\/\/www.soleufilho.com.br\/wp-content\/uploads\/2025\/11\/5-375x500.jpeg 375w, https:\/\/www.soleufilho.com.br\/wp-content\/uploads\/2025\/11\/5-225x300.jpeg 225w, https:\/\/www.soleufilho.com.br\/wp-content\/uploads\/2025\/11\/5-768x1024.jpeg 768w, https:\/\/www.soleufilho.com.br\/wp-content\/uploads\/2025\/11\/5.jpeg 960w\" sizes=\"auto, (max-width: 375px) 100vw, 375px\" \/><figcaption class=\"wp-element-caption\">Mirtes e Maur\u00edcio Hemkemaier celebraram, recentemente, 34 anos de uni\u00e3o em Jericoacoara, famosa praia nas proximidades de Fortaleza<\/figcaption><\/figure><\/div>\n\n<div class=\"wp-block-image\">\n<figure class=\"aligncenter size-large\"><img loading=\"lazy\" decoding=\"async\" width=\"335\" height=\"500\" src=\"https:\/\/www.soleufilho.com.br\/wp-content\/uploads\/2025\/11\/6-335x500.jpeg\" alt=\"\" class=\"wp-image-2767\" srcset=\"https:\/\/www.soleufilho.com.br\/wp-content\/uploads\/2025\/11\/6-335x500.jpeg 335w, https:\/\/www.soleufilho.com.br\/wp-content\/uploads\/2025\/11\/6-201x300.jpeg 201w, https:\/\/www.soleufilho.com.br\/wp-content\/uploads\/2025\/11\/6-768x1147.jpeg 768w, https:\/\/www.soleufilho.com.br\/wp-content\/uploads\/2025\/11\/6.jpeg 857w\" sizes=\"auto, (max-width: 335px) 100vw, 335px\" \/><figcaption class=\"wp-element-caption\">No dia 29 de setembro de 2025, Bruna Peron colou grau em Enfermagem pelo centro universit\u00e1rio Unifacvest e celebrou a conclus\u00e3o de sua gradua\u00e7\u00e3o. Ap\u00f3s a cerim\u00f4nia de formatura, a nova enfermeira reuniu familiares em jantar para comemorar esse momento!<\/figcaption><\/figure><\/div>\n\n<div class=\"wp-block-image\">\n<figure class=\"aligncenter size-large\"><img loading=\"lazy\" decoding=\"async\" width=\"394\" height=\"500\" src=\"https:\/\/www.soleufilho.com.br\/wp-content\/uploads\/2025\/11\/7-394x500.jpg\" alt=\"\" class=\"wp-image-2765\" srcset=\"https:\/\/www.soleufilho.com.br\/wp-content\/uploads\/2025\/11\/7-394x500.jpg 394w, https:\/\/www.soleufilho.com.br\/wp-content\/uploads\/2025\/11\/7-236x300.jpg 236w, https:\/\/www.soleufilho.com.br\/wp-content\/uploads\/2025\/11\/7-768x975.jpg 768w, https:\/\/www.soleufilho.com.br\/wp-content\/uploads\/2025\/11\/7.jpg 957w\" sizes=\"auto, (max-width: 394px) 100vw, 394px\" \/><figcaption class=\"wp-element-caption\">Adriana Stock Schneider e a presidente do Clube da Lady, Marisa Bernardes, durante encontro da referida entidade que reverenciou o Outubro Rosa<\/figcaption><\/figure><\/div>\n\n\n<p><\/p>\n","protected":false},"excerpt":{"rendered":"<p>O tradicional Baile dos Banc\u00e1rios voltou a brilhar na noite do \u00faltimo s\u00e1bado, 25 de outubro, no Sal\u00e3o Principal do Serrano T\u00eanis Clube, reunindo banc\u00e1rios de todos os bancos da regi\u00e3o e a diretoria da Federa\u00e7\u00e3o dos Banc\u00e1rios de Santa Catarina. O evento, promovido pelo Sindicato dos Banc\u00e1rios de Lages e Regi\u00e3o, reafirmou seu prest\u00edgio &hellip; <a href=\"https:\/\/www.soleufilho.com.br\/?p=2764\" class=\"more-link\">Continue lendo <span class=\"screen-reader-text\">Baile dos Banc\u00e1rios voltou a brilhar!<\/span> <span class=\"meta-nav\">&rarr;<\/span><\/a><\/p>\n","protected":false},"author":1,"featured_media":0,"comment_status":"open","ping_status":"open","sticky":false,"template":"","format":"standard","meta":{"footnotes":""},"categories":[1],"tags":[],"class_list":["post-2764","post","type-post","status-publish","format-standard","hentry","category-uncategorized"],"_links":{"self":[{"href":"https:\/\/www.soleufilho.com.br\/index.php?rest_route=\/wp\/v2\/posts\/2764","targetHints":{"allow":["GET"]}}],"collection":[{"href":"https:\/\/www.soleufilho.com.br\/index.php?rest_route=\/wp\/v2\/posts"}],"about":[{"href":"https:\/\/www.soleufilho.com.br\/index.php?rest_route=\/wp\/v2\/types\/post"}],"author":[{"embeddable":true,"href":"https:\/\/www.soleufilho.com.br\/index.php?rest_route=\/wp\/v2\/users\/1"}],"replies":[{"embeddable":true,"href":"https:\/\/www.soleufilho.com.br\/index.php?rest_route=%2Fwp%2Fv2%2Fcomments&post=2764"}],"version-history":[{"count":1,"href":"https:\/\/www.soleufilho.com.br\/index.php?rest_route=\/wp\/v2\/posts\/2764\/revisions"}],"predecessor-version":[{"id":2772,"href":"https:\/\/www.soleufilho.com.br\/index.php?rest_route=\/wp\/v2\/posts\/2764\/revisions\/2772"}],"wp:attachment":[{"href":"https:\/\/www.soleufilho.com.br\/index.php?rest_route=%2Fwp%2Fv2%2Fmedia&parent=2764"}],"wp:term":[{"taxonomy":"category","embeddable":true,"href":"https:\/\/www.soleufilho.com.br\/index.php?rest_route=%2Fwp%2Fv2%2Fcategories&post=2764"},{"taxonomy":"post_tag","embeddable":true,"href":"https:\/\/www.soleufilho.com.br\/index.php?rest_route=%2Fwp%2Fv2%2Ftags&post=2764"}],"curies":[{"name":"wp","href":"https:\/\/api.w.org\/{rel}","templated":true}]}}