{"id":2773,"date":"2025-11-07T10:02:32","date_gmt":"2025-11-07T13:02:32","guid":{"rendered":"https:\/\/www.soleufilho.com.br\/?p=2773"},"modified":"2025-11-07T10:02:33","modified_gmt":"2025-11-07T13:02:33","slug":"bela-festa-pelo-primeiro-aninho-de-iris","status":"publish","type":"post","link":"https:\/\/www.soleufilho.com.br\/?p=2773","title":{"rendered":"Bela festa pelo primeiro aninho de Iris!"},"content":{"rendered":"\n<p>Papais Gabriela e Augusto Camargo Bresola celebraram, s\u00e1bado, dia primeiro de novembro, o primeiro aninho da encantadora Iris. O evento teve festa repleta de emo\u00e7\u00e3o, delicadeza e encanto!<br>O destaque da comemora\u00e7\u00e3o foi a decora\u00e7\u00e3o jardim de borboletas, em tons candy, com flores naturais, borboletas de led e bal\u00f5es dispostos de forma impec\u00e1vel, assinada pela designer de eventos Marilu Maldaner, da Marilu Decora\u00e7\u00e3o e Eventos. Cada detalhe refletiu o cuidado e o amor, dedicados \u00e0 data t\u00e3o especial.<br>A comemora\u00e7\u00e3o aconteceu no mezanino do Centroserra Convention Center, com drinks e finger food do Vitorino. Os doces foram produzidos pela Makcakes Doces Finos.<br>Os faceiros papais estavam emocionados e a pequena Iris, com sua do\u00e7ura e alegria, contagiou todos, tornando a tarde inesquec\u00edvel!<\/p>\n\n\n<div class=\"wp-block-image\">\n<figure class=\"aligncenter size-large\"><img loading=\"lazy\" decoding=\"async\" width=\"357\" height=\"500\" src=\"https:\/\/www.soleufilho.com.br\/wp-content\/uploads\/2025\/11\/1-357x500.jpg\" alt=\"\" class=\"wp-image-2780\" srcset=\"https:\/\/www.soleufilho.com.br\/wp-content\/uploads\/2025\/11\/1-357x500.jpg 357w, https:\/\/www.soleufilho.com.br\/wp-content\/uploads\/2025\/11\/1-214x300.jpg 214w, https:\/\/www.soleufilho.com.br\/wp-content\/uploads\/2025\/11\/1.jpg 714w\" sizes=\"auto, (max-width: 357px) 100vw, 357px\" \/><figcaption class=\"wp-element-caption\">Gabriela Bresola, Iris Bresola e Augusto Bresola<\/figcaption><\/figure><\/div>\n\n<div class=\"wp-block-image\">\n<figure class=\"aligncenter size-large\"><img loading=\"lazy\" decoding=\"async\" width=\"400\" height=\"500\" src=\"https:\/\/www.soleufilho.com.br\/wp-content\/uploads\/2025\/11\/2-400x500.jpg\" alt=\"\" class=\"wp-image-2777\" srcset=\"https:\/\/www.soleufilho.com.br\/wp-content\/uploads\/2025\/11\/2-400x500.jpg 400w, https:\/\/www.soleufilho.com.br\/wp-content\/uploads\/2025\/11\/2-240x300.jpg 240w, https:\/\/www.soleufilho.com.br\/wp-content\/uploads\/2025\/11\/2-768x960.jpg 768w, https:\/\/www.soleufilho.com.br\/wp-content\/uploads\/2025\/11\/2.jpg 800w\" sizes=\"auto, (max-width: 400px) 100vw, 400px\" \/><figcaption class=\"wp-element-caption\">Fernanda Bresola, Augusto Bresola, Gabriela Bresola, Lu\u00eds Pedro Zamban e Lu\u00eds Eduardo Oliveira<\/figcaption><\/figure><\/div>\n\n<div class=\"wp-block-image\">\n<figure class=\"aligncenter size-large\"><img loading=\"lazy\" decoding=\"async\" width=\"500\" height=\"375\" src=\"https:\/\/www.soleufilho.com.br\/wp-content\/uploads\/2025\/11\/3-1-500x375.jpg\" alt=\"\" class=\"wp-image-2776\" srcset=\"https:\/\/www.soleufilho.com.br\/wp-content\/uploads\/2025\/11\/3-1-500x375.jpg 500w, https:\/\/www.soleufilho.com.br\/wp-content\/uploads\/2025\/11\/3-1-300x225.jpg 300w, https:\/\/www.soleufilho.com.br\/wp-content\/uploads\/2025\/11\/3-1-768x576.jpg 768w, https:\/\/www.soleufilho.com.br\/wp-content\/uploads\/2025\/11\/3-1.jpg 1000w\" sizes=\"auto, (max-width: 500px) 100vw, 500px\" \/><figcaption class=\"wp-element-caption\">C\u00e9sar Bresola, Leda Bresola, Augusto Bresola, Gabriela Bresola, Iris Bresola, V\u00e2nia Oliveira e Luiz Carlos Oliveira<\/figcaption><\/figure><\/div>\n\n\n<h2 class=\"wp-block-heading\">Casamento de Ana Carolina e Gustavo foi dos mais bonitos!<\/h2>\n\n\n\n<p>Ana Carolina Schmitz, filha de Aar\u00e3o Luiz Schmitz J\u00fanior e Cristina Silva Schmitz, e Gustavo Alberto Gomes Susin, filho de Alice Helena Gomes Susin e do saudoso m\u00e9dico Luiz Alberto Susin, casaram-se no dia 18 de outubro, em bela cerim\u00f4nia na Catedral Diocesana, em Lages. Ap\u00f3s a cerim\u00f4nia, os noivos recepcionaram convidados e familiares no Hotel Fazenda Cerro Azul, na Coxilha Rica, onde tiveram um dia inesquec\u00edvel. O cerimonial foi assinado pela famosa cerimonialista Maysa Zanette.<\/p>\n\n\n<div class=\"wp-block-image\">\n<figure class=\"aligncenter size-large\"><img loading=\"lazy\" decoding=\"async\" width=\"333\" height=\"500\" src=\"https:\/\/www.soleufilho.com.br\/wp-content\/uploads\/2025\/11\/4-333x500.jpeg\" alt=\"\" class=\"wp-image-2779\" srcset=\"https:\/\/www.soleufilho.com.br\/wp-content\/uploads\/2025\/11\/4-333x500.jpeg 333w, https:\/\/www.soleufilho.com.br\/wp-content\/uploads\/2025\/11\/4-200x300.jpeg 200w, https:\/\/www.soleufilho.com.br\/wp-content\/uploads\/2025\/11\/4-768x1152.jpeg 768w, https:\/\/www.soleufilho.com.br\/wp-content\/uploads\/2025\/11\/4.jpeg 853w\" sizes=\"auto, (max-width: 333px) 100vw, 333px\" \/><figcaption class=\"wp-element-caption\">Gustavo Alberto Gomes Susin e Ana Carolina Schmitz, durante o bonito casamento deles<\/figcaption><\/figure><\/div>\n\n\n<h2 class=\"wp-block-heading\">Mais<\/h2>\n\n\n<div class=\"wp-block-image\">\n<figure class=\"aligncenter size-large\"><img loading=\"lazy\" decoding=\"async\" width=\"500\" height=\"375\" src=\"https:\/\/www.soleufilho.com.br\/wp-content\/uploads\/2025\/11\/5-1-500x375.jpeg\" alt=\"\" class=\"wp-image-2778\" srcset=\"https:\/\/www.soleufilho.com.br\/wp-content\/uploads\/2025\/11\/5-1-500x375.jpeg 500w, https:\/\/www.soleufilho.com.br\/wp-content\/uploads\/2025\/11\/5-1-300x225.jpeg 300w, https:\/\/www.soleufilho.com.br\/wp-content\/uploads\/2025\/11\/5-1-768x576.jpeg 768w, https:\/\/www.soleufilho.com.br\/wp-content\/uploads\/2025\/11\/5-1.jpeg 1280w\" sizes=\"auto, (max-width: 500px) 100vw, 500px\" \/><figcaption class=\"wp-element-caption\">Essa turma, das mais animadas, deixou S\u00e3o Joaquim recentemente e foi a Canelinha, para as comemora\u00e7\u00f5es do anivers\u00e1rio de Claudete Balgard<\/figcaption><\/figure><\/div>\n\n<div class=\"wp-block-image\">\n<figure class=\"aligncenter size-large\"><img loading=\"lazy\" decoding=\"async\" width=\"500\" height=\"375\" src=\"https:\/\/www.soleufilho.com.br\/wp-content\/uploads\/2025\/11\/6-500x375.jpg\" alt=\"\" class=\"wp-image-2775\" srcset=\"https:\/\/www.soleufilho.com.br\/wp-content\/uploads\/2025\/11\/6-500x375.jpg 500w, https:\/\/www.soleufilho.com.br\/wp-content\/uploads\/2025\/11\/6-300x225.jpg 300w, https:\/\/www.soleufilho.com.br\/wp-content\/uploads\/2025\/11\/6-768x576.jpg 768w, https:\/\/www.soleufilho.com.br\/wp-content\/uploads\/2025\/11\/6.jpg 1000w\" sizes=\"auto, (max-width: 500px) 100vw, 500px\" \/><figcaption class=\"wp-element-caption\">Rafaela Sbroglio Lando comemorou seu anivers\u00e1rio em casa, aqui em Lages. Estavam l\u00e1, devidamente caracterizados com o tema Halloween, amigos e familiares da aniversariante!<\/figcaption><\/figure><\/div>\n\n<div class=\"wp-block-image\">\n<figure class=\"aligncenter size-large\"><img loading=\"lazy\" decoding=\"async\" width=\"375\" height=\"500\" src=\"https:\/\/www.soleufilho.com.br\/wp-content\/uploads\/2025\/11\/7-1-375x500.jpg\" alt=\"\" class=\"wp-image-2774\" srcset=\"https:\/\/www.soleufilho.com.br\/wp-content\/uploads\/2025\/11\/7-1-375x500.jpg 375w, https:\/\/www.soleufilho.com.br\/wp-content\/uploads\/2025\/11\/7-1-225x300.jpg 225w, https:\/\/www.soleufilho.com.br\/wp-content\/uploads\/2025\/11\/7-1.jpg 750w\" sizes=\"auto, (max-width: 375px) 100vw, 375px\" \/><figcaption class=\"wp-element-caption\">Descendentes do saudoso Greg\u00f3rio Pereira da Cruz, que foi prefeito de S\u00e3o Joaquim entre 1936 e 1941, reuniram-se no final de semana. O encontro serviu para bonita confraterniza\u00e7\u00e3o entre os familiares<\/figcaption><\/figure><\/div>\n\n\n<p><\/p>\n","protected":false},"excerpt":{"rendered":"<p>Papais Gabriela e Augusto Camargo Bresola celebraram, s\u00e1bado, dia primeiro de novembro, o primeiro aninho da encantadora Iris. O evento teve festa repleta de emo\u00e7\u00e3o, delicadeza e encanto!O destaque da comemora\u00e7\u00e3o foi a decora\u00e7\u00e3o jardim de borboletas, em tons candy, com flores naturais, borboletas de led e bal\u00f5es dispostos de forma impec\u00e1vel, assinada pela designer &hellip; <a href=\"https:\/\/www.soleufilho.com.br\/?p=2773\" class=\"more-link\">Continue lendo <span class=\"screen-reader-text\">Bela festa pelo primeiro aninho de Iris!<\/span> <span class=\"meta-nav\">&rarr;<\/span><\/a><\/p>\n","protected":false},"author":1,"featured_media":0,"comment_status":"open","ping_status":"open","sticky":false,"template":"","format":"standard","meta":{"footnotes":""},"categories":[1],"tags":[],"class_list":["post-2773","post","type-post","status-publish","format-standard","hentry","category-uncategorized"],"_links":{"self":[{"href":"https:\/\/www.soleufilho.com.br\/index.php?rest_route=\/wp\/v2\/posts\/2773","targetHints":{"allow":["GET"]}}],"collection":[{"href":"https:\/\/www.soleufilho.com.br\/index.php?rest_route=\/wp\/v2\/posts"}],"about":[{"href":"https:\/\/www.soleufilho.com.br\/index.php?rest_route=\/wp\/v2\/types\/post"}],"author":[{"embeddable":true,"href":"https:\/\/www.soleufilho.com.br\/index.php?rest_route=\/wp\/v2\/users\/1"}],"replies":[{"embeddable":true,"href":"https:\/\/www.soleufilho.com.br\/index.php?rest_route=%2Fwp%2Fv2%2Fcomments&post=2773"}],"version-history":[{"count":1,"href":"https:\/\/www.soleufilho.com.br\/index.php?rest_route=\/wp\/v2\/posts\/2773\/revisions"}],"predecessor-version":[{"id":2781,"href":"https:\/\/www.soleufilho.com.br\/index.php?rest_route=\/wp\/v2\/posts\/2773\/revisions\/2781"}],"wp:attachment":[{"href":"https:\/\/www.soleufilho.com.br\/index.php?rest_route=%2Fwp%2Fv2%2Fmedia&parent=2773"}],"wp:term":[{"taxonomy":"category","embeddable":true,"href":"https:\/\/www.soleufilho.com.br\/index.php?rest_route=%2Fwp%2Fv2%2Fcategories&post=2773"},{"taxonomy":"post_tag","embeddable":true,"href":"https:\/\/www.soleufilho.com.br\/index.php?rest_route=%2Fwp%2Fv2%2Ftags&post=2773"}],"curies":[{"name":"wp","href":"https:\/\/api.w.org\/{rel}","templated":true}]}}