{"id":2782,"date":"2025-11-14T21:12:25","date_gmt":"2025-11-15T00:12:25","guid":{"rendered":"https:\/\/www.soleufilho.com.br\/?p=2782"},"modified":"2025-11-14T21:12:25","modified_gmt":"2025-11-15T00:12:25","slug":"beleza-e-emocao-no-bonito-casamento-de-jordana-e-gustavo","status":"publish","type":"post","link":"https:\/\/www.soleufilho.com.br\/?p=2782","title":{"rendered":"Beleza e emo\u00e7\u00e3o, no bonito casamento de Jordana e Gustavo!"},"content":{"rendered":"\n<p>Na noite de s\u00e1bado (8.11), o sal\u00e3o principal do Clube Ca\u00e7a e Tiro 1\u00ba de Julho foi palco de memor\u00e1vel celebra\u00e7\u00e3o: o bonito casamento de Jordana Costa Matias e Gustavo Murillo Mathias Westphal. O casal vai residir em Otac\u00edlio Costa, onde o casal exerce advocacia.<br>A emocionante cerim\u00f4nia religiosa aconteceu na Catedral Diocesana de Lages.<br>A decora\u00e7\u00e3o, assinada pela renomada designer de eventos Marilu Maldaner, da Marilu Decora\u00e7\u00e3o e Eventos, trouxe sofistica\u00e7\u00e3o e esplendor em tons verde, branco e dourado, com arranjos naturais e detalhes de extremo bom gosto.<br>O cerimonial foi conduzido com maestria por Juliane Godoy, garantindo harmonia e emo\u00e7\u00e3o em cada instante.<br>O requintado buffet ficou sob responsabilidade do chef Joel Mattos e Adriana Buffet. A trilha sonora do evento contou com o talento do grupo Malbec Trio e posteriormente, a anima\u00e7\u00e3o do DJ Luighi. A beleza e emo\u00e7\u00e3o dessa data inesquec\u00edvel foram eternizadas pelas lentes do fot\u00f3grafo Jhon Alves.<\/p>\n\n\n<div class=\"wp-block-image\">\n<figure class=\"aligncenter size-large\"><img loading=\"lazy\" decoding=\"async\" width=\"500\" height=\"334\" src=\"https:\/\/www.soleufilho.com.br\/wp-content\/uploads\/2025\/11\/1-1-500x334.jpeg\" alt=\"\" class=\"wp-image-2788\" srcset=\"https:\/\/www.soleufilho.com.br\/wp-content\/uploads\/2025\/11\/1-1-500x334.jpeg 500w, https:\/\/www.soleufilho.com.br\/wp-content\/uploads\/2025\/11\/1-1-300x200.jpeg 300w, https:\/\/www.soleufilho.com.br\/wp-content\/uploads\/2025\/11\/1-1-768x512.jpeg 768w, https:\/\/www.soleufilho.com.br\/wp-content\/uploads\/2025\/11\/1-1.jpeg 1280w\" sizes=\"auto, (max-width: 500px) 100vw, 500px\" \/><figcaption class=\"wp-element-caption\">Os noivos Gustavo Murillo Mathias Westphal e Jordana Costa Matias, na Catedral Diocesana<\/figcaption><\/figure><\/div>\n\n<div class=\"wp-block-image\">\n<figure class=\"aligncenter size-large\"><img loading=\"lazy\" decoding=\"async\" width=\"500\" height=\"334\" src=\"https:\/\/www.soleufilho.com.br\/wp-content\/uploads\/2025\/11\/2-1-500x334.jpeg\" alt=\"\" class=\"wp-image-2786\" srcset=\"https:\/\/www.soleufilho.com.br\/wp-content\/uploads\/2025\/11\/2-1-500x334.jpeg 500w, https:\/\/www.soleufilho.com.br\/wp-content\/uploads\/2025\/11\/2-1-300x200.jpeg 300w, https:\/\/www.soleufilho.com.br\/wp-content\/uploads\/2025\/11\/2-1-768x512.jpeg 768w, https:\/\/www.soleufilho.com.br\/wp-content\/uploads\/2025\/11\/2-1.jpeg 1280w\" sizes=\"auto, (max-width: 500px) 100vw, 500px\" \/><figcaption class=\"wp-element-caption\">Gilberto Antonio Machry, os noivos Jordana Costa Matias e Gustavo Murillo Mathias Westphal, com Rosani Wickert<\/figcaption><\/figure><\/div>\n\n<div class=\"wp-block-image\">\n<figure class=\"aligncenter size-large\"><img loading=\"lazy\" decoding=\"async\" width=\"500\" height=\"334\" src=\"https:\/\/www.soleufilho.com.br\/wp-content\/uploads\/2025\/11\/3-500x334.jpeg\" alt=\"\" class=\"wp-image-2785\" srcset=\"https:\/\/www.soleufilho.com.br\/wp-content\/uploads\/2025\/11\/3-500x334.jpeg 500w, https:\/\/www.soleufilho.com.br\/wp-content\/uploads\/2025\/11\/3-300x200.jpeg 300w, https:\/\/www.soleufilho.com.br\/wp-content\/uploads\/2025\/11\/3-768x512.jpeg 768w, https:\/\/www.soleufilho.com.br\/wp-content\/uploads\/2025\/11\/3.jpeg 1280w\" sizes=\"auto, (max-width: 500px) 100vw, 500px\" \/><figcaption class=\"wp-element-caption\">Carlos Roberto Westphal, os noivos Jordana e Gustavo, com Mirian Regiane Constante<\/figcaption><\/figure><\/div>\n\n<div class=\"wp-block-image\">\n<figure class=\"aligncenter size-large\"><img loading=\"lazy\" decoding=\"async\" width=\"500\" height=\"334\" src=\"https:\/\/www.soleufilho.com.br\/wp-content\/uploads\/2025\/11\/4-1-500x334.jpeg\" alt=\"\" class=\"wp-image-2784\" srcset=\"https:\/\/www.soleufilho.com.br\/wp-content\/uploads\/2025\/11\/4-1-500x334.jpeg 500w, https:\/\/www.soleufilho.com.br\/wp-content\/uploads\/2025\/11\/4-1-300x200.jpeg 300w, https:\/\/www.soleufilho.com.br\/wp-content\/uploads\/2025\/11\/4-1-768x512.jpeg 768w, https:\/\/www.soleufilho.com.br\/wp-content\/uploads\/2025\/11\/4-1.jpeg 1280w\" sizes=\"auto, (max-width: 500px) 100vw, 500px\" \/><figcaption class=\"wp-element-caption\">Carlos Roberto Westphal, Bianca Matias Westphal, Maria Klara Matias Westphal, os noivos Jordana Costa Matias e Gustavo Murillo Matias Westphal, com Maria Eduarda Matias Westphal<\/figcaption><\/figure><\/div>\n\n<div class=\"wp-block-image\">\n<figure class=\"aligncenter size-large\"><img loading=\"lazy\" decoding=\"async\" width=\"334\" height=\"500\" src=\"https:\/\/www.soleufilho.com.br\/wp-content\/uploads\/2025\/11\/5-2-334x500.jpeg\" alt=\"\" class=\"wp-image-2787\" srcset=\"https:\/\/www.soleufilho.com.br\/wp-content\/uploads\/2025\/11\/5-2-334x500.jpeg 334w, https:\/\/www.soleufilho.com.br\/wp-content\/uploads\/2025\/11\/5-2-200x300.jpeg 200w, https:\/\/www.soleufilho.com.br\/wp-content\/uploads\/2025\/11\/5-2-768x1151.jpeg 768w, https:\/\/www.soleufilho.com.br\/wp-content\/uploads\/2025\/11\/5-2.jpeg 854w\" sizes=\"auto, (max-width: 334px) 100vw, 334px\" \/><figcaption class=\"wp-element-caption\">Rosani Wickert, Jordana Costa Matias e Aline Costa<\/figcaption><\/figure><\/div>\n\n<div class=\"wp-block-image\">\n<figure class=\"aligncenter size-large\"><img loading=\"lazy\" decoding=\"async\" width=\"334\" height=\"500\" src=\"https:\/\/www.soleufilho.com.br\/wp-content\/uploads\/2025\/11\/6-1-334x500.jpeg\" alt=\"\" class=\"wp-image-2783\" srcset=\"https:\/\/www.soleufilho.com.br\/wp-content\/uploads\/2025\/11\/6-1-334x500.jpeg 334w, https:\/\/www.soleufilho.com.br\/wp-content\/uploads\/2025\/11\/6-1-200x300.jpeg 200w, https:\/\/www.soleufilho.com.br\/wp-content\/uploads\/2025\/11\/6-1-768x1151.jpeg 768w, https:\/\/www.soleufilho.com.br\/wp-content\/uploads\/2025\/11\/6-1.jpeg 854w\" sizes=\"auto, (max-width: 334px) 100vw, 334px\" \/><figcaption class=\"wp-element-caption\">Os noivos Jordana Costa Matias e Gustavo Murillo Mathias Westphal, durante a recep\u00e7\u00e3o do bonito casamento<\/figcaption><\/figure><\/div>\n\n\n<p><\/p>\n","protected":false},"excerpt":{"rendered":"<p>Na noite de s\u00e1bado (8.11), o sal\u00e3o principal do Clube Ca\u00e7a e Tiro 1\u00ba de Julho foi palco de memor\u00e1vel celebra\u00e7\u00e3o: o bonito casamento de Jordana Costa Matias e Gustavo Murillo Mathias Westphal. O casal vai residir em Otac\u00edlio Costa, onde o casal exerce advocacia.A emocionante cerim\u00f4nia religiosa aconteceu na Catedral Diocesana de Lages.A decora\u00e7\u00e3o, &hellip; <a href=\"https:\/\/www.soleufilho.com.br\/?p=2782\" class=\"more-link\">Continue lendo <span class=\"screen-reader-text\">Beleza e emo\u00e7\u00e3o, no bonito casamento de Jordana e Gustavo!<\/span> <span class=\"meta-nav\">&rarr;<\/span><\/a><\/p>\n","protected":false},"author":1,"featured_media":0,"comment_status":"open","ping_status":"open","sticky":false,"template":"","format":"standard","meta":{"footnotes":""},"categories":[1],"tags":[],"class_list":["post-2782","post","type-post","status-publish","format-standard","hentry","category-uncategorized"],"_links":{"self":[{"href":"https:\/\/www.soleufilho.com.br\/index.php?rest_route=\/wp\/v2\/posts\/2782","targetHints":{"allow":["GET"]}}],"collection":[{"href":"https:\/\/www.soleufilho.com.br\/index.php?rest_route=\/wp\/v2\/posts"}],"about":[{"href":"https:\/\/www.soleufilho.com.br\/index.php?rest_route=\/wp\/v2\/types\/post"}],"author":[{"embeddable":true,"href":"https:\/\/www.soleufilho.com.br\/index.php?rest_route=\/wp\/v2\/users\/1"}],"replies":[{"embeddable":true,"href":"https:\/\/www.soleufilho.com.br\/index.php?rest_route=%2Fwp%2Fv2%2Fcomments&post=2782"}],"version-history":[{"count":1,"href":"https:\/\/www.soleufilho.com.br\/index.php?rest_route=\/wp\/v2\/posts\/2782\/revisions"}],"predecessor-version":[{"id":2789,"href":"https:\/\/www.soleufilho.com.br\/index.php?rest_route=\/wp\/v2\/posts\/2782\/revisions\/2789"}],"wp:attachment":[{"href":"https:\/\/www.soleufilho.com.br\/index.php?rest_route=%2Fwp%2Fv2%2Fmedia&parent=2782"}],"wp:term":[{"taxonomy":"category","embeddable":true,"href":"https:\/\/www.soleufilho.com.br\/index.php?rest_route=%2Fwp%2Fv2%2Fcategories&post=2782"},{"taxonomy":"post_tag","embeddable":true,"href":"https:\/\/www.soleufilho.com.br\/index.php?rest_route=%2Fwp%2Fv2%2Ftags&post=2782"}],"curies":[{"name":"wp","href":"https:\/\/api.w.org\/{rel}","templated":true}]}}