{"id":2790,"date":"2025-11-21T07:12:00","date_gmt":"2025-11-21T10:12:00","guid":{"rendered":"https:\/\/www.soleufilho.com.br\/?p=2790"},"modified":"2025-11-24T19:14:39","modified_gmt":"2025-11-24T22:14:39","slug":"gemeos-arthur-e-victor-comemoram-aniversarios-e-a-conclusao-no-curso-de-direito","status":"publish","type":"post","link":"https:\/\/www.soleufilho.com.br\/?p=2790","title":{"rendered":"G\u00eameos Arthur e Victor comemoram anivers\u00e1rios e a conclus\u00e3o no curso de Direito!"},"content":{"rendered":"\n<p>O sal\u00e3o principal do Serrano T\u00eanis Clube, na noite de sexta (14.11), teve celebra\u00e7\u00e3o dupla e memor\u00e1vel: o anivers\u00e1rio de 22 anos e a conclus\u00e3o do curso de Direito dos g\u00eameos Arthur e Victor Campos Bunn, filhos de Fab\u00edola Campos Bunn e Everton Bunn. O evento, dos mais bonitos, reuniu familiares e amigos. A noite ganhou brilho especial, com decora\u00e7\u00e3o moderna e elegante, assinada pela talentosa designer Marilu Maldaner, da Marilu Decora\u00e7\u00e3o e Eventos, que transformou o ambiente num verdadeiro clima de beleza e sofistica\u00e7\u00e3o.<br>A festa contou com atra\u00e7\u00f5es musicais \u00e0 altura: a energia contagiante da banda No Name e a sonoridade refinada, do famoso Malbec Trio, que embalaram os convidados do come\u00e7o ao fim! O buffet, preparado pelo renomado chef S\u00e9rgio Rotta e equipe do badalado Buffet Serrano, surpreendeu pelos sabores e apresenta\u00e7\u00e3o impec\u00e1vel.<br>Os registros dessa noite inesquec\u00edvel ficaram sob o olhar atento do fot\u00f3grafo Gugu Garcia, eternizando assim, um marco na vida de Arthur e Victor! Detalhe: a formatura deles ocorre no pr\u00f3ximo ano.<\/p>\n\n\n<div class=\"wp-block-image\">\n<figure class=\"aligncenter size-large\"><img loading=\"lazy\" decoding=\"async\" width=\"500\" height=\"333\" src=\"https:\/\/www.soleufilho.com.br\/wp-content\/uploads\/2025\/11\/1-2-500x333.jpeg\" alt=\"\" class=\"wp-image-2794\" srcset=\"https:\/\/www.soleufilho.com.br\/wp-content\/uploads\/2025\/11\/1-2-500x333.jpeg 500w, https:\/\/www.soleufilho.com.br\/wp-content\/uploads\/2025\/11\/1-2-300x200.jpeg 300w, https:\/\/www.soleufilho.com.br\/wp-content\/uploads\/2025\/11\/1-2-768x512.jpeg 768w, https:\/\/www.soleufilho.com.br\/wp-content\/uploads\/2025\/11\/1-2.jpeg 1280w\" sizes=\"auto, (max-width: 500px) 100vw, 500px\" \/><figcaption class=\"wp-element-caption\">Os g\u00eameos Arthur e Victor Campos Bunn, com os papais Fab\u00edola Campos Bunn e Everton Bunn, na comemora\u00e7\u00e3o pelos seus anivers\u00e1rios e a conclus\u00e3o do curso de Direito, de ambos<\/figcaption><\/figure><\/div>\n\n<div class=\"wp-block-image\">\n<figure class=\"aligncenter size-large\"><img loading=\"lazy\" decoding=\"async\" width=\"500\" height=\"333\" src=\"https:\/\/www.soleufilho.com.br\/wp-content\/uploads\/2025\/11\/2-2-500x333.jpeg\" alt=\"\" class=\"wp-image-2793\" srcset=\"https:\/\/www.soleufilho.com.br\/wp-content\/uploads\/2025\/11\/2-2-500x333.jpeg 500w, https:\/\/www.soleufilho.com.br\/wp-content\/uploads\/2025\/11\/2-2-300x200.jpeg 300w, https:\/\/www.soleufilho.com.br\/wp-content\/uploads\/2025\/11\/2-2-768x512.jpeg 768w, https:\/\/www.soleufilho.com.br\/wp-content\/uploads\/2025\/11\/2-2.jpeg 1280w\" sizes=\"auto, (max-width: 500px) 100vw, 500px\" \/><figcaption class=\"wp-element-caption\">Arthur e Victor e os pais Fab\u00edola e Everton comemoram, em bonito evento, duas ocasi\u00f5es importantes em suas vidas!<\/figcaption><\/figure><\/div>\n\n\n<h2 class=\"wp-block-heading\">Celebra\u00e7\u00e3o pelo casamento de Ana Carolina e Leonardo foi linda!<\/h2>\n\n\n\n<p>O Centro Serra Convention Center foi palco, na noite de s\u00e1bado, (15.11), do bonito casamento bonito casamento de Ana Carolina Borges e Leonardo Borges, com presen\u00e7a de familiares e grandes amigos dos noivos. A celebra\u00e7\u00e3o, linda, destacou-se pela atmosfera elegante e acolhedora, refletindo perfeitamente o estilo do casal.<br>A decora\u00e7\u00e3o, assinada pela renomada designer Marilu Maldaner, da Marilu Decora\u00e7\u00e3o e Eventos, transformou o sal\u00e3o em cen\u00e1rio contempor\u00e2neo e sofisticado. Suntuosos arranjos naturais transmitiam harmonia entre o verde e o branco, proporcionando ambiente encantador, que combinou frescor, modernidade e impon\u00eancia, na medida certa.<br>\u201cCada detalhe contribuiu para uma noite inesquec\u00edvel, marcada por emo\u00e7\u00e3o, beleza e intensidade\u201d, descreve Marilu. As belas fotos s\u00e3o de Alesantos.<br>Aplausos a Ana Carolina e Leonardo, por esse momento t\u00e3o especial!<\/p>\n\n\n<div class=\"wp-block-image\">\n<figure class=\"aligncenter size-large\"><img loading=\"lazy\" decoding=\"async\" width=\"359\" height=\"500\" src=\"https:\/\/www.soleufilho.com.br\/wp-content\/uploads\/2025\/11\/3-2-359x500.jpg\" alt=\"\" class=\"wp-image-2791\" srcset=\"https:\/\/www.soleufilho.com.br\/wp-content\/uploads\/2025\/11\/3-2-359x500.jpg 359w, https:\/\/www.soleufilho.com.br\/wp-content\/uploads\/2025\/11\/3-2-215x300.jpg 215w, https:\/\/www.soleufilho.com.br\/wp-content\/uploads\/2025\/11\/3-2.jpg 717w\" sizes=\"auto, (max-width: 359px) 100vw, 359px\" \/><figcaption class=\"wp-element-caption\">Os noivos Ana Carolina e Leonardo, durante a celebra\u00e7\u00e3o, no Centro Serra<\/figcaption><\/figure><\/div>\n\n<div class=\"wp-block-image\">\n<figure class=\"aligncenter size-large\"><img loading=\"lazy\" decoding=\"async\" width=\"333\" height=\"500\" src=\"https:\/\/www.soleufilho.com.br\/wp-content\/uploads\/2025\/11\/4-1-333x500.jpg\" alt=\"\" class=\"wp-image-2792\" srcset=\"https:\/\/www.soleufilho.com.br\/wp-content\/uploads\/2025\/11\/4-1-333x500.jpg 333w, https:\/\/www.soleufilho.com.br\/wp-content\/uploads\/2025\/11\/4-1-200x300.jpg 200w, https:\/\/www.soleufilho.com.br\/wp-content\/uploads\/2025\/11\/4-1.jpg 666w\" sizes=\"auto, (max-width: 333px) 100vw, 333px\" \/><figcaption class=\"wp-element-caption\">Leonardo e Ana Carolina na bela recep\u00e7\u00e3o do casamento deles: cen\u00e1rio contempor\u00e2neo e sofisticado<\/figcaption><\/figure><\/div>\n\n\n<p><\/p>\n","protected":false},"excerpt":{"rendered":"<p>O sal\u00e3o principal do Serrano T\u00eanis Clube, na noite de sexta (14.11), teve celebra\u00e7\u00e3o dupla e memor\u00e1vel: o anivers\u00e1rio de 22 anos e a conclus\u00e3o do curso de Direito dos g\u00eameos Arthur e Victor Campos Bunn, filhos de Fab\u00edola Campos Bunn e Everton Bunn. O evento, dos mais bonitos, reuniu familiares e amigos. A noite &hellip; <a href=\"https:\/\/www.soleufilho.com.br\/?p=2790\" class=\"more-link\">Continue lendo <span class=\"screen-reader-text\">G\u00eameos Arthur e Victor comemoram anivers\u00e1rios e a conclus\u00e3o no curso de Direito!<\/span> <span class=\"meta-nav\">&rarr;<\/span><\/a><\/p>\n","protected":false},"author":1,"featured_media":0,"comment_status":"open","ping_status":"open","sticky":false,"template":"","format":"standard","meta":{"footnotes":""},"categories":[1],"tags":[],"class_list":["post-2790","post","type-post","status-publish","format-standard","hentry","category-uncategorized"],"_links":{"self":[{"href":"https:\/\/www.soleufilho.com.br\/index.php?rest_route=\/wp\/v2\/posts\/2790","targetHints":{"allow":["GET"]}}],"collection":[{"href":"https:\/\/www.soleufilho.com.br\/index.php?rest_route=\/wp\/v2\/posts"}],"about":[{"href":"https:\/\/www.soleufilho.com.br\/index.php?rest_route=\/wp\/v2\/types\/post"}],"author":[{"embeddable":true,"href":"https:\/\/www.soleufilho.com.br\/index.php?rest_route=\/wp\/v2\/users\/1"}],"replies":[{"embeddable":true,"href":"https:\/\/www.soleufilho.com.br\/index.php?rest_route=%2Fwp%2Fv2%2Fcomments&post=2790"}],"version-history":[{"count":1,"href":"https:\/\/www.soleufilho.com.br\/index.php?rest_route=\/wp\/v2\/posts\/2790\/revisions"}],"predecessor-version":[{"id":2795,"href":"https:\/\/www.soleufilho.com.br\/index.php?rest_route=\/wp\/v2\/posts\/2790\/revisions\/2795"}],"wp:attachment":[{"href":"https:\/\/www.soleufilho.com.br\/index.php?rest_route=%2Fwp%2Fv2%2Fmedia&parent=2790"}],"wp:term":[{"taxonomy":"category","embeddable":true,"href":"https:\/\/www.soleufilho.com.br\/index.php?rest_route=%2Fwp%2Fv2%2Fcategories&post=2790"},{"taxonomy":"post_tag","embeddable":true,"href":"https:\/\/www.soleufilho.com.br\/index.php?rest_route=%2Fwp%2Fv2%2Ftags&post=2790"}],"curies":[{"name":"wp","href":"https:\/\/api.w.org\/{rel}","templated":true}]}}