{"id":2805,"date":"2025-12-05T07:10:00","date_gmt":"2025-12-05T10:10:00","guid":{"rendered":"https:\/\/www.soleufilho.com.br\/?p=2805"},"modified":"2025-12-01T11:13:49","modified_gmt":"2025-12-01T14:13:49","slug":"alegria-e-emocao-na-formatura-de-isabela","status":"publish","type":"post","link":"https:\/\/www.soleufilho.com.br\/?p=2805","title":{"rendered":"Alegria e emo\u00e7\u00e3o na formatura de Isabela!"},"content":{"rendered":"\n<p>Na noite de s\u00e1bado, 29 de novembro, o sal\u00e3o principal do Serrano T\u00eanis Clube foi palco de um elegante jantar em comemora\u00e7\u00e3o \u00e0 formatura de Isabela de Liz Pereira, agora m\u00e9dica graduada pela Universidade do Planalto Catarinense. Reunindo familiares e amigos, o ambiente foi marcado por alegria, emo\u00e7\u00e3o e muito bom gosto.<br>A decora\u00e7\u00e3o da recep\u00e7\u00e3o, assinada pela talentosa designer de eventos Marilu Maldaner, da Marilu Decora\u00e7\u00e3o e Eventos, uniu com maestria, do cl\u00e1ssico ao moderno: esplendorosos lustres de cristal, mesas espelhadas, luzes de led coloridas e sofisticados arranjos florais criaram cen\u00e1rio contempor\u00e2neo e acolhedor, que encantou a todos.<br>O cerimonial foi assinado pela cerimonialista Laureane Marin, que com delicadeza e organiza\u00e7\u00e3o, conduziu momentos especiais da noite.<br>O buffet, assinado pelo chef S\u00e9rgio Rotta e equipe do Buffet Serrano, ofereceu variedade de pratos que agradou a todos os paladares.<br>Os convidados foram recepcionados ao som do violinista Tiago Ata\u00edde que tocou durante todo o jantar. J\u00e1 a anima\u00e7\u00e3o ficou por conta da Banda On Jack e em sequ\u00eancia DJ Luighi Giovanella Pucci que manteve a pista cheia at\u00e9 o final da celebra\u00e7\u00e3o. As belas fotos foram registradas pelas lentes do talentoso fot\u00f3grafo Alesantos Fotografias.<\/p>\n\n\n<div class=\"wp-block-image\">\n<figure class=\"aligncenter size-large\"><img loading=\"lazy\" decoding=\"async\" width=\"333\" height=\"500\" src=\"https:\/\/www.soleufilho.com.br\/wp-content\/uploads\/2025\/12\/1-333x500.jpeg\" alt=\"\" class=\"wp-image-2808\" srcset=\"https:\/\/www.soleufilho.com.br\/wp-content\/uploads\/2025\/12\/1-333x500.jpeg 333w, https:\/\/www.soleufilho.com.br\/wp-content\/uploads\/2025\/12\/1-200x300.jpeg 200w, https:\/\/www.soleufilho.com.br\/wp-content\/uploads\/2025\/12\/1-768x1152.jpeg 768w, https:\/\/www.soleufilho.com.br\/wp-content\/uploads\/2025\/12\/1.jpeg 853w\" sizes=\"auto, (max-width: 333px) 100vw, 333px\" \/><figcaption class=\"wp-element-caption\">Isabela de Liz Pereira, durante a festa que celebrou sua formatura em no Curso de Medicina<\/figcaption><\/figure><\/div>\n\n<div class=\"wp-block-image\">\n<figure class=\"aligncenter size-large\"><img loading=\"lazy\" decoding=\"async\" width=\"500\" height=\"333\" src=\"https:\/\/www.soleufilho.com.br\/wp-content\/uploads\/2025\/12\/2-500x333.jpeg\" alt=\"\" class=\"wp-image-2810\" srcset=\"https:\/\/www.soleufilho.com.br\/wp-content\/uploads\/2025\/12\/2-500x333.jpeg 500w, https:\/\/www.soleufilho.com.br\/wp-content\/uploads\/2025\/12\/2-300x200.jpeg 300w, https:\/\/www.soleufilho.com.br\/wp-content\/uploads\/2025\/12\/2-768x512.jpeg 768w, https:\/\/www.soleufilho.com.br\/wp-content\/uploads\/2025\/12\/2.jpeg 1280w\" sizes=\"auto, (max-width: 500px) 100vw, 500px\" \/><figcaption class=\"wp-element-caption\">Gabriel Warmeling Silva, Isabela de Liz Pereira, Su\u00e9ly de Liz e Faysal Dabbous, na bela festa que homenageou Isabela<\/figcaption><\/figure><\/div>\n\n<div class=\"wp-block-image\">\n<figure class=\"aligncenter size-large\"><img loading=\"lazy\" decoding=\"async\" width=\"333\" height=\"500\" src=\"https:\/\/www.soleufilho.com.br\/wp-content\/uploads\/2025\/12\/3-333x500.jpeg\" alt=\"\" class=\"wp-image-2807\" srcset=\"https:\/\/www.soleufilho.com.br\/wp-content\/uploads\/2025\/12\/3-333x500.jpeg 333w, https:\/\/www.soleufilho.com.br\/wp-content\/uploads\/2025\/12\/3-200x300.jpeg 200w, https:\/\/www.soleufilho.com.br\/wp-content\/uploads\/2025\/12\/3-768x1152.jpeg 768w, https:\/\/www.soleufilho.com.br\/wp-content\/uploads\/2025\/12\/3.jpeg 853w\" sizes=\"auto, (max-width: 333px) 100vw, 333px\" \/><figcaption class=\"wp-element-caption\">M\u00e3e e filha Isabela de Liz Pereira e Su\u00e9ly de Liz<\/figcaption><\/figure><\/div>\n\n<div class=\"wp-block-image\">\n<figure class=\"aligncenter size-large\"><img loading=\"lazy\" decoding=\"async\" width=\"500\" height=\"333\" src=\"https:\/\/www.soleufilho.com.br\/wp-content\/uploads\/2025\/12\/4-500x333.jpeg\" alt=\"\" class=\"wp-image-2806\" srcset=\"https:\/\/www.soleufilho.com.br\/wp-content\/uploads\/2025\/12\/4-500x333.jpeg 500w, https:\/\/www.soleufilho.com.br\/wp-content\/uploads\/2025\/12\/4-300x200.jpeg 300w, https:\/\/www.soleufilho.com.br\/wp-content\/uploads\/2025\/12\/4-768x512.jpeg 768w, https:\/\/www.soleufilho.com.br\/wp-content\/uploads\/2025\/12\/4.jpeg 1280w\" sizes=\"auto, (max-width: 500px) 100vw, 500px\" \/><figcaption class=\"wp-element-caption\">Tr\u00eas gera\u00e7\u00f5es M\u00e3e Suely Bonette dos Santos, Isabela de Liz Pereira e av\u00f3 Su\u00e9ly de Liz<\/figcaption><\/figure><\/div>\n\n<div class=\"wp-block-image\">\n<figure class=\"aligncenter size-large\"><img loading=\"lazy\" decoding=\"async\" width=\"500\" height=\"333\" src=\"https:\/\/www.soleufilho.com.br\/wp-content\/uploads\/2025\/12\/5-500x333.jpeg\" alt=\"\" class=\"wp-image-2809\" srcset=\"https:\/\/www.soleufilho.com.br\/wp-content\/uploads\/2025\/12\/5-500x333.jpeg 500w, https:\/\/www.soleufilho.com.br\/wp-content\/uploads\/2025\/12\/5-300x200.jpeg 300w, https:\/\/www.soleufilho.com.br\/wp-content\/uploads\/2025\/12\/5-768x512.jpeg 768w, https:\/\/www.soleufilho.com.br\/wp-content\/uploads\/2025\/12\/5.jpeg 1280w\" sizes=\"auto, (max-width: 500px) 100vw, 500px\" \/><figcaption class=\"wp-element-caption\">Su\u00e9ly Bonette dos Santos, Isabela de Liz Pereira e Pedro Debiazi<\/figcaption><\/figure><\/div>\n\n\n<p><\/p>\n","protected":false},"excerpt":{"rendered":"<p>Na noite de s\u00e1bado, 29 de novembro, o sal\u00e3o principal do Serrano T\u00eanis Clube foi palco de um elegante jantar em comemora\u00e7\u00e3o \u00e0 formatura de Isabela de Liz Pereira, agora m\u00e9dica graduada pela Universidade do Planalto Catarinense. Reunindo familiares e amigos, o ambiente foi marcado por alegria, emo\u00e7\u00e3o e muito bom gosto.A decora\u00e7\u00e3o da recep\u00e7\u00e3o, &hellip; <a href=\"https:\/\/www.soleufilho.com.br\/?p=2805\" class=\"more-link\">Continue lendo <span class=\"screen-reader-text\">Alegria e emo\u00e7\u00e3o na formatura de Isabela!<\/span> <span class=\"meta-nav\">&rarr;<\/span><\/a><\/p>\n","protected":false},"author":1,"featured_media":0,"comment_status":"open","ping_status":"open","sticky":false,"template":"","format":"standard","meta":{"footnotes":""},"categories":[1],"tags":[],"class_list":["post-2805","post","type-post","status-publish","format-standard","hentry","category-uncategorized"],"_links":{"self":[{"href":"https:\/\/www.soleufilho.com.br\/index.php?rest_route=\/wp\/v2\/posts\/2805","targetHints":{"allow":["GET"]}}],"collection":[{"href":"https:\/\/www.soleufilho.com.br\/index.php?rest_route=\/wp\/v2\/posts"}],"about":[{"href":"https:\/\/www.soleufilho.com.br\/index.php?rest_route=\/wp\/v2\/types\/post"}],"author":[{"embeddable":true,"href":"https:\/\/www.soleufilho.com.br\/index.php?rest_route=\/wp\/v2\/users\/1"}],"replies":[{"embeddable":true,"href":"https:\/\/www.soleufilho.com.br\/index.php?rest_route=%2Fwp%2Fv2%2Fcomments&post=2805"}],"version-history":[{"count":1,"href":"https:\/\/www.soleufilho.com.br\/index.php?rest_route=\/wp\/v2\/posts\/2805\/revisions"}],"predecessor-version":[{"id":2811,"href":"https:\/\/www.soleufilho.com.br\/index.php?rest_route=\/wp\/v2\/posts\/2805\/revisions\/2811"}],"wp:attachment":[{"href":"https:\/\/www.soleufilho.com.br\/index.php?rest_route=%2Fwp%2Fv2%2Fmedia&parent=2805"}],"wp:term":[{"taxonomy":"category","embeddable":true,"href":"https:\/\/www.soleufilho.com.br\/index.php?rest_route=%2Fwp%2Fv2%2Fcategories&post=2805"},{"taxonomy":"post_tag","embeddable":true,"href":"https:\/\/www.soleufilho.com.br\/index.php?rest_route=%2Fwp%2Fv2%2Ftags&post=2805"}],"curies":[{"name":"wp","href":"https:\/\/api.w.org\/{rel}","templated":true}]}}