{"id":2812,"date":"2025-12-12T07:00:00","date_gmt":"2025-12-12T10:00:00","guid":{"rendered":"https:\/\/www.soleufilho.com.br\/?p=2812"},"modified":"2025-12-14T20:43:06","modified_gmt":"2025-12-14T23:43:06","slug":"confraternizacao-da-ailos-credicomin-reuniu-amigos-e-familiares","status":"publish","type":"post","link":"https:\/\/www.soleufilho.com.br\/?p=2812","title":{"rendered":"Confraterniza\u00e7\u00e3o da Ailos Credicomin reuniu amigos e familiares!"},"content":{"rendered":"\n<p>A Ailos Credicomin reuniu colaboradores e familiares (s\u00e1bado 6\/12), no sal\u00e3o principal do Serrano T\u00eanis Clube, para sua confraterniza\u00e7\u00e3o de final de ano. Em clima de alegria e companheirismo, o encontro celebrou ciclo de muitas conquistas, marcado pelo fortalecimento do cooperativismo e crescimento s\u00f3lido da institui\u00e7\u00e3o.<br>A decora\u00e7\u00e3o do evento ficou a cargo da renomada designer de eventos Marilu Maldaner, da Marilu Decora\u00e7\u00e3o e Eventos, que assinou um projeto contempor\u00e2neo, unindo eleg\u00e2ncia, leveza e conforto. Entre brindes, abra\u00e7os e votos de prosperidade, a confraterniza\u00e7\u00e3o refor\u00e7ou la\u00e7os e renovou as energias para os desafios e projetos que vir\u00e3o no pr\u00f3ximo ano, deixando na mem\u00f3ria de todos um dia especial de celebra\u00e7\u00e3o, pertencimento e gratid\u00e3o.<\/p>\n\n\n<div class=\"wp-block-image\">\n<figure class=\"aligncenter size-large\"><img loading=\"lazy\" decoding=\"async\" width=\"500\" height=\"264\" src=\"https:\/\/www.soleufilho.com.br\/wp-content\/uploads\/2025\/12\/1-1-500x264.jpeg\" alt=\"\" class=\"wp-image-2817\" srcset=\"https:\/\/www.soleufilho.com.br\/wp-content\/uploads\/2025\/12\/1-1-500x264.jpeg 500w, https:\/\/www.soleufilho.com.br\/wp-content\/uploads\/2025\/12\/1-1-300x158.jpeg 300w, https:\/\/www.soleufilho.com.br\/wp-content\/uploads\/2025\/12\/1-1-768x405.jpeg 768w, https:\/\/www.soleufilho.com.br\/wp-content\/uploads\/2025\/12\/1-1.jpeg 1280w\" sizes=\"auto, (max-width: 500px) 100vw, 500px\" \/><figcaption class=\"wp-element-caption\">Diretoria da Ailos Credicomin, durante confraterniza\u00e7\u00e3o de final de ano<\/figcaption><\/figure><\/div>\n\n<div class=\"wp-block-image\">\n<figure class=\"aligncenter size-large\"><img loading=\"lazy\" decoding=\"async\" width=\"500\" height=\"357\" src=\"https:\/\/www.soleufilho.com.br\/wp-content\/uploads\/2025\/12\/2-1-500x357.jpeg\" alt=\"\" class=\"wp-image-2815\" srcset=\"https:\/\/www.soleufilho.com.br\/wp-content\/uploads\/2025\/12\/2-1-500x357.jpeg 500w, https:\/\/www.soleufilho.com.br\/wp-content\/uploads\/2025\/12\/2-1-300x214.jpeg 300w, https:\/\/www.soleufilho.com.br\/wp-content\/uploads\/2025\/12\/2-1-768x549.jpeg 768w, https:\/\/www.soleufilho.com.br\/wp-content\/uploads\/2025\/12\/2-1.jpeg 1024w\" sizes=\"auto, (max-width: 500px) 100vw, 500px\" \/><figcaption class=\"wp-element-caption\">Esses s\u00e3o os gerentes da Ailos Credicomin. S\u00e3o profissionais que atuam em Lages, Otac\u00edlio Costa, Curitibanos, Ca\u00e7ador, Campos Novos, Joa\u00e7aba e Videira<\/figcaption><\/figure><\/div>\n\n\n<h2 class=\"wp-block-heading\">Fam\u00edlia Corr\u00eaa comemora 100 anos de chegada na Serra Catarinense!<\/h2>\n\n\n\n<p>No dia 22 de novembro de 2025 aconteceu o 11\u00ba Encontro da Fam\u00edlia Corr\u00eaa. Reuniram-se mais de 120 pessoas, entre familiares e amigos, na fazenda Salto das Crioulas em Urubici, onde os Correa se instalaram e tudo come\u00e7ou. Nasceram ali alguns de seus descendentes.<br>O objetivo do encontro deste ano foi celebrar os 100 anos da chegada da fam\u00edlia Corr\u00eaa na Serra Catarinense e comemorar o centen\u00e1rio de nascimento de Jos\u00e9 Corr\u00eaa &#8211; o primeiro filho de Manuel Nicolau Corr\u00eaa e Maria Cota Rodrigues Corr\u00eaa a nascer na regi\u00e3o.<br>A festa j\u00e1 est\u00e1 na sua 11\u00aa edi\u00e7\u00e3o. O festeiros deste ano foram os casais Mariozan e Sulamita, Edinho e Nazar\u00e9 , Mara e Luiz Gon\u00e7ales, Edmari e Wilson Cruz &#8211; descendentes de Ant\u00f4nio Corr\u00eaa (Tunico) e Esmenia de Oliveira Corr\u00eaa (Mena), e Bilinha e Jaime, descendentes de Jos\u00e9 Corr\u00eaa (Zequinha) e Iracema de Oliveira Corr\u00eaa (Cema).<br>O pr\u00f3ximo encontro acontecer\u00e1 em 2026 e j\u00e1 tem festeiros designados: a fam\u00edlia de Nicolau Corr\u00eaa, que promete realizar a festa em local muito especial e cheio de boas lembran\u00e7as!<\/p>\n\n\n<div class=\"wp-block-image\">\n<figure class=\"aligncenter size-large\"><img loading=\"lazy\" decoding=\"async\" width=\"500\" height=\"332\" src=\"https:\/\/www.soleufilho.com.br\/wp-content\/uploads\/2025\/12\/4-1-500x332.jpeg\" alt=\"\" class=\"wp-image-2818\" srcset=\"https:\/\/www.soleufilho.com.br\/wp-content\/uploads\/2025\/12\/4-1-500x332.jpeg 500w, https:\/\/www.soleufilho.com.br\/wp-content\/uploads\/2025\/12\/4-1-300x199.jpeg 300w, https:\/\/www.soleufilho.com.br\/wp-content\/uploads\/2025\/12\/4-1-768x511.jpeg 768w, https:\/\/www.soleufilho.com.br\/wp-content\/uploads\/2025\/12\/4-1.jpeg 1280w\" sizes=\"auto, (max-width: 500px) 100vw, 500px\" \/><figcaption class=\"wp-element-caption\">Esses s\u00e3o festeiros de 2025, que organizaram o encontro dos Corr\u00eaa, em Urubici<\/figcaption><\/figure><\/div>\n\n<div class=\"wp-block-image\">\n<figure class=\"aligncenter size-large\"><img loading=\"lazy\" decoding=\"async\" width=\"500\" height=\"332\" src=\"https:\/\/www.soleufilho.com.br\/wp-content\/uploads\/2025\/12\/5-1-500x332.jpeg\" alt=\"\" class=\"wp-image-2814\" srcset=\"https:\/\/www.soleufilho.com.br\/wp-content\/uploads\/2025\/12\/5-1-500x332.jpeg 500w, https:\/\/www.soleufilho.com.br\/wp-content\/uploads\/2025\/12\/5-1-300x199.jpeg 300w, https:\/\/www.soleufilho.com.br\/wp-content\/uploads\/2025\/12\/5-1-768x511.jpeg 768w, https:\/\/www.soleufilho.com.br\/wp-content\/uploads\/2025\/12\/5-1.jpeg 1280w\" sizes=\"auto, (max-width: 500px) 100vw, 500px\" \/><figcaption class=\"wp-element-caption\">Fam\u00edlia Corr\u00eaa, durante o encontro 2025, em Urubici<\/figcaption><\/figure><\/div>\n\n\n<h2 class=\"wp-block-heading\">Novo comandante<\/h2>\n\n\n\n<p>Na manh\u00e3 de ter\u00e7a-feira, 2 de dezembro, no Hotel de Tr\u00e2nsito dos Oficiais do 1\u00b0 Batalh\u00e3o Ferrovi\u00e1rio de Lages, aconteceu o tradicional caf\u00e9 de apresenta\u00e7\u00e3o do novo comandante da unidade. O encontro conduzido pelo atual l\u00edder, tenente-Coronel Hudson Machado Moreira, marcou a apresenta\u00e7\u00e3o do seu colega de turma, Tenente-Coronel Vicente da Dilva Costa, que esta semana assumiu oficialmente o comando, durante a solenidade de passagem de comando.<\/p>\n\n\n<div class=\"wp-block-image\">\n<figure class=\"aligncenter size-large\"><img loading=\"lazy\" decoding=\"async\" width=\"500\" height=\"375\" src=\"https:\/\/www.soleufilho.com.br\/wp-content\/uploads\/2025\/12\/6-500x375.jpeg\" alt=\"\" class=\"wp-image-2813\" srcset=\"https:\/\/www.soleufilho.com.br\/wp-content\/uploads\/2025\/12\/6-500x375.jpeg 500w, https:\/\/www.soleufilho.com.br\/wp-content\/uploads\/2025\/12\/6-300x225.jpeg 300w, https:\/\/www.soleufilho.com.br\/wp-content\/uploads\/2025\/12\/6-768x576.jpeg 768w, https:\/\/www.soleufilho.com.br\/wp-content\/uploads\/2025\/12\/6.jpeg 1280w\" sizes=\"auto, (max-width: 500px) 100vw, 500px\" \/><figcaption class=\"wp-element-caption\">Raineri Castagna, Pedro Henrique Maldaner Ghiorzi Cruz, Lel\u00ea Faltz Moreira, Tenente-Coronel Hudson Machado Moreira, Marilu Maldaner, tenente-Coronel Vicente da Silva Costa e \u00c9rica Imolas Ferreira<\/figcaption><\/figure><\/div>\n\n\n<h2 class=\"wp-block-heading\">Mais<\/h2>\n\n\n<div class=\"wp-block-image\">\n<figure class=\"aligncenter size-large\"><img loading=\"lazy\" decoding=\"async\" width=\"500\" height=\"375\" src=\"https:\/\/www.soleufilho.com.br\/wp-content\/uploads\/2025\/12\/3-1-500x375.jpeg\" alt=\"\" class=\"wp-image-2816\" srcset=\"https:\/\/www.soleufilho.com.br\/wp-content\/uploads\/2025\/12\/3-1-500x375.jpeg 500w, https:\/\/www.soleufilho.com.br\/wp-content\/uploads\/2025\/12\/3-1-300x225.jpeg 300w, https:\/\/www.soleufilho.com.br\/wp-content\/uploads\/2025\/12\/3-1-768x576.jpeg 768w, https:\/\/www.soleufilho.com.br\/wp-content\/uploads\/2025\/12\/3-1-1536x1152.jpeg 1536w, https:\/\/www.soleufilho.com.br\/wp-content\/uploads\/2025\/12\/3-1.jpeg 1600w\" sizes=\"auto, (max-width: 500px) 100vw, 500px\" \/><figcaption class=\"wp-element-caption\">Essa turma, das mais animadas, participou do Encerramento do Deustche Gruppe, na minha resid\u00eancia de Nilse Fernandes. Durante o encontro teve bela conversa\u00e7\u00e3o e c\u00e2nticos na l\u00edngua alem\u00e3. L\u00e1 estavam: Sido Barg e Maria Helena, Pedro e Jane Sch\u00fcrmann, Armando Gosh, Eneita Aquino, Brigida Munhoz e Isolda<\/figcaption><\/figure><\/div>\n\n\n<p><\/p>\n","protected":false},"excerpt":{"rendered":"<p>A Ailos Credicomin reuniu colaboradores e familiares (s\u00e1bado 6\/12), no sal\u00e3o principal do Serrano T\u00eanis Clube, para sua confraterniza\u00e7\u00e3o de final de ano. Em clima de alegria e companheirismo, o encontro celebrou ciclo de muitas conquistas, marcado pelo fortalecimento do cooperativismo e crescimento s\u00f3lido da institui\u00e7\u00e3o.A decora\u00e7\u00e3o do evento ficou a cargo da renomada designer &hellip; <a href=\"https:\/\/www.soleufilho.com.br\/?p=2812\" class=\"more-link\">Continue lendo <span class=\"screen-reader-text\">Confraterniza\u00e7\u00e3o da Ailos Credicomin reuniu amigos e familiares!<\/span> <span class=\"meta-nav\">&rarr;<\/span><\/a><\/p>\n","protected":false},"author":1,"featured_media":0,"comment_status":"open","ping_status":"open","sticky":false,"template":"","format":"standard","meta":{"footnotes":""},"categories":[1],"tags":[],"class_list":["post-2812","post","type-post","status-publish","format-standard","hentry","category-uncategorized"],"_links":{"self":[{"href":"https:\/\/www.soleufilho.com.br\/index.php?rest_route=\/wp\/v2\/posts\/2812","targetHints":{"allow":["GET"]}}],"collection":[{"href":"https:\/\/www.soleufilho.com.br\/index.php?rest_route=\/wp\/v2\/posts"}],"about":[{"href":"https:\/\/www.soleufilho.com.br\/index.php?rest_route=\/wp\/v2\/types\/post"}],"author":[{"embeddable":true,"href":"https:\/\/www.soleufilho.com.br\/index.php?rest_route=\/wp\/v2\/users\/1"}],"replies":[{"embeddable":true,"href":"https:\/\/www.soleufilho.com.br\/index.php?rest_route=%2Fwp%2Fv2%2Fcomments&post=2812"}],"version-history":[{"count":1,"href":"https:\/\/www.soleufilho.com.br\/index.php?rest_route=\/wp\/v2\/posts\/2812\/revisions"}],"predecessor-version":[{"id":2819,"href":"https:\/\/www.soleufilho.com.br\/index.php?rest_route=\/wp\/v2\/posts\/2812\/revisions\/2819"}],"wp:attachment":[{"href":"https:\/\/www.soleufilho.com.br\/index.php?rest_route=%2Fwp%2Fv2%2Fmedia&parent=2812"}],"wp:term":[{"taxonomy":"category","embeddable":true,"href":"https:\/\/www.soleufilho.com.br\/index.php?rest_route=%2Fwp%2Fv2%2Fcategories&post=2812"},{"taxonomy":"post_tag","embeddable":true,"href":"https:\/\/www.soleufilho.com.br\/index.php?rest_route=%2Fwp%2Fv2%2Ftags&post=2812"}],"curies":[{"name":"wp","href":"https:\/\/api.w.org\/{rel}","templated":true}]}}