{"id":2822,"date":"2025-12-19T07:40:00","date_gmt":"2025-12-19T10:40:00","guid":{"rendered":"https:\/\/www.soleufilho.com.br\/?p=2822"},"modified":"2025-12-22T18:46:15","modified_gmt":"2025-12-22T21:46:15","slug":"coronel-vicente-da-silva-costa-assume-o-comando-do-batalhao-ferroviario","status":"publish","type":"post","link":"https:\/\/www.soleufilho.com.br\/?p=2822","title":{"rendered":"Coronel Vicente da Silva Costa assume o comando do Batalh\u00e3o Ferrovi\u00e1rio"},"content":{"rendered":"\n<p>Na noite de ter\u00e7a feira, dia 9, o 1\u00ba Batalh\u00e3o Ferrovi\u00e1rio viveu momento marcante, com a solenidade de troca de comando, para oficializar a passagem da chefia do Tenente-Coronel Hudson Machado Moreira ao Tenente-Coronel Vicente da Silva Costa. Prestigiado pelo General de Brigada Bartolomeu Herbert Bezerra de Mello, comandante do 4\u00ba Grupamento de Engenharia, o evento reuniu autoridades militares, pol\u00edticas e civis, familiares e imprensa local. A cerim\u00f4nia iniciou com a inaugura\u00e7\u00e3o do retrato do comandante que encerrou sua gest\u00e3o na galeria de antigos l\u00edderes, seguida da transmiss\u00e3o oficial. Natural de Aquidauana (MS), o novo comandante chega com s\u00f3lida trajet\u00f3ria, forma\u00e7\u00e3o acad\u00eamica e relevantes condecora\u00e7\u00f5es, al\u00e9m do compromisso de manter a\u00e7\u00f5es tradicionais e dar continuidade \u00e0s obras do batalh\u00e3o, portanto, boas-vindas ao Tenente-Coronel Vicente!<\/p>\n\n\n<div class=\"wp-block-image\">\n<figure class=\"aligncenter size-large\"><img loading=\"lazy\" decoding=\"async\" width=\"375\" height=\"500\" src=\"https:\/\/www.soleufilho.com.br\/wp-content\/uploads\/2025\/12\/1-2-375x500.jpeg\" alt=\"\" class=\"wp-image-2827\" srcset=\"https:\/\/www.soleufilho.com.br\/wp-content\/uploads\/2025\/12\/1-2-375x500.jpeg 375w, https:\/\/www.soleufilho.com.br\/wp-content\/uploads\/2025\/12\/1-2-225x300.jpeg 225w, https:\/\/www.soleufilho.com.br\/wp-content\/uploads\/2025\/12\/1-2-768x1024.jpeg 768w, https:\/\/www.soleufilho.com.br\/wp-content\/uploads\/2025\/12\/1-2.jpeg 960w\" sizes=\"auto, (max-width: 375px) 100vw, 375px\" \/><figcaption class=\"wp-element-caption\">Pedro Henrique Maldaner Ghiorzi Cruz, Marilu Maldaner, \u00c9rica Imolas Ferreira, Tenente-coronel Vicente da Silva Costa e Vicente<\/figcaption><\/figure><\/div>\n\n<div class=\"wp-block-image\">\n<figure class=\"aligncenter size-large\"><img loading=\"lazy\" decoding=\"async\" width=\"500\" height=\"333\" src=\"https:\/\/www.soleufilho.com.br\/wp-content\/uploads\/2025\/12\/2-2-500x333.jpeg\" alt=\"\" class=\"wp-image-2824\" srcset=\"https:\/\/www.soleufilho.com.br\/wp-content\/uploads\/2025\/12\/2-2-500x333.jpeg 500w, https:\/\/www.soleufilho.com.br\/wp-content\/uploads\/2025\/12\/2-2-300x200.jpeg 300w, https:\/\/www.soleufilho.com.br\/wp-content\/uploads\/2025\/12\/2-2-768x512.jpeg 768w, https:\/\/www.soleufilho.com.br\/wp-content\/uploads\/2025\/12\/2-2.jpeg 1440w\" sizes=\"auto, (max-width: 500px) 100vw, 500px\" \/><figcaption class=\"wp-element-caption\">Tenente-Coronel Hudson Machado Moreira, Vit\u00f3ria Faltz Moreira e Lel\u00ea<br>Faltz Moreira<\/figcaption><\/figure><\/div>\n\n<div class=\"wp-block-image\">\n<figure class=\"aligncenter size-large\"><img loading=\"lazy\" decoding=\"async\" width=\"375\" height=\"500\" src=\"https:\/\/www.soleufilho.com.br\/wp-content\/uploads\/2025\/12\/3-2-375x500.jpeg\" alt=\"\" class=\"wp-image-2825\" srcset=\"https:\/\/www.soleufilho.com.br\/wp-content\/uploads\/2025\/12\/3-2-375x500.jpeg 375w, https:\/\/www.soleufilho.com.br\/wp-content\/uploads\/2025\/12\/3-2-225x300.jpeg 225w, https:\/\/www.soleufilho.com.br\/wp-content\/uploads\/2025\/12\/3-2-768x1024.jpeg 768w, https:\/\/www.soleufilho.com.br\/wp-content\/uploads\/2025\/12\/3-2.jpeg 960w\" sizes=\"auto, (max-width: 375px) 100vw, 375px\" \/><figcaption class=\"wp-element-caption\">Comandante Tenente-coronel Vicente da Silva Costa e o empres\u00e1rio Osmar Demat\u00e9 que fez quest\u00e3o de prestigiar o evento<\/figcaption><\/figure><\/div>\n\n\n<h2 class=\"wp-block-heading\">Acil \u00e9 reconhecida como destaque estadual<\/h2>\n\n\n\n<p>A Associa\u00e7\u00e3o Comercial e Industrial de Lages foi reconhecida como destaque estadual, no Celebra FACISC 2025, na categoria acima de 1001 associados, pela for\u00e7a da sua comunica\u00e7\u00e3o e engajamento na campanha institucional \u201cA\u00ed me Representa\u201d, que evidenciou de forma clara, moderna e estrat\u00e9gica o valor da representatividade empresarial e o papel da entidade, na defesa dos interesses do setor produtivo. Aplausos \u00e0 Acil e a Sheila Rosa, que \u00e9 a respons\u00e1vel pela Comunica\u00e7\u00e3o da associa\u00e7\u00e3o e empenhou todo esfor\u00e7o, na referida campanha.<\/p>\n\n\n<div class=\"wp-block-image\">\n<figure class=\"aligncenter size-large\"><img loading=\"lazy\" decoding=\"async\" width=\"500\" height=\"282\" src=\"https:\/\/www.soleufilho.com.br\/wp-content\/uploads\/2025\/12\/4-2-500x282.jpeg\" alt=\"\" class=\"wp-image-2826\" srcset=\"https:\/\/www.soleufilho.com.br\/wp-content\/uploads\/2025\/12\/4-2-500x282.jpeg 500w, https:\/\/www.soleufilho.com.br\/wp-content\/uploads\/2025\/12\/4-2-300x169.jpeg 300w, https:\/\/www.soleufilho.com.br\/wp-content\/uploads\/2025\/12\/4-2-768x432.jpeg 768w, https:\/\/www.soleufilho.com.br\/wp-content\/uploads\/2025\/12\/4-2.jpeg 1156w\" sizes=\"auto, (max-width: 500px) 100vw, 500px\" \/><figcaption class=\"wp-element-caption\">Sheila Rosa \u00e9 quem faz a a comunica\u00e7\u00e3o da Acil. Seu empenho foi reconhecido pela FACISC<\/figcaption><\/figure><\/div>\n\n<div class=\"wp-block-image\">\n<figure class=\"aligncenter size-large\"><img loading=\"lazy\" decoding=\"async\" width=\"500\" height=\"282\" src=\"https:\/\/www.soleufilho.com.br\/wp-content\/uploads\/2025\/12\/5-2-500x282.jpeg\" alt=\"\" class=\"wp-image-2823\" srcset=\"https:\/\/www.soleufilho.com.br\/wp-content\/uploads\/2025\/12\/5-2-500x282.jpeg 500w, https:\/\/www.soleufilho.com.br\/wp-content\/uploads\/2025\/12\/5-2-300x169.jpeg 300w, https:\/\/www.soleufilho.com.br\/wp-content\/uploads\/2025\/12\/5-2-768x432.jpeg 768w, https:\/\/www.soleufilho.com.br\/wp-content\/uploads\/2025\/12\/5-2.jpeg 1156w\" sizes=\"auto, (max-width: 500px) 100vw, 500px\" \/><figcaption class=\"wp-element-caption\">O presidente da Acil, Ant\u00f4nio Wiggers com a equipe de colaboradores da Acil, durante o evento que marcou o encerramento das atividades de 2025<\/figcaption><\/figure><\/div>\n\n\n<p><\/p>\n","protected":false},"excerpt":{"rendered":"<p>Na noite de ter\u00e7a feira, dia 9, o 1\u00ba Batalh\u00e3o Ferrovi\u00e1rio viveu momento marcante, com a solenidade de troca de comando, para oficializar a passagem da chefia do Tenente-Coronel Hudson Machado Moreira ao Tenente-Coronel Vicente da Silva Costa. Prestigiado pelo General de Brigada Bartolomeu Herbert Bezerra de Mello, comandante do 4\u00ba Grupamento de Engenharia, o &hellip; <a href=\"https:\/\/www.soleufilho.com.br\/?p=2822\" class=\"more-link\">Continue lendo <span class=\"screen-reader-text\">Coronel Vicente da Silva Costa assume o comando do Batalh\u00e3o Ferrovi\u00e1rio<\/span> <span class=\"meta-nav\">&rarr;<\/span><\/a><\/p>\n","protected":false},"author":1,"featured_media":0,"comment_status":"open","ping_status":"open","sticky":false,"template":"","format":"standard","meta":{"footnotes":""},"categories":[1],"tags":[],"class_list":["post-2822","post","type-post","status-publish","format-standard","hentry","category-uncategorized"],"_links":{"self":[{"href":"https:\/\/www.soleufilho.com.br\/index.php?rest_route=\/wp\/v2\/posts\/2822","targetHints":{"allow":["GET"]}}],"collection":[{"href":"https:\/\/www.soleufilho.com.br\/index.php?rest_route=\/wp\/v2\/posts"}],"about":[{"href":"https:\/\/www.soleufilho.com.br\/index.php?rest_route=\/wp\/v2\/types\/post"}],"author":[{"embeddable":true,"href":"https:\/\/www.soleufilho.com.br\/index.php?rest_route=\/wp\/v2\/users\/1"}],"replies":[{"embeddable":true,"href":"https:\/\/www.soleufilho.com.br\/index.php?rest_route=%2Fwp%2Fv2%2Fcomments&post=2822"}],"version-history":[{"count":1,"href":"https:\/\/www.soleufilho.com.br\/index.php?rest_route=\/wp\/v2\/posts\/2822\/revisions"}],"predecessor-version":[{"id":2828,"href":"https:\/\/www.soleufilho.com.br\/index.php?rest_route=\/wp\/v2\/posts\/2822\/revisions\/2828"}],"wp:attachment":[{"href":"https:\/\/www.soleufilho.com.br\/index.php?rest_route=%2Fwp%2Fv2%2Fmedia&parent=2822"}],"wp:term":[{"taxonomy":"category","embeddable":true,"href":"https:\/\/www.soleufilho.com.br\/index.php?rest_route=%2Fwp%2Fv2%2Fcategories&post=2822"},{"taxonomy":"post_tag","embeddable":true,"href":"https:\/\/www.soleufilho.com.br\/index.php?rest_route=%2Fwp%2Fv2%2Ftags&post=2822"}],"curies":[{"name":"wp","href":"https:\/\/api.w.org\/{rel}","templated":true}]}}