{"id":2829,"date":"2026-01-09T07:00:00","date_gmt":"2026-01-09T10:00:00","guid":{"rendered":"https:\/\/www.soleufilho.com.br\/?p=2829"},"modified":"2026-01-05T16:44:29","modified_gmt":"2026-01-05T19:44:29","slug":"formatura-de-paloma-em-medicina-teve-bela-e-inesquecivel-homenagem","status":"publish","type":"post","link":"https:\/\/www.soleufilho.com.br\/?p=2829","title":{"rendered":"Formatura de Paloma em Medicina, teve bela e inesquec\u00edvel homenagem!"},"content":{"rendered":"\n<p>Em dezembro de 2025, a cidade de Lages foi palco de celebra\u00e7\u00e3o memor\u00e1vel com a formatura de Paloma Ribeiro, agora m\u00e9dica pela Universidade do Planalto Catarinense. O evento, realizado no Serrano T\u00eanis Clube, foi uma verdadeira homenagem ao esfor\u00e7o e dedica\u00e7\u00e3o da jovem profissional.<br>Os pais de Paloma, Michele e Afonso Ribeiro, organizaram recep\u00e7\u00e3o deslumbrante para familiares e amigos, que se reuniram para festejar essa conquista t\u00e3o significativa. A noite foi marcada por emo\u00e7\u00e3o e atmosfera de alegria contagiante, onde cada convidado p\u00f4de compartilhar a felicidade da rec\u00e9m-formada.<br>Os discursos emocionantes e as lembran\u00e7as dos desafios enfrentados durante a jornada acad\u00eamica, trouxeram l\u00e1grimas de alegria aos olhos de muitos. Paloma, cercada pelo amor e apoio de seus familiares, celebrou n\u00e3o apenas sua formatura, mas tamb\u00e9m o in\u00edcio de uma nova fase em sua vida profissional.<br>Foi uma noite inesquec\u00edvel, repleta de gratid\u00e3o e esperan\u00e7a para o futuro, onde Paloma se destaca como nova profissional da sa\u00fade, pronta para fazer a diferen\u00e7a na vida de muitas pessoas. Aplausos, Paloma! (As fotos foram registradas pelo colunista).<\/p>\n\n\n<div class=\"wp-block-image\">\n<figure class=\"aligncenter size-large is-resized\"><img loading=\"lazy\" decoding=\"async\" width=\"281\" height=\"500\" src=\"https:\/\/www.soleufilho.com.br\/wp-content\/uploads\/2026\/01\/1-281x500.jpeg\" alt=\"\" class=\"wp-image-2840\" style=\"width:280px;height:auto\" srcset=\"https:\/\/www.soleufilho.com.br\/wp-content\/uploads\/2026\/01\/1-281x500.jpeg 281w, https:\/\/www.soleufilho.com.br\/wp-content\/uploads\/2026\/01\/1-169x300.jpeg 169w, https:\/\/www.soleufilho.com.br\/wp-content\/uploads\/2026\/01\/1-768x1366.jpeg 768w, https:\/\/www.soleufilho.com.br\/wp-content\/uploads\/2026\/01\/1-864x1536.jpeg 864w, https:\/\/www.soleufilho.com.br\/wp-content\/uploads\/2026\/01\/1.jpeg 899w\" sizes=\"auto, (max-width: 281px) 100vw, 281px\" \/><figcaption class=\"wp-element-caption\">Paloma Schurmann Ribeiro, nas festividades pela sua cola\u00e7\u00e3o de grau, em Medicina<\/figcaption><\/figure><\/div>\n\n<div class=\"wp-block-image\">\n<figure class=\"aligncenter size-large\"><img loading=\"lazy\" decoding=\"async\" width=\"281\" height=\"500\" src=\"https:\/\/www.soleufilho.com.br\/wp-content\/uploads\/2026\/01\/2-281x500.jpeg\" alt=\"\" class=\"wp-image-2838\" srcset=\"https:\/\/www.soleufilho.com.br\/wp-content\/uploads\/2026\/01\/2-281x500.jpeg 281w, https:\/\/www.soleufilho.com.br\/wp-content\/uploads\/2026\/01\/2-169x300.jpeg 169w, https:\/\/www.soleufilho.com.br\/wp-content\/uploads\/2026\/01\/2.jpeg 720w\" sizes=\"auto, (max-width: 281px) 100vw, 281px\" \/><figcaption class=\"wp-element-caption\">Michele, Marcela, Paloma e Afonso Ribeiro<\/figcaption><\/figure><\/div>\n\n<div class=\"wp-block-image\">\n<figure class=\"aligncenter size-large\"><img loading=\"lazy\" decoding=\"async\" width=\"500\" height=\"281\" src=\"https:\/\/www.soleufilho.com.br\/wp-content\/uploads\/2026\/01\/3-500x281.jpeg\" alt=\"\" class=\"wp-image-2839\" srcset=\"https:\/\/www.soleufilho.com.br\/wp-content\/uploads\/2026\/01\/3-500x281.jpeg 500w, https:\/\/www.soleufilho.com.br\/wp-content\/uploads\/2026\/01\/3-300x169.jpeg 300w, https:\/\/www.soleufilho.com.br\/wp-content\/uploads\/2026\/01\/3-768x432.jpeg 768w, https:\/\/www.soleufilho.com.br\/wp-content\/uploads\/2026\/01\/3-1536x864.jpeg 1536w, https:\/\/www.soleufilho.com.br\/wp-content\/uploads\/2026\/01\/3.jpeg 1599w\" sizes=\"auto, (max-width: 500px) 100vw, 500px\" \/><figcaption class=\"wp-element-caption\">Maria Benta Heidrich, Maria Em\u00edlia Furnaletto Koeche, Telma Della Rocca, Iara Fava, Jane Specth Schurmann e Bebel Vieira<\/figcaption><\/figure><\/div>\n\n<div class=\"wp-block-image\">\n<figure class=\"aligncenter size-large\"><img loading=\"lazy\" decoding=\"async\" width=\"500\" height=\"281\" src=\"https:\/\/www.soleufilho.com.br\/wp-content\/uploads\/2026\/01\/4-500x281.jpeg\" alt=\"\" class=\"wp-image-2836\" srcset=\"https:\/\/www.soleufilho.com.br\/wp-content\/uploads\/2026\/01\/4-500x281.jpeg 500w, https:\/\/www.soleufilho.com.br\/wp-content\/uploads\/2026\/01\/4-300x169.jpeg 300w, https:\/\/www.soleufilho.com.br\/wp-content\/uploads\/2026\/01\/4-768x432.jpeg 768w, https:\/\/www.soleufilho.com.br\/wp-content\/uploads\/2026\/01\/4-1536x864.jpeg 1536w, https:\/\/www.soleufilho.com.br\/wp-content\/uploads\/2026\/01\/4.jpeg 1599w\" sizes=\"auto, (max-width: 500px) 100vw, 500px\" \/><figcaption class=\"wp-element-caption\">Gino Della Rocca, Adroaldo Furtado, Pedro Schurmann, Dalter Koeche, Luiz Carlos Fava, Afonso Ribeiro e Rafael Vieira<\/figcaption><\/figure><\/div>\n\n<div class=\"wp-block-image\">\n<figure class=\"aligncenter size-large\"><img loading=\"lazy\" decoding=\"async\" width=\"281\" height=\"500\" src=\"https:\/\/www.soleufilho.com.br\/wp-content\/uploads\/2026\/01\/5-281x500.jpeg\" alt=\"\" class=\"wp-image-2837\" srcset=\"https:\/\/www.soleufilho.com.br\/wp-content\/uploads\/2026\/01\/5-281x500.jpeg 281w, https:\/\/www.soleufilho.com.br\/wp-content\/uploads\/2026\/01\/5-169x300.jpeg 169w, https:\/\/www.soleufilho.com.br\/wp-content\/uploads\/2026\/01\/5-768x1366.jpeg 768w, https:\/\/www.soleufilho.com.br\/wp-content\/uploads\/2026\/01\/5-864x1536.jpeg 864w, https:\/\/www.soleufilho.com.br\/wp-content\/uploads\/2026\/01\/5.jpeg 899w\" sizes=\"auto, (max-width: 281px) 100vw, 281px\" \/><figcaption class=\"wp-element-caption\">Alice, Mait\u00ea e Pedro Erwing Schurmann<\/figcaption><\/figure><\/div>\n\n<div class=\"wp-block-image\">\n<figure class=\"aligncenter size-large\"><img loading=\"lazy\" decoding=\"async\" width=\"500\" height=\"281\" src=\"https:\/\/www.soleufilho.com.br\/wp-content\/uploads\/2026\/01\/6-500x281.jpeg\" alt=\"\" class=\"wp-image-2835\" srcset=\"https:\/\/www.soleufilho.com.br\/wp-content\/uploads\/2026\/01\/6-500x281.jpeg 500w, https:\/\/www.soleufilho.com.br\/wp-content\/uploads\/2026\/01\/6-300x169.jpeg 300w, https:\/\/www.soleufilho.com.br\/wp-content\/uploads\/2026\/01\/6-768x432.jpeg 768w, https:\/\/www.soleufilho.com.br\/wp-content\/uploads\/2026\/01\/6-1536x864.jpeg 1536w, https:\/\/www.soleufilho.com.br\/wp-content\/uploads\/2026\/01\/6.jpeg 1599w\" sizes=\"auto, (max-width: 500px) 100vw, 500px\" \/><figcaption class=\"wp-element-caption\">Paloma Ribeiro, Dalcir e Carmen Pilatti<\/figcaption><\/figure><\/div>\n\n<div class=\"wp-block-image\">\n<figure class=\"aligncenter size-large\"><img loading=\"lazy\" decoding=\"async\" width=\"281\" height=\"500\" src=\"https:\/\/www.soleufilho.com.br\/wp-content\/uploads\/2026\/01\/7-281x500.jpeg\" alt=\"\" class=\"wp-image-2834\" srcset=\"https:\/\/www.soleufilho.com.br\/wp-content\/uploads\/2026\/01\/7-281x500.jpeg 281w, https:\/\/www.soleufilho.com.br\/wp-content\/uploads\/2026\/01\/7-169x300.jpeg 169w, https:\/\/www.soleufilho.com.br\/wp-content\/uploads\/2026\/01\/7-768x1366.jpeg 768w, https:\/\/www.soleufilho.com.br\/wp-content\/uploads\/2026\/01\/7-864x1536.jpeg 864w, https:\/\/www.soleufilho.com.br\/wp-content\/uploads\/2026\/01\/7.jpeg 899w\" sizes=\"auto, (max-width: 281px) 100vw, 281px\" \/><figcaption class=\"wp-element-caption\">Isa Andrade, Maria Ang\u00e9lica Colombo e Rita Amaral<\/figcaption><\/figure><\/div>\n\n<div class=\"wp-block-image\">\n<figure class=\"aligncenter size-large\"><img loading=\"lazy\" decoding=\"async\" width=\"281\" height=\"500\" src=\"https:\/\/www.soleufilho.com.br\/wp-content\/uploads\/2026\/01\/8-281x500.jpeg\" alt=\"\" class=\"wp-image-2831\" srcset=\"https:\/\/www.soleufilho.com.br\/wp-content\/uploads\/2026\/01\/8-281x500.jpeg 281w, https:\/\/www.soleufilho.com.br\/wp-content\/uploads\/2026\/01\/8-169x300.jpeg 169w, https:\/\/www.soleufilho.com.br\/wp-content\/uploads\/2026\/01\/8-768x1366.jpeg 768w, https:\/\/www.soleufilho.com.br\/wp-content\/uploads\/2026\/01\/8-864x1536.jpeg 864w, https:\/\/www.soleufilho.com.br\/wp-content\/uploads\/2026\/01\/8.jpeg 899w\" sizes=\"auto, (max-width: 281px) 100vw, 281px\" \/><figcaption class=\"wp-element-caption\">Vicente e Eda Ribeiro<\/figcaption><\/figure><\/div>\n\n<div class=\"wp-block-image\">\n<figure class=\"aligncenter size-large\"><img loading=\"lazy\" decoding=\"async\" width=\"281\" height=\"500\" src=\"https:\/\/www.soleufilho.com.br\/wp-content\/uploads\/2026\/01\/9-281x500.jpeg\" alt=\"\" class=\"wp-image-2833\" srcset=\"https:\/\/www.soleufilho.com.br\/wp-content\/uploads\/2026\/01\/9-281x500.jpeg 281w, https:\/\/www.soleufilho.com.br\/wp-content\/uploads\/2026\/01\/9-169x300.jpeg 169w, https:\/\/www.soleufilho.com.br\/wp-content\/uploads\/2026\/01\/9-768x1366.jpeg 768w, https:\/\/www.soleufilho.com.br\/wp-content\/uploads\/2026\/01\/9-864x1536.jpeg 864w, https:\/\/www.soleufilho.com.br\/wp-content\/uploads\/2026\/01\/9.jpeg 899w\" sizes=\"auto, (max-width: 281px) 100vw, 281px\" \/><figcaption class=\"wp-element-caption\">Alex Zechini e Rafaela Borges Ribeiro<\/figcaption><\/figure><\/div>\n\n<div class=\"wp-block-image\">\n<figure class=\"aligncenter size-large\"><img loading=\"lazy\" decoding=\"async\" width=\"281\" height=\"500\" src=\"https:\/\/www.soleufilho.com.br\/wp-content\/uploads\/2026\/01\/10-281x500.jpeg\" alt=\"\" class=\"wp-image-2832\" srcset=\"https:\/\/www.soleufilho.com.br\/wp-content\/uploads\/2026\/01\/10-281x500.jpeg 281w, https:\/\/www.soleufilho.com.br\/wp-content\/uploads\/2026\/01\/10-169x300.jpeg 169w, https:\/\/www.soleufilho.com.br\/wp-content\/uploads\/2026\/01\/10-768x1366.jpeg 768w, https:\/\/www.soleufilho.com.br\/wp-content\/uploads\/2026\/01\/10-864x1536.jpeg 864w, https:\/\/www.soleufilho.com.br\/wp-content\/uploads\/2026\/01\/10.jpeg 899w\" sizes=\"auto, (max-width: 281px) 100vw, 281px\" \/><figcaption class=\"wp-element-caption\">Sandra e D\u00e9cio Ribeiro<\/figcaption><\/figure><\/div>\n\n<div class=\"wp-block-image\">\n<figure class=\"aligncenter size-large\"><img loading=\"lazy\" decoding=\"async\" width=\"500\" height=\"281\" src=\"https:\/\/www.soleufilho.com.br\/wp-content\/uploads\/2026\/01\/11-500x281.jpeg\" alt=\"\" class=\"wp-image-2830\" srcset=\"https:\/\/www.soleufilho.com.br\/wp-content\/uploads\/2026\/01\/11-500x281.jpeg 500w, https:\/\/www.soleufilho.com.br\/wp-content\/uploads\/2026\/01\/11-300x169.jpeg 300w, https:\/\/www.soleufilho.com.br\/wp-content\/uploads\/2026\/01\/11-768x432.jpeg 768w, https:\/\/www.soleufilho.com.br\/wp-content\/uploads\/2026\/01\/11-1536x864.jpeg 1536w, https:\/\/www.soleufilho.com.br\/wp-content\/uploads\/2026\/01\/11.jpeg 1599w\" sizes=\"auto, (max-width: 500px) 100vw, 500px\" \/><figcaption class=\"wp-element-caption\">Guilherme Andrade e Fran, D\u00e9bora e Edson Colombo<\/figcaption><\/figure><\/div>","protected":false},"excerpt":{"rendered":"<p>Em dezembro de 2025, a cidade de Lages foi palco de celebra\u00e7\u00e3o memor\u00e1vel com a formatura de Paloma Ribeiro, agora m\u00e9dica pela Universidade do Planalto Catarinense. O evento, realizado no Serrano T\u00eanis Clube, foi uma verdadeira homenagem ao esfor\u00e7o e dedica\u00e7\u00e3o da jovem profissional.Os pais de Paloma, Michele e Afonso Ribeiro, organizaram recep\u00e7\u00e3o deslumbrante para &hellip; <a href=\"https:\/\/www.soleufilho.com.br\/?p=2829\" class=\"more-link\">Continue lendo <span class=\"screen-reader-text\">Formatura de Paloma em Medicina, teve bela e inesquec\u00edvel homenagem!<\/span> <span class=\"meta-nav\">&rarr;<\/span><\/a><\/p>\n","protected":false},"author":1,"featured_media":0,"comment_status":"open","ping_status":"open","sticky":false,"template":"","format":"standard","meta":{"footnotes":""},"categories":[1],"tags":[],"class_list":["post-2829","post","type-post","status-publish","format-standard","hentry","category-uncategorized"],"_links":{"self":[{"href":"https:\/\/www.soleufilho.com.br\/index.php?rest_route=\/wp\/v2\/posts\/2829","targetHints":{"allow":["GET"]}}],"collection":[{"href":"https:\/\/www.soleufilho.com.br\/index.php?rest_route=\/wp\/v2\/posts"}],"about":[{"href":"https:\/\/www.soleufilho.com.br\/index.php?rest_route=\/wp\/v2\/types\/post"}],"author":[{"embeddable":true,"href":"https:\/\/www.soleufilho.com.br\/index.php?rest_route=\/wp\/v2\/users\/1"}],"replies":[{"embeddable":true,"href":"https:\/\/www.soleufilho.com.br\/index.php?rest_route=%2Fwp%2Fv2%2Fcomments&post=2829"}],"version-history":[{"count":1,"href":"https:\/\/www.soleufilho.com.br\/index.php?rest_route=\/wp\/v2\/posts\/2829\/revisions"}],"predecessor-version":[{"id":2841,"href":"https:\/\/www.soleufilho.com.br\/index.php?rest_route=\/wp\/v2\/posts\/2829\/revisions\/2841"}],"wp:attachment":[{"href":"https:\/\/www.soleufilho.com.br\/index.php?rest_route=%2Fwp%2Fv2%2Fmedia&parent=2829"}],"wp:term":[{"taxonomy":"category","embeddable":true,"href":"https:\/\/www.soleufilho.com.br\/index.php?rest_route=%2Fwp%2Fv2%2Fcategories&post=2829"},{"taxonomy":"post_tag","embeddable":true,"href":"https:\/\/www.soleufilho.com.br\/index.php?rest_route=%2Fwp%2Fv2%2Ftags&post=2829"}],"curies":[{"name":"wp","href":"https:\/\/api.w.org\/{rel}","templated":true}]}}