{"id":2842,"date":"2026-01-16T07:10:00","date_gmt":"2026-01-16T10:10:00","guid":{"rendered":"https:\/\/www.soleufilho.com.br\/?p=2842"},"modified":"2026-01-16T16:56:26","modified_gmt":"2026-01-16T19:56:26","slug":"formatura-de-maria-cristina-em-medicina-teve-bela-comemoracao","status":"publish","type":"post","link":"https:\/\/www.soleufilho.com.br\/?p=2842","title":{"rendered":"Formatura de Maria Cristina, em Medicina, teve bela comemora\u00e7\u00e3o!"},"content":{"rendered":"\n<p>Familiares e amigos celebraram, em dezembro de 2025, com jantar em grande estilo, a formatura no Curso de Medicina, pela Universidade do Planalto Catarinense, de Maria Cristina Marques Zamban, filha de Adriana e Zenor Jos\u00e9 Zamban J\u00fanior.<br>O bonito evento teve momento marcado por emo\u00e7\u00e3o, beleza e sofistica\u00e7\u00e3o.<br>Os festejos ocorreram no tradicional Restaurante Cansian Zamban, da fam\u00edlia, tornando a ocasi\u00e3o ainda mais especial.<br>Os av\u00f3s N\u00e1dia e Zenor acompanharam de perto cada detalhe da celebra\u00e7\u00e3o, cuidando pessoalmente para que tudo ocorresse impec\u00e1vel e, visivelmente emocionados e orgulhosos pela conquista da neta, ambos n\u00e3o faziam quest\u00e3o de esconder a alegria. \u201cHoje \u00e9 um dia muito especial para nossa fam\u00edlia\u201d, dizia o casal, enquanto recebia os cumprimentos pela formatura da neta.<br>A decora\u00e7\u00e3o, assinada pela talentosa designer Marilu Maldaner, da Marilu Decora\u00e7\u00e3o e Eventos, seguiu fielmente o desejo da formanda: elegante paleta, em tons de verde e terrosos trouxeram harmonia e personalidade ao ambiente. O romantismo dos candelabros, aliado \u00e0 presen\u00e7a marcante da madeira, constituiu-se em escolha perfeita, conferindo charme, acolhimento e sensibilidade \u00e0 identidade da recente m\u00e9dica.<br>Os belos registros fotogr\u00e1ficos ficaram por conta de La\u00eds Nunes, eternizando cada detalhe dessa noite inesquec\u00edvel. Aplausos, Maria Cristina!<\/p>\n\n\n<div class=\"wp-block-image\">\n<figure class=\"aligncenter size-large\"><img loading=\"lazy\" decoding=\"async\" width=\"331\" height=\"500\" src=\"https:\/\/www.soleufilho.com.br\/wp-content\/uploads\/2026\/01\/1-1-331x500.jpeg\" alt=\"\" class=\"wp-image-2850\" srcset=\"https:\/\/www.soleufilho.com.br\/wp-content\/uploads\/2026\/01\/1-1-331x500.jpeg 331w, https:\/\/www.soleufilho.com.br\/wp-content\/uploads\/2026\/01\/1-1-199x300.jpeg 199w, https:\/\/www.soleufilho.com.br\/wp-content\/uploads\/2026\/01\/1-1-768x1160.jpeg 768w, https:\/\/www.soleufilho.com.br\/wp-content\/uploads\/2026\/01\/1-1.jpeg 816w\" sizes=\"auto, (max-width: 331px) 100vw, 331px\" \/><figcaption class=\"wp-element-caption\">Maria Cristina Marques Zamban comemora sua formatura em Medicina<\/figcaption><\/figure><\/div>\n\n<div class=\"wp-block-image\">\n<figure class=\"aligncenter size-large\"><img loading=\"lazy\" decoding=\"async\" width=\"500\" height=\"331\" src=\"https:\/\/www.soleufilho.com.br\/wp-content\/uploads\/2026\/01\/2-1-500x331.jpeg\" alt=\"\" class=\"wp-image-2846\" srcset=\"https:\/\/www.soleufilho.com.br\/wp-content\/uploads\/2026\/01\/2-1-500x331.jpeg 500w, https:\/\/www.soleufilho.com.br\/wp-content\/uploads\/2026\/01\/2-1-300x199.jpeg 300w, https:\/\/www.soleufilho.com.br\/wp-content\/uploads\/2026\/01\/2-1-768x508.jpeg 768w, https:\/\/www.soleufilho.com.br\/wp-content\/uploads\/2026\/01\/2-1.jpeg 1280w\" sizes=\"auto, (max-width: 500px) 100vw, 500px\" \/><figcaption class=\"wp-element-caption\">Adriana, Luiz Pedro, Maria Cristina, Maria Carolina, Zenor Jos\u00e9 Zamban J\u00fanior, pais e irm\u00e3os de Maria Cristina<\/figcaption><\/figure><\/div>\n\n<div class=\"wp-block-image\">\n<figure class=\"aligncenter size-large\"><img loading=\"lazy\" decoding=\"async\" width=\"331\" height=\"500\" src=\"https:\/\/www.soleufilho.com.br\/wp-content\/uploads\/2026\/01\/3-1-331x500.jpeg\" alt=\"\" class=\"wp-image-2849\" srcset=\"https:\/\/www.soleufilho.com.br\/wp-content\/uploads\/2026\/01\/3-1-331x500.jpeg 331w, https:\/\/www.soleufilho.com.br\/wp-content\/uploads\/2026\/01\/3-1-199x300.jpeg 199w, https:\/\/www.soleufilho.com.br\/wp-content\/uploads\/2026\/01\/3-1.jpeg 755w\" sizes=\"auto, (max-width: 331px) 100vw, 331px\" \/><figcaption class=\"wp-element-caption\">N\u00e1dia Ang\u00e9lica Cansian Zamban, Maria Cristina, Zenor Jos\u00e9 Zamban. N\u00e1dia e Zenor s\u00e3o os av\u00f3s paternos de Maria Cristina<\/figcaption><\/figure><\/div>\n\n\n<h2 class=\"wp-block-heading\">Mais!<\/h2>\n\n\n<div class=\"wp-block-image\">\n<figure class=\"aligncenter size-large\"><img loading=\"lazy\" decoding=\"async\" width=\"333\" height=\"500\" src=\"https:\/\/www.soleufilho.com.br\/wp-content\/uploads\/2026\/01\/4-1-333x500.jpeg\" alt=\"\" class=\"wp-image-2847\" srcset=\"https:\/\/www.soleufilho.com.br\/wp-content\/uploads\/2026\/01\/4-1-333x500.jpeg 333w, https:\/\/www.soleufilho.com.br\/wp-content\/uploads\/2026\/01\/4-1-200x300.jpeg 200w, https:\/\/www.soleufilho.com.br\/wp-content\/uploads\/2026\/01\/4-1-768x1153.jpeg 768w, https:\/\/www.soleufilho.com.br\/wp-content\/uploads\/2026\/01\/4-1-1023x1536.jpeg 1023w, https:\/\/www.soleufilho.com.br\/wp-content\/uploads\/2026\/01\/4-1.jpeg 1066w\" sizes=\"auto, (max-width: 333px) 100vw, 333px\" \/><figcaption class=\"wp-element-caption\">A joaquinense Katary Paim e o litor\u00e2neo Paulo Gekas contra\u00edram n\u00fapcias recentemente, no famoso Bistr\u00f4 Jardim das Pedras, em Bom Jardim da Serra. Foi cerim\u00f4nia intimista e muito animada, banhada a vinhos e espumantes da regi\u00e3o, al\u00e9m de muita m\u00fasica e o belo p\u00f4r do sol<\/figcaption><\/figure><\/div>\n\n<div class=\"wp-block-image\">\n<figure class=\"aligncenter size-large\"><img loading=\"lazy\" decoding=\"async\" width=\"281\" height=\"500\" src=\"https:\/\/www.soleufilho.com.br\/wp-content\/uploads\/2026\/01\/5-1-281x500.jpeg\" alt=\"\" class=\"wp-image-2848\" srcset=\"https:\/\/www.soleufilho.com.br\/wp-content\/uploads\/2026\/01\/5-1-281x500.jpeg 281w, https:\/\/www.soleufilho.com.br\/wp-content\/uploads\/2026\/01\/5-1-169x300.jpeg 169w, https:\/\/www.soleufilho.com.br\/wp-content\/uploads\/2026\/01\/5-1.jpeg 720w\" sizes=\"auto, (max-width: 281px) 100vw, 281px\" \/><figcaption class=\"wp-element-caption\">Michele Pontes e o desembargador Gerson Cherem curtindo f\u00e9rias, em Mil\u00e3o<\/figcaption><\/figure><\/div>\n\n<div class=\"wp-block-image\">\n<figure class=\"aligncenter size-large\"><img loading=\"lazy\" decoding=\"async\" width=\"281\" height=\"500\" src=\"https:\/\/www.soleufilho.com.br\/wp-content\/uploads\/2026\/01\/6-1-281x500.jpeg\" alt=\"\" class=\"wp-image-2845\" srcset=\"https:\/\/www.soleufilho.com.br\/wp-content\/uploads\/2026\/01\/6-1-281x500.jpeg 281w, https:\/\/www.soleufilho.com.br\/wp-content\/uploads\/2026\/01\/6-1-169x300.jpeg 169w, https:\/\/www.soleufilho.com.br\/wp-content\/uploads\/2026\/01\/6-1.jpeg 720w\" sizes=\"auto, (max-width: 281px) 100vw, 281px\" \/><figcaption class=\"wp-element-caption\">Dia dois de dezembro de 2025 foi o dia de celebrar a vida do lageano Marco Ant\u00f4nio Vaccaro, jovem engenheiro que completou 31 anos, irradiando compet\u00eancia e prop\u00f3sito! Parab\u00e9ns ao aniversariante!<\/figcaption><\/figure><\/div>\n\n<div class=\"wp-block-image\">\n<figure class=\"aligncenter size-large\"><img loading=\"lazy\" decoding=\"async\" width=\"281\" height=\"500\" src=\"https:\/\/www.soleufilho.com.br\/wp-content\/uploads\/2026\/01\/7-1-281x500.jpeg\" alt=\"\" class=\"wp-image-2843\" srcset=\"https:\/\/www.soleufilho.com.br\/wp-content\/uploads\/2026\/01\/7-1-281x500.jpeg 281w, https:\/\/www.soleufilho.com.br\/wp-content\/uploads\/2026\/01\/7-1-169x300.jpeg 169w, https:\/\/www.soleufilho.com.br\/wp-content\/uploads\/2026\/01\/7-1-768x1366.jpeg 768w, https:\/\/www.soleufilho.com.br\/wp-content\/uploads\/2026\/01\/7-1-864x1536.jpeg 864w, https:\/\/www.soleufilho.com.br\/wp-content\/uploads\/2026\/01\/7-1.jpeg 899w\" sizes=\"auto, (max-width: 281px) 100vw, 281px\" \/><figcaption class=\"wp-element-caption\">Vicente e Eda Ribeiro prestigiaram recentemente, bonito evento social, em Lages<\/figcaption><\/figure><\/div>\n\n<div class=\"wp-block-image\">\n<figure class=\"aligncenter size-large\"><img loading=\"lazy\" decoding=\"async\" width=\"281\" height=\"500\" src=\"https:\/\/www.soleufilho.com.br\/wp-content\/uploads\/2026\/01\/8-1-281x500.jpeg\" alt=\"\" class=\"wp-image-2844\" srcset=\"https:\/\/www.soleufilho.com.br\/wp-content\/uploads\/2026\/01\/8-1-281x500.jpeg 281w, https:\/\/www.soleufilho.com.br\/wp-content\/uploads\/2026\/01\/8-1-169x300.jpeg 169w, https:\/\/www.soleufilho.com.br\/wp-content\/uploads\/2026\/01\/8-1-768x1366.jpeg 768w, https:\/\/www.soleufilho.com.br\/wp-content\/uploads\/2026\/01\/8-1-864x1536.jpeg 864w, https:\/\/www.soleufilho.com.br\/wp-content\/uploads\/2026\/01\/8-1.jpeg 899w\" sizes=\"auto, (max-width: 281px) 100vw, 281px\" \/><figcaption class=\"wp-element-caption\">Alex Zechini e Rafaela Borges Ribeiro, recentemente, nos sal\u00f5es do Serrano T\u00eanis Clube<\/figcaption><\/figure><\/div>\n\n\n<p><\/p>\n","protected":false},"excerpt":{"rendered":"<p>Familiares e amigos celebraram, em dezembro de 2025, com jantar em grande estilo, a formatura no Curso de Medicina, pela Universidade do Planalto Catarinense, de Maria Cristina Marques Zamban, filha de Adriana e Zenor Jos\u00e9 Zamban J\u00fanior.O bonito evento teve momento marcado por emo\u00e7\u00e3o, beleza e sofistica\u00e7\u00e3o.Os festejos ocorreram no tradicional Restaurante Cansian Zamban, da &hellip; <a href=\"https:\/\/www.soleufilho.com.br\/?p=2842\" class=\"more-link\">Continue lendo <span class=\"screen-reader-text\">Formatura de Maria Cristina, em Medicina, teve bela comemora\u00e7\u00e3o!<\/span> <span class=\"meta-nav\">&rarr;<\/span><\/a><\/p>\n","protected":false},"author":1,"featured_media":0,"comment_status":"open","ping_status":"open","sticky":false,"template":"","format":"standard","meta":{"footnotes":""},"categories":[1],"tags":[],"class_list":["post-2842","post","type-post","status-publish","format-standard","hentry","category-uncategorized"],"_links":{"self":[{"href":"https:\/\/www.soleufilho.com.br\/index.php?rest_route=\/wp\/v2\/posts\/2842","targetHints":{"allow":["GET"]}}],"collection":[{"href":"https:\/\/www.soleufilho.com.br\/index.php?rest_route=\/wp\/v2\/posts"}],"about":[{"href":"https:\/\/www.soleufilho.com.br\/index.php?rest_route=\/wp\/v2\/types\/post"}],"author":[{"embeddable":true,"href":"https:\/\/www.soleufilho.com.br\/index.php?rest_route=\/wp\/v2\/users\/1"}],"replies":[{"embeddable":true,"href":"https:\/\/www.soleufilho.com.br\/index.php?rest_route=%2Fwp%2Fv2%2Fcomments&post=2842"}],"version-history":[{"count":1,"href":"https:\/\/www.soleufilho.com.br\/index.php?rest_route=\/wp\/v2\/posts\/2842\/revisions"}],"predecessor-version":[{"id":2851,"href":"https:\/\/www.soleufilho.com.br\/index.php?rest_route=\/wp\/v2\/posts\/2842\/revisions\/2851"}],"wp:attachment":[{"href":"https:\/\/www.soleufilho.com.br\/index.php?rest_route=%2Fwp%2Fv2%2Fmedia&parent=2842"}],"wp:term":[{"taxonomy":"category","embeddable":true,"href":"https:\/\/www.soleufilho.com.br\/index.php?rest_route=%2Fwp%2Fv2%2Fcategories&post=2842"},{"taxonomy":"post_tag","embeddable":true,"href":"https:\/\/www.soleufilho.com.br\/index.php?rest_route=%2Fwp%2Fv2%2Ftags&post=2842"}],"curies":[{"name":"wp","href":"https:\/\/api.w.org\/{rel}","templated":true}]}}