{"id":2853,"date":"2026-01-30T07:11:00","date_gmt":"2026-01-30T10:11:00","guid":{"rendered":"https:\/\/www.soleufilho.com.br\/?p=2853"},"modified":"2026-01-29T11:15:33","modified_gmt":"2026-01-29T14:15:33","slug":"fernando-leao-retorna-a-lages-sua-terra-onde-o-cineasta-pretende-realizar-muitos-projetos","status":"publish","type":"post","link":"https:\/\/www.soleufilho.com.br\/?p=2853","title":{"rendered":"Fernando Le\u00e3o retorna a Lages, sua terra, onde o cineasta pretende realizar muitos projetos!"},"content":{"rendered":"\n<p>Professor, cineasta e jornalista Fernando Le\u00e3o est\u00e1 de volta a Lages, depois de 13 anos. Servidor do Instituto Federal desde 2012, retorna para sua cidade natal para trabalhar no Instituto Federal de Santa Catarina C\u00e2mpus Lages, depois de ter passado por Ibirub\u00e1, Vacaria e Santo Ant\u00f4nio de Jesus, na Bahia. A ideia \u00e9 tamb\u00e9m retomar seus projetos de cinema que ficaram engavetados e uma nova pesquisa que tomou conta de sua vida: a descoberta de Jos\u00e9 Joaquim de Campos Le\u00e3o Qorpo-Santo, primo sexto do autor, considerado o precursor do Teatro do Absurdo no Brasil. O cineasta j\u00e1 deixou v\u00e1rias marcas no cinema lageano, atrav\u00e9s de trabalhos que foram muito elogiados pelo p\u00fablico, como por exemplo Irm\u00e3os Canozzi, Morte no Caveiras, Sebinca Christo e Da Serra ao Serid\u00f3, entre outros, que al\u00e9m desses, est\u00e3o dispon\u00edveis no Youtube! Lageano por nascimento, o bom filho \u00e0 casa torna!<\/p>\n\n\n<div class=\"wp-block-image\">\n<figure class=\"aligncenter size-large\"><img loading=\"lazy\" decoding=\"async\" width=\"500\" height=\"281\" src=\"https:\/\/www.soleufilho.com.br\/wp-content\/uploads\/2026\/01\/1-2-500x281.jpeg\" alt=\"\" class=\"wp-image-2860\" srcset=\"https:\/\/www.soleufilho.com.br\/wp-content\/uploads\/2026\/01\/1-2-500x281.jpeg 500w, https:\/\/www.soleufilho.com.br\/wp-content\/uploads\/2026\/01\/1-2-300x169.jpeg 300w, https:\/\/www.soleufilho.com.br\/wp-content\/uploads\/2026\/01\/1-2-768x432.jpeg 768w, https:\/\/www.soleufilho.com.br\/wp-content\/uploads\/2026\/01\/1-2-1536x864.jpeg 1536w, https:\/\/www.soleufilho.com.br\/wp-content\/uploads\/2026\/01\/1-2.jpeg 1600w\" sizes=\"auto, (max-width: 500px) 100vw, 500px\" \/><figcaption class=\"wp-element-caption\">Fernando Le\u00e3o iniciou no Instituto Federal do Rio Grande do Sul, Campus Ibirub\u00e1, depois foi para o IFRS Campus Vacaria. Passou pelo Instituto Federal Bahia, Campus Santo Ant\u00f4nio de Jesus e atualmente est\u00e1 IFSC, Campus Lages<\/figcaption><\/figure><\/div>\n\n\n<h2 class=\"wp-block-heading\">E Mais!<\/h2>\n\n\n<div class=\"wp-block-image\">\n<figure class=\"aligncenter size-large\"><img loading=\"lazy\" decoding=\"async\" width=\"500\" height=\"371\" src=\"https:\/\/www.soleufilho.com.br\/wp-content\/uploads\/2026\/01\/2-2-500x371.jpeg\" alt=\"\" class=\"wp-image-2856\" srcset=\"https:\/\/www.soleufilho.com.br\/wp-content\/uploads\/2026\/01\/2-2-500x371.jpeg 500w, https:\/\/www.soleufilho.com.br\/wp-content\/uploads\/2026\/01\/2-2-300x223.jpeg 300w, https:\/\/www.soleufilho.com.br\/wp-content\/uploads\/2026\/01\/2-2-768x570.jpeg 768w, https:\/\/www.soleufilho.com.br\/wp-content\/uploads\/2026\/01\/2-2.jpeg 1042w\" sizes=\"auto, (max-width: 500px) 100vw, 500px\" \/><figcaption class=\"wp-element-caption\">No bonito o Casamento de Annabella Ghiorzi e Rafael Cruz na Capela S\u00e3o Jos\u00e9 do La Salle, em Canoas, no \u00faltimo s\u00e1bado dia 24, Fernando Henrique Maldaner Ghiorzi de Arruda, Maria Tereza Maldaner Ghiorzi, Annabella Ghiorzi, Rafael Cruz, Marilu Maldaner, Pedro Henrique Maldaner Ghiorzi Cruz e Ruy Carlos Machado Ghiorzi. \u201cFoi um evento lindo!\u201d, diz a decoradora Marilu Maldaner<\/figcaption><\/figure><\/div>\n\n<div class=\"wp-block-image\">\n<figure class=\"aligncenter size-large\"><img loading=\"lazy\" decoding=\"async\" width=\"281\" height=\"500\" src=\"https:\/\/www.soleufilho.com.br\/wp-content\/uploads\/2026\/01\/3-2-281x500.jpeg\" alt=\"\" class=\"wp-image-2859\" srcset=\"https:\/\/www.soleufilho.com.br\/wp-content\/uploads\/2026\/01\/3-2-281x500.jpeg 281w, https:\/\/www.soleufilho.com.br\/wp-content\/uploads\/2026\/01\/3-2-169x300.jpeg 169w, https:\/\/www.soleufilho.com.br\/wp-content\/uploads\/2026\/01\/3-2.jpeg 720w\" sizes=\"auto, (max-width: 281px) 100vw, 281px\" \/><figcaption class=\"wp-element-caption\">Luiz Fernando Figueiredo e Raquel, prestigiando evento social, nos sal\u00f5es do Serrano<\/figcaption><\/figure><\/div>\n\n<div class=\"wp-block-image\">\n<figure class=\"aligncenter size-large\"><img loading=\"lazy\" decoding=\"async\" width=\"281\" height=\"500\" src=\"https:\/\/www.soleufilho.com.br\/wp-content\/uploads\/2026\/01\/4-2-281x500.jpeg\" alt=\"\" class=\"wp-image-2857\" srcset=\"https:\/\/www.soleufilho.com.br\/wp-content\/uploads\/2026\/01\/4-2-281x500.jpeg 281w, https:\/\/www.soleufilho.com.br\/wp-content\/uploads\/2026\/01\/4-2-169x300.jpeg 169w, https:\/\/www.soleufilho.com.br\/wp-content\/uploads\/2026\/01\/4-2.jpeg 720w\" sizes=\"auto, (max-width: 281px) 100vw, 281px\" \/><figcaption class=\"wp-element-caption\">Leandro e Andressa Figueiredo no agito social de Lages<\/figcaption><\/figure><\/div>\n\n<div class=\"wp-block-image\">\n<figure class=\"aligncenter size-large\"><img loading=\"lazy\" decoding=\"async\" width=\"281\" height=\"500\" src=\"https:\/\/www.soleufilho.com.br\/wp-content\/uploads\/2026\/01\/5-2-281x500.jpeg\" alt=\"\" class=\"wp-image-2858\" srcset=\"https:\/\/www.soleufilho.com.br\/wp-content\/uploads\/2026\/01\/5-2-281x500.jpeg 281w, https:\/\/www.soleufilho.com.br\/wp-content\/uploads\/2026\/01\/5-2-169x300.jpeg 169w, https:\/\/www.soleufilho.com.br\/wp-content\/uploads\/2026\/01\/5-2.jpeg 720w\" sizes=\"auto, (max-width: 281px) 100vw, 281px\" \/><figcaption class=\"wp-element-caption\">Tatiana de Almeida Branco e o m\u00e9dico Maur\u00edcio Bertolini, em noite de festa, no Serrano<\/figcaption><\/figure><\/div>\n\n<div class=\"wp-block-image\">\n<figure class=\"aligncenter size-large\"><img loading=\"lazy\" decoding=\"async\" width=\"281\" height=\"500\" src=\"https:\/\/www.soleufilho.com.br\/wp-content\/uploads\/2026\/01\/6-2-281x500.jpeg\" alt=\"\" class=\"wp-image-2855\" srcset=\"https:\/\/www.soleufilho.com.br\/wp-content\/uploads\/2026\/01\/6-2-281x500.jpeg 281w, https:\/\/www.soleufilho.com.br\/wp-content\/uploads\/2026\/01\/6-2-169x300.jpeg 169w, https:\/\/www.soleufilho.com.br\/wp-content\/uploads\/2026\/01\/6-2.jpeg 719w\" sizes=\"auto, (max-width: 281px) 100vw, 281px\" \/><figcaption class=\"wp-element-caption\">Fl\u00e1via Rafaele Montemezzo, curtindo uma bela praia. Em tempo: dia 23 foi o anivers\u00e1rio dela, por\u00e9m, os festejos com presen\u00e7a de amigos e familiares ocorrem neste fim de semana, na Fazenda Ouro Preto<\/figcaption><\/figure><\/div>\n\n<div class=\"wp-block-image\">\n<figure class=\"aligncenter size-large\"><img loading=\"lazy\" decoding=\"async\" width=\"375\" height=\"500\" src=\"https:\/\/www.soleufilho.com.br\/wp-content\/uploads\/2026\/01\/7-2-375x500.jpeg\" alt=\"\" class=\"wp-image-2854\" srcset=\"https:\/\/www.soleufilho.com.br\/wp-content\/uploads\/2026\/01\/7-2-375x500.jpeg 375w, https:\/\/www.soleufilho.com.br\/wp-content\/uploads\/2026\/01\/7-2-225x300.jpeg 225w, https:\/\/www.soleufilho.com.br\/wp-content\/uploads\/2026\/01\/7-2-768x1024.jpeg 768w, https:\/\/www.soleufilho.com.br\/wp-content\/uploads\/2026\/01\/7-2-1152x1536.jpeg 1152w, https:\/\/www.soleufilho.com.br\/wp-content\/uploads\/2026\/01\/7-2.jpeg 1440w\" sizes=\"auto, (max-width: 375px) 100vw, 375px\" \/><figcaption class=\"wp-element-caption\">Neisa Brascher trocou de idade dia 23 de janeiro. A esteticista comemorou a data com presen\u00e7a de amigos e familiares, em Lages<\/figcaption><\/figure><\/div>","protected":false},"excerpt":{"rendered":"<p>Professor, cineasta e jornalista Fernando Le\u00e3o est\u00e1 de volta a Lages, depois de 13 anos. Servidor do Instituto Federal desde 2012, retorna para sua cidade natal para trabalhar no Instituto Federal de Santa Catarina C\u00e2mpus Lages, depois de ter passado por Ibirub\u00e1, Vacaria e Santo Ant\u00f4nio de Jesus, na Bahia. A ideia \u00e9 tamb\u00e9m retomar &hellip; <a href=\"https:\/\/www.soleufilho.com.br\/?p=2853\" class=\"more-link\">Continue lendo <span class=\"screen-reader-text\">Fernando Le\u00e3o retorna a Lages, sua terra, onde o cineasta pretende realizar muitos projetos!<\/span> <span class=\"meta-nav\">&rarr;<\/span><\/a><\/p>\n","protected":false},"author":1,"featured_media":0,"comment_status":"open","ping_status":"open","sticky":false,"template":"","format":"standard","meta":{"footnotes":""},"categories":[1],"tags":[],"class_list":["post-2853","post","type-post","status-publish","format-standard","hentry","category-uncategorized"],"_links":{"self":[{"href":"https:\/\/www.soleufilho.com.br\/index.php?rest_route=\/wp\/v2\/posts\/2853","targetHints":{"allow":["GET"]}}],"collection":[{"href":"https:\/\/www.soleufilho.com.br\/index.php?rest_route=\/wp\/v2\/posts"}],"about":[{"href":"https:\/\/www.soleufilho.com.br\/index.php?rest_route=\/wp\/v2\/types\/post"}],"author":[{"embeddable":true,"href":"https:\/\/www.soleufilho.com.br\/index.php?rest_route=\/wp\/v2\/users\/1"}],"replies":[{"embeddable":true,"href":"https:\/\/www.soleufilho.com.br\/index.php?rest_route=%2Fwp%2Fv2%2Fcomments&post=2853"}],"version-history":[{"count":2,"href":"https:\/\/www.soleufilho.com.br\/index.php?rest_route=\/wp\/v2\/posts\/2853\/revisions"}],"predecessor-version":[{"id":2862,"href":"https:\/\/www.soleufilho.com.br\/index.php?rest_route=\/wp\/v2\/posts\/2853\/revisions\/2862"}],"wp:attachment":[{"href":"https:\/\/www.soleufilho.com.br\/index.php?rest_route=%2Fwp%2Fv2%2Fmedia&parent=2853"}],"wp:term":[{"taxonomy":"category","embeddable":true,"href":"https:\/\/www.soleufilho.com.br\/index.php?rest_route=%2Fwp%2Fv2%2Fcategories&post=2853"},{"taxonomy":"post_tag","embeddable":true,"href":"https:\/\/www.soleufilho.com.br\/index.php?rest_route=%2Fwp%2Fv2%2Ftags&post=2853"}],"curies":[{"name":"wp","href":"https:\/\/api.w.org\/{rel}","templated":true}]}}