{"id":2865,"date":"2026-02-06T07:22:00","date_gmt":"2026-02-06T10:22:00","guid":{"rendered":"https:\/\/www.soleufilho.com.br\/?p=2865"},"modified":"2026-02-06T10:08:03","modified_gmt":"2026-02-06T13:08:03","slug":"casamento-de-daniely-e-douglas-na-villa-francioni-foi-dos-mais-bonitos","status":"publish","type":"post","link":"https:\/\/www.soleufilho.com.br\/?p=2865","title":{"rendered":"Casamento de Daniely e Douglas, na Villa Francioni, foi dos mais bonitos!"},"content":{"rendered":"\n<p>Dia 24 de janeiro a Vin\u00edcola Villa Francioni, em S\u00e3o Joaquim, foi o belo cen\u00e1rio para a realiza\u00e7\u00e3o do casamento de Daniely Anselmo Sommariva, filha de Rosinei Anselmo e Lucimari Silva Anselmo, com Douglas Muniz Sommariva, filho de Edison Sommariva (in memorian) e S\u00f4nia Muniz Sommariva. Daniely e Douglas residem em Lages. O casal \u00e9 propriet\u00e1rio do badalado Bar Barth\u00f4. O bonito cerimonial foi conduzido pela famosa cerimonialista Maysa Zanette. Foi lindo, portanto, os merecidos aplausos aos noivos! ( a foto \u00e9 de Andr\u00e9 Vanzin).<\/p>\n\n\n<div class=\"wp-block-image\">\n<figure class=\"aligncenter size-large\"><img loading=\"lazy\" decoding=\"async\" width=\"333\" height=\"500\" src=\"https:\/\/www.soleufilho.com.br\/wp-content\/uploads\/2026\/02\/1-333x500.jpg\" alt=\"\" class=\"wp-image-2871\" srcset=\"https:\/\/www.soleufilho.com.br\/wp-content\/uploads\/2026\/02\/1-333x500.jpg 333w, https:\/\/www.soleufilho.com.br\/wp-content\/uploads\/2026\/02\/1-200x300.jpg 200w, https:\/\/www.soleufilho.com.br\/wp-content\/uploads\/2026\/02\/1.jpg 666w\" sizes=\"auto, (max-width: 333px) 100vw, 333px\" \/><figcaption class=\"wp-element-caption\">Daniely Anselmo Sommariva e Douglas Muniz Sommariva, durante a recep\u00e7\u00e3o do bonito casamento deles, na Villa Francioni<\/figcaption><\/figure><\/div>\n\n\n<h2 class=\"wp-block-heading\">Enrico comemorou os cinco anos<\/h2>\n\n\n\n<p>M\u00e1rio Enrico comemorou o seu anivers\u00e1rio, de cinco anos em casa de festa em Florian\u00f3polis! O aniversariante, muito feliz, ouviu o coro de parab\u00e9ns pra voc\u00ea, junto aos seus pais, fam\u00edlia e amigos! Enrico \u00e9 o filho mais novo do casal Sana Valle e M\u00e1rio Santos J\u00fanior. Parab\u00e9ns ao aniversariante!<\/p>\n\n\n<div class=\"wp-block-image\">\n<figure class=\"aligncenter size-large\"><img loading=\"lazy\" decoding=\"async\" width=\"500\" height=\"333\" src=\"https:\/\/www.soleufilho.com.br\/wp-content\/uploads\/2026\/02\/2-500x333.jpeg\" alt=\"\" class=\"wp-image-2866\" srcset=\"https:\/\/www.soleufilho.com.br\/wp-content\/uploads\/2026\/02\/2-500x333.jpeg 500w, https:\/\/www.soleufilho.com.br\/wp-content\/uploads\/2026\/02\/2-300x200.jpeg 300w, https:\/\/www.soleufilho.com.br\/wp-content\/uploads\/2026\/02\/2-768x511.jpeg 768w, https:\/\/www.soleufilho.com.br\/wp-content\/uploads\/2026\/02\/2.jpeg 1280w\" sizes=\"auto, (max-width: 500px) 100vw, 500px\" \/><figcaption class=\"wp-element-caption\">Enrico, com os papais Sana Valle e Mario Santos J\u00fanior<\/figcaption><\/figure><\/div>\n\n\n<h2 class=\"wp-block-heading\">E Mais!<\/h2>\n\n\n<div class=\"wp-block-image\">\n<figure class=\"aligncenter size-large\"><img loading=\"lazy\" decoding=\"async\" width=\"500\" height=\"375\" src=\"https:\/\/www.soleufilho.com.br\/wp-content\/uploads\/2026\/02\/3-500x375.jpeg\" alt=\"\" class=\"wp-image-2868\" srcset=\"https:\/\/www.soleufilho.com.br\/wp-content\/uploads\/2026\/02\/3-500x375.jpeg 500w, https:\/\/www.soleufilho.com.br\/wp-content\/uploads\/2026\/02\/3-300x225.jpeg 300w, https:\/\/www.soleufilho.com.br\/wp-content\/uploads\/2026\/02\/3-768x576.jpeg 768w, https:\/\/www.soleufilho.com.br\/wp-content\/uploads\/2026\/02\/3-1536x1152.jpeg 1536w, https:\/\/www.soleufilho.com.br\/wp-content\/uploads\/2026\/02\/3.jpeg 1600w\" sizes=\"auto, (max-width: 500px) 100vw, 500px\" \/><figcaption class=\"wp-element-caption\">As serranas e felizes Rubiara Duarte, Duda Palma e Daniela Bianchini Spuldaro, curtindo o agito do ver\u00e3o 2026, no badalado Balne\u00e1rio Cambori\u00fa. Duda adianta que vai esticar sua temporada no apartamento que possui na famosa praia, at\u00e9 abril. \u201cE j\u00e1 estou fazendo as malas, para uma viagem linda, que pretendo fazer em breve!\u201d, diz<\/figcaption><\/figure><\/div>\n\n<div class=\"wp-block-image\">\n<figure class=\"aligncenter size-large\"><img loading=\"lazy\" decoding=\"async\" width=\"500\" height=\"281\" src=\"https:\/\/www.soleufilho.com.br\/wp-content\/uploads\/2026\/02\/4-500x281.jpeg\" alt=\"\" class=\"wp-image-2869\" srcset=\"https:\/\/www.soleufilho.com.br\/wp-content\/uploads\/2026\/02\/4-500x281.jpeg 500w, https:\/\/www.soleufilho.com.br\/wp-content\/uploads\/2026\/02\/4-300x169.jpeg 300w, https:\/\/www.soleufilho.com.br\/wp-content\/uploads\/2026\/02\/4-768x432.jpeg 768w, https:\/\/www.soleufilho.com.br\/wp-content\/uploads\/2026\/02\/4-1536x864.jpeg 1536w, https:\/\/www.soleufilho.com.br\/wp-content\/uploads\/2026\/02\/4.jpeg 1599w\" sizes=\"auto, (max-width: 500px) 100vw, 500px\" \/><figcaption class=\"wp-element-caption\">Fl\u00e1vio Jos\u00e9 e Cleusa Salete Antunes da Siva, com a neta Gilka Am\u00e9lia, Ingrid e Adroaldo Furtado, com Michele Schurmann Ribeiro, durante bela festa, nos sal\u00f5es do Serrano<\/figcaption><\/figure><\/div>\n\n<div class=\"wp-block-image\">\n<figure class=\"aligncenter size-large\"><img loading=\"lazy\" decoding=\"async\" width=\"375\" height=\"500\" src=\"https:\/\/www.soleufilho.com.br\/wp-content\/uploads\/2026\/02\/5-375x500.jpeg\" alt=\"\" class=\"wp-image-2867\" srcset=\"https:\/\/www.soleufilho.com.br\/wp-content\/uploads\/2026\/02\/5-375x500.jpeg 375w, https:\/\/www.soleufilho.com.br\/wp-content\/uploads\/2026\/02\/5-225x300.jpeg 225w, https:\/\/www.soleufilho.com.br\/wp-content\/uploads\/2026\/02\/5-768x1024.jpeg 768w, https:\/\/www.soleufilho.com.br\/wp-content\/uploads\/2026\/02\/5.jpeg 960w\" sizes=\"auto, (max-width: 375px) 100vw, 375px\" \/><figcaption class=\"wp-element-caption\">Maria L\u00facia Goulart Nunes, Luz Marina Varmelatti Dutra, Marisa Costa e Zuleide Borges, durante os festejos pelos trinta anos da Casa do Vinho, em S\u00e3o Joaquim<\/figcaption><\/figure><\/div>\n\n<div class=\"wp-block-image\">\n<figure class=\"aligncenter size-large\"><img loading=\"lazy\" decoding=\"async\" width=\"452\" height=\"500\" src=\"https:\/\/www.soleufilho.com.br\/wp-content\/uploads\/2026\/02\/6-452x500.jpeg\" alt=\"\" class=\"wp-image-2870\" srcset=\"https:\/\/www.soleufilho.com.br\/wp-content\/uploads\/2026\/02\/6-452x500.jpeg 452w, https:\/\/www.soleufilho.com.br\/wp-content\/uploads\/2026\/02\/6-271x300.jpeg 271w, https:\/\/www.soleufilho.com.br\/wp-content\/uploads\/2026\/02\/6-768x849.jpeg 768w, https:\/\/www.soleufilho.com.br\/wp-content\/uploads\/2026\/02\/6.jpeg 828w\" sizes=\"auto, (max-width: 452px) 100vw, 452px\" \/><figcaption class=\"wp-element-caption\">De Balne\u00e1rio Cambori\u00fa, a lageana e futura arquiteta Lara Borges Prestes, filha da fisioterapeuta Michele Borges, no auge da beleza e juventude<\/figcaption><\/figure><\/div>\n\n\n<p><\/p>\n","protected":false},"excerpt":{"rendered":"<p>Dia 24 de janeiro a Vin\u00edcola Villa Francioni, em S\u00e3o Joaquim, foi o belo cen\u00e1rio para a realiza\u00e7\u00e3o do casamento de Daniely Anselmo Sommariva, filha de Rosinei Anselmo e Lucimari Silva Anselmo, com Douglas Muniz Sommariva, filho de Edison Sommariva (in memorian) e S\u00f4nia Muniz Sommariva. Daniely e Douglas residem em Lages. O casal \u00e9 &hellip; <a href=\"https:\/\/www.soleufilho.com.br\/?p=2865\" class=\"more-link\">Continue lendo <span class=\"screen-reader-text\">Casamento de Daniely e Douglas, na Villa Francioni, foi dos mais bonitos!<\/span> <span class=\"meta-nav\">&rarr;<\/span><\/a><\/p>\n","protected":false},"author":1,"featured_media":0,"comment_status":"open","ping_status":"open","sticky":false,"template":"","format":"standard","meta":{"footnotes":""},"categories":[1],"tags":[],"class_list":["post-2865","post","type-post","status-publish","format-standard","hentry","category-uncategorized"],"_links":{"self":[{"href":"https:\/\/www.soleufilho.com.br\/index.php?rest_route=\/wp\/v2\/posts\/2865","targetHints":{"allow":["GET"]}}],"collection":[{"href":"https:\/\/www.soleufilho.com.br\/index.php?rest_route=\/wp\/v2\/posts"}],"about":[{"href":"https:\/\/www.soleufilho.com.br\/index.php?rest_route=\/wp\/v2\/types\/post"}],"author":[{"embeddable":true,"href":"https:\/\/www.soleufilho.com.br\/index.php?rest_route=\/wp\/v2\/users\/1"}],"replies":[{"embeddable":true,"href":"https:\/\/www.soleufilho.com.br\/index.php?rest_route=%2Fwp%2Fv2%2Fcomments&post=2865"}],"version-history":[{"count":2,"href":"https:\/\/www.soleufilho.com.br\/index.php?rest_route=\/wp\/v2\/posts\/2865\/revisions"}],"predecessor-version":[{"id":2873,"href":"https:\/\/www.soleufilho.com.br\/index.php?rest_route=\/wp\/v2\/posts\/2865\/revisions\/2873"}],"wp:attachment":[{"href":"https:\/\/www.soleufilho.com.br\/index.php?rest_route=%2Fwp%2Fv2%2Fmedia&parent=2865"}],"wp:term":[{"taxonomy":"category","embeddable":true,"href":"https:\/\/www.soleufilho.com.br\/index.php?rest_route=%2Fwp%2Fv2%2Fcategories&post=2865"},{"taxonomy":"post_tag","embeddable":true,"href":"https:\/\/www.soleufilho.com.br\/index.php?rest_route=%2Fwp%2Fv2%2Ftags&post=2865"}],"curies":[{"name":"wp","href":"https:\/\/api.w.org\/{rel}","templated":true}]}}