{"id":2889,"date":"2026-02-20T07:02:00","date_gmt":"2026-02-20T10:02:00","guid":{"rendered":"https:\/\/www.soleufilho.com.br\/?p=2889"},"modified":"2026-02-19T10:31:54","modified_gmt":"2026-02-19T13:31:54","slug":"carnaval-na-villa-francioni-em-sao-joaquim-celebrou-sua-segunda-edicao-com-o-tema-carnaval-nos-anos-20","status":"publish","type":"post","link":"https:\/\/www.soleufilho.com.br\/?p=2889","title":{"rendered":"Carnaval na Villa Francioni em S\u00e3o Joaquim celebrou sua segunda edi\u00e7\u00e3o com o tema &#8220;Carnaval nos Anos 20&#8221;!"},"content":{"rendered":"\n<p>Com presen\u00e7a de 70 convidados, numa experi\u00eancia que mesclou vinho, gastronomia e o vibrante ritmo do jazz de New Orleans, marcaram o bonito evento que movimentou a sociedade na Serra Catarinense.<br>Daniela Freitas explicou a escolha do tema: &#8220;O carnaval nos anos 20 trouxe jazz, blues, que marcou uma \u00e9poca do p\u00f3s-guerra no hemisf\u00e9rio Norte, especialmente na Europa e nos Estados Unidos, quando as pessoas queriam curtir mais a vida, al\u00e9m de tornarem-se mais alegres!<\/p>\n\n\n\n<p><strong>Mais:<\/strong> a famosa Confraria Vinhos &amp; Segredos animou a festa, proporcionando, atrav\u00e9s de seus estilosos trajes, um verdadeiro tour vintage de Carnaval. A m\u00fasica ficou por conta do trio de Alexandre Bueno, de Lages, que comandou a trilha sonora da noite.<\/p>\n\n\n<div class=\"wp-block-image\">\n<figure class=\"aligncenter size-large\"><img loading=\"lazy\" decoding=\"async\" width=\"375\" height=\"500\" src=\"https:\/\/www.soleufilho.com.br\/wp-content\/uploads\/2026\/02\/1-1-375x500.jpg\" alt=\"\" class=\"wp-image-2891\" srcset=\"https:\/\/www.soleufilho.com.br\/wp-content\/uploads\/2026\/02\/1-1-375x500.jpg 375w, https:\/\/www.soleufilho.com.br\/wp-content\/uploads\/2026\/02\/1-1-225x300.jpg 225w, https:\/\/www.soleufilho.com.br\/wp-content\/uploads\/2026\/02\/1-1.jpg 750w\" sizes=\"auto, (max-width: 375px) 100vw, 375px\" \/><figcaption class=\"wp-element-caption\">M\u00e1rcia Schmidt Dalmina Katia Pollmann, Simone Ramos, Bruna Meurer, Tatiane Flores, Zilda Elisa Letti Pellizzaro, Daniela Freitas homenagearam o Carnaval dos Anos 20, na Villa Francioni<\/figcaption><\/figure><\/div>\n\n<div class=\"wp-block-image\">\n<figure class=\"aligncenter size-large\"><img loading=\"lazy\" decoding=\"async\" width=\"375\" height=\"500\" src=\"https:\/\/www.soleufilho.com.br\/wp-content\/uploads\/2026\/02\/2-375x500.jpg\" alt=\"\" class=\"wp-image-2892\" srcset=\"https:\/\/www.soleufilho.com.br\/wp-content\/uploads\/2026\/02\/2-375x500.jpg 375w, https:\/\/www.soleufilho.com.br\/wp-content\/uploads\/2026\/02\/2-225x300.jpg 225w, https:\/\/www.soleufilho.com.br\/wp-content\/uploads\/2026\/02\/2.jpg 750w\" sizes=\"auto, (max-width: 375px) 100vw, 375px\" \/><figcaption class=\"wp-element-caption\">Tereza Martorano, Rejane Borges, Zilda Elisa Letti Pelizzaro, Daniela Freitas<br>Anderson Munaretto, Solange Pagani, Nathalia Martorano e Danuncio Salvador<\/figcaption><\/figure><\/div>\n\n<div class=\"wp-block-image\">\n<figure class=\"aligncenter size-large\"><img loading=\"lazy\" decoding=\"async\" width=\"375\" height=\"500\" src=\"https:\/\/www.soleufilho.com.br\/wp-content\/uploads\/2026\/02\/3-375x500.jpg\" alt=\"\" class=\"wp-image-2893\" srcset=\"https:\/\/www.soleufilho.com.br\/wp-content\/uploads\/2026\/02\/3-375x500.jpg 375w, https:\/\/www.soleufilho.com.br\/wp-content\/uploads\/2026\/02\/3-225x300.jpg 225w, https:\/\/www.soleufilho.com.br\/wp-content\/uploads\/2026\/02\/3.jpg 750w\" sizes=\"auto, (max-width: 375px) 100vw, 375px\" \/><figcaption class=\"wp-element-caption\">S\u00e9rgio Dalmina e Maicol Nalon estavam entre os mais animados no Carnaval da Villa Francioni<\/figcaption><\/figure><\/div>\n\n<div class=\"wp-block-image\">\n<figure class=\"aligncenter size-large\"><img loading=\"lazy\" decoding=\"async\" width=\"500\" height=\"375\" src=\"https:\/\/www.soleufilho.com.br\/wp-content\/uploads\/2026\/02\/4-500x375.jpg\" alt=\"\" class=\"wp-image-2894\" srcset=\"https:\/\/www.soleufilho.com.br\/wp-content\/uploads\/2026\/02\/4-500x375.jpg 500w, https:\/\/www.soleufilho.com.br\/wp-content\/uploads\/2026\/02\/4-300x225.jpg 300w, https:\/\/www.soleufilho.com.br\/wp-content\/uploads\/2026\/02\/4-768x576.jpg 768w, https:\/\/www.soleufilho.com.br\/wp-content\/uploads\/2026\/02\/4.jpg 1000w\" sizes=\"auto, (max-width: 500px) 100vw, 500px\" \/><figcaption class=\"wp-element-caption\">Carnaval nos Anos 20 movimentou a Villa Francioni, com presen\u00e7a e anima\u00e7\u00e3o de elegantes da Serra Catarinense!<\/figcaption><\/figure><\/div>\n\n<div class=\"wp-block-image\">\n<figure class=\"aligncenter size-large\"><img loading=\"lazy\" decoding=\"async\" width=\"282\" height=\"500\" src=\"https:\/\/www.soleufilho.com.br\/wp-content\/uploads\/2026\/02\/5-282x500.jpg\" alt=\"\" class=\"wp-image-2895\" srcset=\"https:\/\/www.soleufilho.com.br\/wp-content\/uploads\/2026\/02\/5-282x500.jpg 282w, https:\/\/www.soleufilho.com.br\/wp-content\/uploads\/2026\/02\/5-169x300.jpg 169w, https:\/\/www.soleufilho.com.br\/wp-content\/uploads\/2026\/02\/5.jpg 563w\" sizes=\"auto, (max-width: 282px) 100vw, 282px\" \/><figcaption class=\"wp-element-caption\">A dermatologista Simone Teixeira Ramos fez quest\u00e3o de reverenciar o charmoso carnaval dos anos 20!<\/figcaption><\/figure><\/div>\n\n<div class=\"wp-block-image\">\n<figure class=\"aligncenter size-large\"><img loading=\"lazy\" decoding=\"async\" width=\"500\" height=\"497\" src=\"https:\/\/www.soleufilho.com.br\/wp-content\/uploads\/2026\/02\/6-500x497.jpg\" alt=\"\" class=\"wp-image-2896\" srcset=\"https:\/\/www.soleufilho.com.br\/wp-content\/uploads\/2026\/02\/6-500x497.jpg 500w, https:\/\/www.soleufilho.com.br\/wp-content\/uploads\/2026\/02\/6-300x298.jpg 300w, https:\/\/www.soleufilho.com.br\/wp-content\/uploads\/2026\/02\/6-150x150.jpg 150w, https:\/\/www.soleufilho.com.br\/wp-content\/uploads\/2026\/02\/6-768x763.jpg 768w, https:\/\/www.soleufilho.com.br\/wp-content\/uploads\/2026\/02\/6.jpg 1000w\" sizes=\"auto, (max-width: 500px) 100vw, 500px\" \/><figcaption class=\"wp-element-caption\">Alexandre Bueno, de Lages, que comandou a bonita trilha sonora da noite. Na foto os m\u00fasicos aparecem com Daniela Freitas<\/figcaption><\/figure><\/div>\n\n<div class=\"wp-block-image\">\n<figure class=\"aligncenter size-large\"><img loading=\"lazy\" decoding=\"async\" width=\"375\" height=\"500\" src=\"https:\/\/www.soleufilho.com.br\/wp-content\/uploads\/2026\/02\/7-375x500.jpg\" alt=\"\" class=\"wp-image-2897\" srcset=\"https:\/\/www.soleufilho.com.br\/wp-content\/uploads\/2026\/02\/7-375x500.jpg 375w, https:\/\/www.soleufilho.com.br\/wp-content\/uploads\/2026\/02\/7-225x300.jpg 225w, https:\/\/www.soleufilho.com.br\/wp-content\/uploads\/2026\/02\/7.jpg 750w\" sizes=\"auto, (max-width: 375px) 100vw, 375px\" \/><figcaption class=\"wp-element-caption\">Daniela Borges de Freitas comandou o bonito evento. \u201cEssa foi a segunda edi\u00e7\u00e3o do carnaval na Villa Francioni!\u201d, comemora<\/figcaption><\/figure><\/div>\n\n<div class=\"wp-block-image\">\n<figure class=\"aligncenter size-large\"><img loading=\"lazy\" decoding=\"async\" width=\"375\" height=\"500\" src=\"https:\/\/www.soleufilho.com.br\/wp-content\/uploads\/2026\/02\/8-1-375x500.jpg\" alt=\"\" class=\"wp-image-2898\" srcset=\"https:\/\/www.soleufilho.com.br\/wp-content\/uploads\/2026\/02\/8-1-375x500.jpg 375w, https:\/\/www.soleufilho.com.br\/wp-content\/uploads\/2026\/02\/8-1-225x300.jpg 225w, https:\/\/www.soleufilho.com.br\/wp-content\/uploads\/2026\/02\/8-1.jpg 750w\" sizes=\"auto, (max-width: 375px) 100vw, 375px\" \/><figcaption class=\"wp-element-caption\">A famosa Confraria Vinhos &amp; Segredos animou a festa<\/figcaption><\/figure><\/div>\n\n\n<p><\/p>\n","protected":false},"excerpt":{"rendered":"<p>Com presen\u00e7a de 70 convidados, numa experi\u00eancia que mesclou vinho, gastronomia e o vibrante ritmo do jazz de New Orleans, marcaram o bonito evento que movimentou a sociedade na Serra Catarinense.Daniela Freitas explicou a escolha do tema: &#8220;O carnaval nos anos 20 trouxe jazz, blues, que marcou uma \u00e9poca do p\u00f3s-guerra no hemisf\u00e9rio Norte, especialmente &hellip; <a href=\"https:\/\/www.soleufilho.com.br\/?p=2889\" class=\"more-link\">Continue lendo <span class=\"screen-reader-text\">Carnaval na Villa Francioni em S\u00e3o Joaquim celebrou sua segunda edi\u00e7\u00e3o com o tema &#8220;Carnaval nos Anos 20&#8221;!<\/span> <span class=\"meta-nav\">&rarr;<\/span><\/a><\/p>\n","protected":false},"author":1,"featured_media":0,"comment_status":"open","ping_status":"open","sticky":false,"template":"","format":"standard","meta":{"footnotes":""},"categories":[1],"tags":[],"class_list":["post-2889","post","type-post","status-publish","format-standard","hentry","category-uncategorized"],"_links":{"self":[{"href":"https:\/\/www.soleufilho.com.br\/index.php?rest_route=\/wp\/v2\/posts\/2889","targetHints":{"allow":["GET"]}}],"collection":[{"href":"https:\/\/www.soleufilho.com.br\/index.php?rest_route=\/wp\/v2\/posts"}],"about":[{"href":"https:\/\/www.soleufilho.com.br\/index.php?rest_route=\/wp\/v2\/types\/post"}],"author":[{"embeddable":true,"href":"https:\/\/www.soleufilho.com.br\/index.php?rest_route=\/wp\/v2\/users\/1"}],"replies":[{"embeddable":true,"href":"https:\/\/www.soleufilho.com.br\/index.php?rest_route=%2Fwp%2Fv2%2Fcomments&post=2889"}],"version-history":[{"count":1,"href":"https:\/\/www.soleufilho.com.br\/index.php?rest_route=\/wp\/v2\/posts\/2889\/revisions"}],"predecessor-version":[{"id":2899,"href":"https:\/\/www.soleufilho.com.br\/index.php?rest_route=\/wp\/v2\/posts\/2889\/revisions\/2899"}],"wp:attachment":[{"href":"https:\/\/www.soleufilho.com.br\/index.php?rest_route=%2Fwp%2Fv2%2Fmedia&parent=2889"}],"wp:term":[{"taxonomy":"category","embeddable":true,"href":"https:\/\/www.soleufilho.com.br\/index.php?rest_route=%2Fwp%2Fv2%2Fcategories&post=2889"},{"taxonomy":"post_tag","embeddable":true,"href":"https:\/\/www.soleufilho.com.br\/index.php?rest_route=%2Fwp%2Fv2%2Ftags&post=2889"}],"curies":[{"name":"wp","href":"https:\/\/api.w.org\/{rel}","templated":true}]}}