{"id":2901,"date":"2026-02-27T07:42:00","date_gmt":"2026-02-27T10:42:00","guid":{"rendered":"https:\/\/www.soleufilho.com.br\/?p=2901"},"modified":"2026-03-02T10:46:06","modified_gmt":"2026-03-02T13:46:06","slug":"miguel-antonio-filho-de-leticia-e-thiago-teve-bela-festa-pelo-primeiro-aniversario","status":"publish","type":"post","link":"https:\/\/www.soleufilho.com.br\/?p=2901","title":{"rendered":"Miguel Ant\u00f4nio, filho de Let\u00edcia e Thiago teve bela festa pelo primeiro anivers\u00e1rio!"},"content":{"rendered":"\n<p>A tarde de domingo (15.2) foi de pura ternura na sede social da Associa\u00e7\u00e3o Atl\u00e9tica Banco do Brasil, em Lages, que familiares e amigos celebraram o primeiro aninho de Miguel Ant\u00f4nio.<br>Os orgulhosos pais, Thiago Souza do Ros\u00e1rio e Let\u00edcia Tonato Stedile foram anfitri\u00f5es de encantadora festa, com o tema fazendinha. A ambienta\u00e7\u00e3o, assinada pela talentosa designer de eventos Marilu Maldaner, da Marilu Decora\u00e7\u00e3o e Eventos surpreendeu pelos detalhes delicados e elementos l\u00fadicos, que transformaram o espa\u00e7o em cen\u00e1rio campestre acolhedor. Aplausos ao aniversariante Miguel Ant\u00f4nio e felicidades aos seus pais!<\/p>\n\n\n<div class=\"wp-block-image\">\n<figure class=\"aligncenter size-large\"><img loading=\"lazy\" decoding=\"async\" width=\"375\" height=\"500\" src=\"https:\/\/www.soleufilho.com.br\/wp-content\/uploads\/2026\/03\/1-375x500.jpeg\" alt=\"\" class=\"wp-image-2907\" srcset=\"https:\/\/www.soleufilho.com.br\/wp-content\/uploads\/2026\/03\/1-375x500.jpeg 375w, https:\/\/www.soleufilho.com.br\/wp-content\/uploads\/2026\/03\/1-225x300.jpeg 225w, https:\/\/www.soleufilho.com.br\/wp-content\/uploads\/2026\/03\/1-768x1024.jpeg 768w, https:\/\/www.soleufilho.com.br\/wp-content\/uploads\/2026\/03\/1.jpeg 960w\" sizes=\"auto, (max-width: 375px) 100vw, 375px\" \/><figcaption class=\"wp-element-caption\">Thiago Souza do Ros\u00e1rio, Miguel Ant\u00f4nio Stedile Souza e Let\u00edcia Tonato Stedile<\/figcaption><\/figure><\/div>\n\n<div class=\"wp-block-image\">\n<figure class=\"aligncenter size-large\"><img loading=\"lazy\" decoding=\"async\" width=\"375\" height=\"500\" src=\"https:\/\/www.soleufilho.com.br\/wp-content\/uploads\/2026\/03\/2-375x500.jpg\" alt=\"\" class=\"wp-image-2902\" srcset=\"https:\/\/www.soleufilho.com.br\/wp-content\/uploads\/2026\/03\/2-375x500.jpg 375w, https:\/\/www.soleufilho.com.br\/wp-content\/uploads\/2026\/03\/2-225x300.jpg 225w, https:\/\/www.soleufilho.com.br\/wp-content\/uploads\/2026\/03\/2.jpg 750w\" sizes=\"auto, (max-width: 375px) 100vw, 375px\" \/><figcaption class=\"wp-element-caption\">Marlus Miguel do Ros\u00e1rio(Toco Som)<br>Agleise Marilan Souza Miguel Ant\u00f4nio Stedile Souza e Mariana Souza do Ros\u00e1rio (Mariana \u00e9 tia) (o Toco \u00e9 Agleise s\u00e3o av\u00f3s paternos do Miguel Antonio)<\/figcaption><\/figure><\/div>\n\n<div class=\"wp-block-image\">\n<figure class=\"aligncenter size-large\"><img loading=\"lazy\" decoding=\"async\" width=\"375\" height=\"500\" src=\"https:\/\/www.soleufilho.com.br\/wp-content\/uploads\/2026\/03\/3-375x500.jpeg\" alt=\"\" class=\"wp-image-2905\" srcset=\"https:\/\/www.soleufilho.com.br\/wp-content\/uploads\/2026\/03\/3-375x500.jpeg 375w, https:\/\/www.soleufilho.com.br\/wp-content\/uploads\/2026\/03\/3-225x300.jpeg 225w, https:\/\/www.soleufilho.com.br\/wp-content\/uploads\/2026\/03\/3-768x1024.jpeg 768w, https:\/\/www.soleufilho.com.br\/wp-content\/uploads\/2026\/03\/3.jpeg 960w\" sizes=\"auto, (max-width: 375px) 100vw, 375px\" \/><figcaption class=\"wp-element-caption\">Veralcy Ant\u00f4nio Stedile com Rosane Tonato Stedile e Miguel Ant\u00f4nio Stedile Souza (av\u00f3s materno do Miguel Ant\u00f4nio)<\/figcaption><\/figure><\/div>\n\n\n<h2 class=\"wp-block-heading\">Carmen e Iara foram as aniversariantes chiques da semana e os Bernardes fizeram linda viagem pela Europa!<\/h2>\n\n\n<div class=\"wp-block-image\">\n<figure class=\"aligncenter size-large\"><img loading=\"lazy\" decoding=\"async\" width=\"377\" height=\"500\" src=\"https:\/\/www.soleufilho.com.br\/wp-content\/uploads\/2026\/03\/4-377x500.jpg\" alt=\"\" class=\"wp-image-2906\" srcset=\"https:\/\/www.soleufilho.com.br\/wp-content\/uploads\/2026\/03\/4-377x500.jpg 377w, https:\/\/www.soleufilho.com.br\/wp-content\/uploads\/2026\/03\/4-226x300.jpg 226w, https:\/\/www.soleufilho.com.br\/wp-content\/uploads\/2026\/03\/4.jpg 724w\" sizes=\"auto, (max-width: 377px) 100vw, 377px\" \/><figcaption class=\"wp-element-caption\">Iara Fava recebeu cumprimentos este m\u00eas, pela troca de idade. Com charme e eleg\u00e2ncia, a aniversariante que \u00e9 ga\u00facha por nascimento, destaca-se como uma das mulheres mais elegantes na atual sociedade catarinense!<\/figcaption><\/figure><\/div>\n\n<div class=\"wp-block-image\">\n<figure class=\"aligncenter size-large\"><img loading=\"lazy\" decoding=\"async\" width=\"333\" height=\"500\" src=\"https:\/\/www.soleufilho.com.br\/wp-content\/uploads\/2026\/03\/5-333x500.jpg\" alt=\"\" class=\"wp-image-2904\" srcset=\"https:\/\/www.soleufilho.com.br\/wp-content\/uploads\/2026\/03\/5-333x500.jpg 333w, https:\/\/www.soleufilho.com.br\/wp-content\/uploads\/2026\/03\/5-200x300.jpg 200w, https:\/\/www.soleufilho.com.br\/wp-content\/uploads\/2026\/03\/5-768x1153.jpg 768w, https:\/\/www.soleufilho.com.br\/wp-content\/uploads\/2026\/03\/5-1023x1536.jpg 1023w, https:\/\/www.soleufilho.com.br\/wp-content\/uploads\/2026\/03\/5.jpg 1066w\" sizes=\"auto, (max-width: 333px) 100vw, 333px\" \/><figcaption class=\"wp-element-caption\">Carmen Pilatti trocou de idade, dia nove! \u201cSou grata a Deus, por estar presente para comemorar mais um ano de vida!\u201d, diz a feliz aniversariante, que al\u00e9m de psic\u00f3loga, destaca-se sempre pelo carisma e eleg\u00e2ncia<\/figcaption><\/figure><\/div>\n\n<div class=\"wp-block-image\">\n<figure class=\"aligncenter size-large\"><img loading=\"lazy\" decoding=\"async\" width=\"500\" height=\"381\" src=\"https:\/\/www.soleufilho.com.br\/wp-content\/uploads\/2026\/03\/6-500x381.jpeg\" alt=\"\" class=\"wp-image-2903\" srcset=\"https:\/\/www.soleufilho.com.br\/wp-content\/uploads\/2026\/03\/6-500x381.jpeg 500w, https:\/\/www.soleufilho.com.br\/wp-content\/uploads\/2026\/03\/6-300x229.jpeg 300w, https:\/\/www.soleufilho.com.br\/wp-content\/uploads\/2026\/03\/6-768x586.jpeg 768w, https:\/\/www.soleufilho.com.br\/wp-content\/uploads\/2026\/03\/6-1536x1172.jpeg 1536w, https:\/\/www.soleufilho.com.br\/wp-content\/uploads\/2026\/03\/6.jpeg 1573w\" sizes=\"auto, (max-width: 500px) 100vw, 500px\" \/><figcaption class=\"wp-element-caption\">Marisa Bernardes e os filhos Mariana e renomado m\u00e9dico Dr. Leonardo, durante recente viagem pela Europa. Essa bela imagem que os Bernardes aparecem \u00e9 no Porto, em Portugal. \u201cAo fundo \u00e9 a famosa Ponte Lu\u00eds I, o cart\u00e3o postal de l\u00e1!\u201d, diz Marisa. Para eles que frequentemente v\u00e3o ao continente europeu, a viagem foi linda!<\/figcaption><\/figure><\/div>\n\n\n<p><\/p>\n","protected":false},"excerpt":{"rendered":"<p>A tarde de domingo (15.2) foi de pura ternura na sede social da Associa\u00e7\u00e3o Atl\u00e9tica Banco do Brasil, em Lages, que familiares e amigos celebraram o primeiro aninho de Miguel Ant\u00f4nio.Os orgulhosos pais, Thiago Souza do Ros\u00e1rio e Let\u00edcia Tonato Stedile foram anfitri\u00f5es de encantadora festa, com o tema fazendinha. A ambienta\u00e7\u00e3o, assinada pela talentosa &hellip; <a href=\"https:\/\/www.soleufilho.com.br\/?p=2901\" class=\"more-link\">Continue lendo <span class=\"screen-reader-text\">Miguel Ant\u00f4nio, filho de Let\u00edcia e Thiago teve bela festa pelo primeiro anivers\u00e1rio!<\/span> <span class=\"meta-nav\">&rarr;<\/span><\/a><\/p>\n","protected":false},"author":1,"featured_media":0,"comment_status":"open","ping_status":"open","sticky":false,"template":"","format":"standard","meta":{"footnotes":""},"categories":[1],"tags":[],"class_list":["post-2901","post","type-post","status-publish","format-standard","hentry","category-uncategorized"],"_links":{"self":[{"href":"https:\/\/www.soleufilho.com.br\/index.php?rest_route=\/wp\/v2\/posts\/2901","targetHints":{"allow":["GET"]}}],"collection":[{"href":"https:\/\/www.soleufilho.com.br\/index.php?rest_route=\/wp\/v2\/posts"}],"about":[{"href":"https:\/\/www.soleufilho.com.br\/index.php?rest_route=\/wp\/v2\/types\/post"}],"author":[{"embeddable":true,"href":"https:\/\/www.soleufilho.com.br\/index.php?rest_route=\/wp\/v2\/users\/1"}],"replies":[{"embeddable":true,"href":"https:\/\/www.soleufilho.com.br\/index.php?rest_route=%2Fwp%2Fv2%2Fcomments&post=2901"}],"version-history":[{"count":1,"href":"https:\/\/www.soleufilho.com.br\/index.php?rest_route=\/wp\/v2\/posts\/2901\/revisions"}],"predecessor-version":[{"id":2908,"href":"https:\/\/www.soleufilho.com.br\/index.php?rest_route=\/wp\/v2\/posts\/2901\/revisions\/2908"}],"wp:attachment":[{"href":"https:\/\/www.soleufilho.com.br\/index.php?rest_route=%2Fwp%2Fv2%2Fmedia&parent=2901"}],"wp:term":[{"taxonomy":"category","embeddable":true,"href":"https:\/\/www.soleufilho.com.br\/index.php?rest_route=%2Fwp%2Fv2%2Fcategories&post=2901"},{"taxonomy":"post_tag","embeddable":true,"href":"https:\/\/www.soleufilho.com.br\/index.php?rest_route=%2Fwp%2Fv2%2Ftags&post=2901"}],"curies":[{"name":"wp","href":"https:\/\/api.w.org\/{rel}","templated":true}]}}