{"id":2909,"date":"2026-03-06T07:51:00","date_gmt":"2026-03-06T10:51:00","guid":{"rendered":"https:\/\/www.soleufilho.com.br\/?p=2909"},"modified":"2026-03-02T10:55:07","modified_gmt":"2026-03-02T13:55:07","slug":"daura-palma-o-talento-joaquinense-que-brilha-no-carnaval-do-rio-e-se-prepara-para-nova-york","status":"publish","type":"post","link":"https:\/\/www.soleufilho.com.br\/?p=2909","title":{"rendered":"Daura Palma: o talento joaquinense que brilha no Carnaval do Rio e se prepara para Nova York!"},"content":{"rendered":"\n<p>Daura Palma, gerente de ativa\u00e7\u00f5es na CBF e CEO da My Way Produ\u00e7\u00f5es, tem se destacado no vibrante cen\u00e1rio social e art\u00edstico do Rio de Janeiro. Natural de S\u00e3o Joaquim, ela fez a curadoria art\u00edstica do badalado camarote da CBF durante o Carnaval 2026 na Sapuca\u00ed, onde orquestrou uma programa\u00e7\u00e3o repleta de estrelas que encantaram os foli\u00f5es.<br>Com carisma e dedica\u00e7\u00e3o, Daura conquistou seu espa\u00e7o em meio a grandes nomes do meio art\u00edstico, e agora se prepara para um novo desafio. Em junho, ela embarca para Nova York, onde ir\u00e1 realizar a mesma curadoria para a Casa Brasil, um projeto especial para a Copa do Mundo 2026.<br>A inaugura\u00e7\u00e3o da casa est\u00e1 marcada para o dia 6 de junho, e contar\u00e1 com um show do querido Mumuzinho! Daurinha, como \u00e9 carinhosamente chamada, continua a levar a cultura brasileira a novos horizontes, solidificando sua trajet\u00f3ria de sucesso!<\/p>\n\n\n<div class=\"wp-block-image\">\n<figure class=\"aligncenter size-large\"><img loading=\"lazy\" decoding=\"async\" width=\"375\" height=\"500\" src=\"https:\/\/www.soleufilho.com.br\/wp-content\/uploads\/2026\/03\/1-1-375x500.jpeg\" alt=\"\" class=\"wp-image-2916\" srcset=\"https:\/\/www.soleufilho.com.br\/wp-content\/uploads\/2026\/03\/1-1-375x500.jpeg 375w, https:\/\/www.soleufilho.com.br\/wp-content\/uploads\/2026\/03\/1-1-225x300.jpeg 225w, https:\/\/www.soleufilho.com.br\/wp-content\/uploads\/2026\/03\/1-1-768x1024.jpeg 768w, https:\/\/www.soleufilho.com.br\/wp-content\/uploads\/2026\/03\/1-1.jpeg 960w\" sizes=\"auto, (max-width: 375px) 100vw, 375px\" \/><figcaption class=\"wp-element-caption\">Daura Palma e o presidente da CBF Samir Xaud<\/figcaption><\/figure><\/div>\n\n<div class=\"wp-block-image\">\n<figure class=\"aligncenter size-large\"><img loading=\"lazy\" decoding=\"async\" width=\"375\" height=\"500\" src=\"https:\/\/www.soleufilho.com.br\/wp-content\/uploads\/2026\/03\/2-375x500.jpeg\" alt=\"\" class=\"wp-image-2914\" srcset=\"https:\/\/www.soleufilho.com.br\/wp-content\/uploads\/2026\/03\/2-375x500.jpeg 375w, https:\/\/www.soleufilho.com.br\/wp-content\/uploads\/2026\/03\/2-225x300.jpeg 225w, https:\/\/www.soleufilho.com.br\/wp-content\/uploads\/2026\/03\/2-768x1024.jpeg 768w, https:\/\/www.soleufilho.com.br\/wp-content\/uploads\/2026\/03\/2.jpeg 960w\" sizes=\"auto, (max-width: 375px) 100vw, 375px\" \/><figcaption class=\"wp-element-caption\">Daura Palma e Luciana Gimenes s\u00e3o amigas de longa data<\/figcaption><\/figure><\/div>\n\n<div class=\"wp-block-image\">\n<figure class=\"aligncenter size-large\"><img loading=\"lazy\" decoding=\"async\" width=\"281\" height=\"500\" src=\"https:\/\/www.soleufilho.com.br\/wp-content\/uploads\/2026\/03\/3-1-281x500.jpeg\" alt=\"\" class=\"wp-image-2913\" srcset=\"https:\/\/www.soleufilho.com.br\/wp-content\/uploads\/2026\/03\/3-1-281x500.jpeg 281w, https:\/\/www.soleufilho.com.br\/wp-content\/uploads\/2026\/03\/3-1-169x300.jpeg 169w, https:\/\/www.soleufilho.com.br\/wp-content\/uploads\/2026\/03\/3-1-768x1365.jpeg 768w, https:\/\/www.soleufilho.com.br\/wp-content\/uploads\/2026\/03\/3-1-864x1536.jpeg 864w, https:\/\/www.soleufilho.com.br\/wp-content\/uploads\/2026\/03\/3-1.jpeg 900w\" sizes=\"auto, (max-width: 281px) 100vw, 281px\" \/><figcaption class=\"wp-element-caption\">Daura Palma com o ator, cantor e compositor brasileiro de pagode Mumuzinho, que far\u00e1 show em Nova York<\/figcaption><\/figure><\/div>\n\n\n<h2 class=\"wp-block-heading\">Bebel Vieira e Gra\u00e7a Hartmann receberam cumprimentos pela troca de idade!<\/h2>\n\n\n<div class=\"wp-block-image\">\n<figure class=\"aligncenter size-large\"><img loading=\"lazy\" decoding=\"async\" width=\"366\" height=\"500\" src=\"https:\/\/www.soleufilho.com.br\/wp-content\/uploads\/2026\/03\/4-1-366x500.jpg\" alt=\"\" class=\"wp-image-2915\" srcset=\"https:\/\/www.soleufilho.com.br\/wp-content\/uploads\/2026\/03\/4-1-366x500.jpg 366w, https:\/\/www.soleufilho.com.br\/wp-content\/uploads\/2026\/03\/4-1-220x300.jpg 220w, https:\/\/www.soleufilho.com.br\/wp-content\/uploads\/2026\/03\/4-1-768x1049.jpg 768w, https:\/\/www.soleufilho.com.br\/wp-content\/uploads\/2026\/03\/4-1.jpg 854w\" sizes=\"auto, (max-width: 366px) 100vw, 366px\" \/><figcaption class=\"wp-element-caption\">Bebel Vieira, com seu carisma e eleg\u00e2ncia permanentes, trocou de idade dia primeiro de mar\u00e7o. Pela data, a feliz aniversariante recebeu merecidas homenagens de amigos e familiares!<\/figcaption><\/figure><\/div>\n\n<div class=\"wp-block-image\">\n<figure class=\"aligncenter size-large\"><img loading=\"lazy\" decoding=\"async\" width=\"452\" height=\"500\" src=\"https:\/\/www.soleufilho.com.br\/wp-content\/uploads\/2026\/03\/5-1-452x500.jpg\" alt=\"\" class=\"wp-image-2910\" srcset=\"https:\/\/www.soleufilho.com.br\/wp-content\/uploads\/2026\/03\/5-1-452x500.jpg 452w, https:\/\/www.soleufilho.com.br\/wp-content\/uploads\/2026\/03\/5-1-271x300.jpg 271w, https:\/\/www.soleufilho.com.br\/wp-content\/uploads\/2026\/03\/5-1-768x850.jpg 768w, https:\/\/www.soleufilho.com.br\/wp-content\/uploads\/2026\/03\/5-1.jpg 904w\" sizes=\"auto, (max-width: 452px) 100vw, 452px\" \/><figcaption class=\"wp-element-caption\">No Pal\u00e1cio Barriga-Verde\/Assembl\u00e9ia Legislativa do Estado de Santa Catarina, o jornalista Marcos Reichardt Cardoso com o casal Eula e Edson Machado, em lan\u00e7amento liter\u00e1rio sobre a Ponte Herc\u00edlio Luz, em Floripa!<\/figcaption><\/figure><\/div>\n\n<div class=\"wp-block-image\">\n<figure class=\"aligncenter size-large\"><img loading=\"lazy\" decoding=\"async\" width=\"375\" height=\"500\" src=\"https:\/\/www.soleufilho.com.br\/wp-content\/uploads\/2026\/03\/6-1-375x500.jpeg\" alt=\"\" class=\"wp-image-2912\" srcset=\"https:\/\/www.soleufilho.com.br\/wp-content\/uploads\/2026\/03\/6-1-375x500.jpeg 375w, https:\/\/www.soleufilho.com.br\/wp-content\/uploads\/2026\/03\/6-1-225x300.jpeg 225w, https:\/\/www.soleufilho.com.br\/wp-content\/uploads\/2026\/03\/6-1-768x1024.jpeg 768w, https:\/\/www.soleufilho.com.br\/wp-content\/uploads\/2026\/03\/6-1.jpeg 960w\" sizes=\"auto, (max-width: 375px) 100vw, 375px\" \/><figcaption class=\"wp-element-caption\">Maur\u00edcio Palma curtiu o Carnaval 2026 no Rio de Janeiro. Nessa imagem ele aparece com marco Gimenes, mano da apresentadora Luciana<\/figcaption><\/figure><\/div>\n\n<div class=\"wp-block-image\">\n<figure class=\"aligncenter size-large\"><img loading=\"lazy\" decoding=\"async\" width=\"500\" height=\"452\" src=\"https:\/\/www.soleufilho.com.br\/wp-content\/uploads\/2026\/03\/7-500x452.jpeg\" alt=\"\" class=\"wp-image-2911\" srcset=\"https:\/\/www.soleufilho.com.br\/wp-content\/uploads\/2026\/03\/7-500x452.jpeg 500w, https:\/\/www.soleufilho.com.br\/wp-content\/uploads\/2026\/03\/7-300x271.jpeg 300w, https:\/\/www.soleufilho.com.br\/wp-content\/uploads\/2026\/03\/7-768x694.jpeg 768w, https:\/\/www.soleufilho.com.br\/wp-content\/uploads\/2026\/03\/7.jpeg 1316w\" sizes=\"auto, (max-width: 500px) 100vw, 500px\" \/><figcaption class=\"wp-element-caption\">Maria da Gra\u00e7a Hartmann trocou de idade dia 23 de fevereiro. E pela data, a aniversariante recebeu muitos cumprimentos, entre eles, o carinho do neto Miguel Viscardi e da filha Anna Carolina!<\/figcaption><\/figure><\/div>\n\n\n<p><\/p>\n","protected":false},"excerpt":{"rendered":"<p>Daura Palma, gerente de ativa\u00e7\u00f5es na CBF e CEO da My Way Produ\u00e7\u00f5es, tem se destacado no vibrante cen\u00e1rio social e art\u00edstico do Rio de Janeiro. Natural de S\u00e3o Joaquim, ela fez a curadoria art\u00edstica do badalado camarote da CBF durante o Carnaval 2026 na Sapuca\u00ed, onde orquestrou uma programa\u00e7\u00e3o repleta de estrelas que encantaram &hellip; <a href=\"https:\/\/www.soleufilho.com.br\/?p=2909\" class=\"more-link\">Continue lendo <span class=\"screen-reader-text\">Daura Palma: o talento joaquinense que brilha no Carnaval do Rio e se prepara para Nova York!<\/span> <span class=\"meta-nav\">&rarr;<\/span><\/a><\/p>\n","protected":false},"author":1,"featured_media":0,"comment_status":"open","ping_status":"open","sticky":false,"template":"","format":"standard","meta":{"footnotes":""},"categories":[1],"tags":[],"class_list":["post-2909","post","type-post","status-publish","format-standard","hentry","category-uncategorized"],"_links":{"self":[{"href":"https:\/\/www.soleufilho.com.br\/index.php?rest_route=\/wp\/v2\/posts\/2909","targetHints":{"allow":["GET"]}}],"collection":[{"href":"https:\/\/www.soleufilho.com.br\/index.php?rest_route=\/wp\/v2\/posts"}],"about":[{"href":"https:\/\/www.soleufilho.com.br\/index.php?rest_route=\/wp\/v2\/types\/post"}],"author":[{"embeddable":true,"href":"https:\/\/www.soleufilho.com.br\/index.php?rest_route=\/wp\/v2\/users\/1"}],"replies":[{"embeddable":true,"href":"https:\/\/www.soleufilho.com.br\/index.php?rest_route=%2Fwp%2Fv2%2Fcomments&post=2909"}],"version-history":[{"count":1,"href":"https:\/\/www.soleufilho.com.br\/index.php?rest_route=\/wp\/v2\/posts\/2909\/revisions"}],"predecessor-version":[{"id":2917,"href":"https:\/\/www.soleufilho.com.br\/index.php?rest_route=\/wp\/v2\/posts\/2909\/revisions\/2917"}],"wp:attachment":[{"href":"https:\/\/www.soleufilho.com.br\/index.php?rest_route=%2Fwp%2Fv2%2Fmedia&parent=2909"}],"wp:term":[{"taxonomy":"category","embeddable":true,"href":"https:\/\/www.soleufilho.com.br\/index.php?rest_route=%2Fwp%2Fv2%2Fcategories&post=2909"},{"taxonomy":"post_tag","embeddable":true,"href":"https:\/\/www.soleufilho.com.br\/index.php?rest_route=%2Fwp%2Fv2%2Ftags&post=2909"}],"curies":[{"name":"wp","href":"https:\/\/api.w.org\/{rel}","templated":true}]}}