{"id":2972,"date":"2026-04-24T07:51:00","date_gmt":"2026-04-24T10:51:00","guid":{"rendered":"https:\/\/www.soleufilho.com.br\/?p=2972"},"modified":"2026-04-30T22:56:15","modified_gmt":"2026-05-01T01:56:15","slug":"fernanda-e-victor-celebraram-o-bonito-casamento-no-recanto-cavalli","status":"publish","type":"post","link":"https:\/\/www.soleufilho.com.br\/?p=2972","title":{"rendered":"Fernanda e Victor celebraram o bonito casamento no Recanto Cavalli!"},"content":{"rendered":"\n<p>De Lages,Victor Roberto Willrich e Fernanda Matos Willrich celebraram seu casamento em meio \u00e0 beleza natural do Recanto Cavalli, em S\u00e3o Jos\u00e9 do Cerrito. Foi s\u00e1bado, dia 18, que a cerim\u00f4nia foi realizada no campo e conduzida pelo pastor Rodrigo Gomes. Casamento marcado por emo\u00e7\u00e3o, f\u00e9 em cen\u00e1rio de rara delicadeza.<br>A recep\u00e7\u00e3o seguiu com charme e sofistica\u00e7\u00e3o, em uma atmosfera cuidadosamente criada por Marilu Maldaner, da Marilu Decora\u00e7\u00e3o e Eventos, que encantou os convidados, com proposta contempor\u00e2nea em tons de rosa, verde e bege.<br>A impec\u00e1vel condu\u00e7\u00e3o do evento foi da cerimonialista Juliane Godoy e equipe. O Buffet Serrano, sob o comando do chef Sergio Rotta, proporcionou experi\u00eancia gastron\u00f4mica \u00e0 altura da celebra\u00e7\u00e3o. Os registros da ocasi\u00e3o s\u00e3o da equipe Allpesfotografia.<br>Aplausos ao feliz casal!<\/p>\n\n\n<div class=\"wp-block-image\">\n<figure class=\"aligncenter size-large\"><img loading=\"lazy\" decoding=\"async\" width=\"333\" height=\"500\" src=\"https:\/\/www.soleufilho.com.br\/wp-content\/uploads\/2026\/04\/1-2-333x500.jpeg\" alt=\"\" class=\"wp-image-2978\" srcset=\"https:\/\/www.soleufilho.com.br\/wp-content\/uploads\/2026\/04\/1-2-333x500.jpeg 333w, https:\/\/www.soleufilho.com.br\/wp-content\/uploads\/2026\/04\/1-2-200x300.jpeg 200w, https:\/\/www.soleufilho.com.br\/wp-content\/uploads\/2026\/04\/1-2-768x1152.jpeg 768w, https:\/\/www.soleufilho.com.br\/wp-content\/uploads\/2026\/04\/1-2.jpeg 853w\" sizes=\"auto, (max-width: 333px) 100vw, 333px\" \/><figcaption class=\"wp-element-caption\">Os noivos Victor Roberto e Fernanda<\/figcaption><\/figure><\/div>\n\n<div class=\"wp-block-image\">\n<figure class=\"aligncenter size-large\"><img loading=\"lazy\" decoding=\"async\" width=\"500\" height=\"333\" src=\"https:\/\/www.soleufilho.com.br\/wp-content\/uploads\/2026\/04\/2-500x333.jpeg\" alt=\"\" class=\"wp-image-2977\" srcset=\"https:\/\/www.soleufilho.com.br\/wp-content\/uploads\/2026\/04\/2-500x333.jpeg 500w, https:\/\/www.soleufilho.com.br\/wp-content\/uploads\/2026\/04\/2-300x200.jpeg 300w, https:\/\/www.soleufilho.com.br\/wp-content\/uploads\/2026\/04\/2-768x512.jpeg 768w, https:\/\/www.soleufilho.com.br\/wp-content\/uploads\/2026\/04\/2-1536x1024.jpeg 1536w, https:\/\/www.soleufilho.com.br\/wp-content\/uploads\/2026\/04\/2.jpeg 1600w\" sizes=\"auto, (max-width: 500px) 100vw, 500px\" \/><figcaption class=\"wp-element-caption\">Victor Roberto e Fernanda com pais do noivo Adriana Scoz Pires Willrich e Roberto Willrich<\/figcaption><\/figure><\/div>\n\n<div class=\"wp-block-image\">\n<figure class=\"aligncenter size-large\"><img loading=\"lazy\" decoding=\"async\" width=\"1280\" height=\"853\" src=\"https:\/\/www.soleufilho.com.br\/wp-content\/uploads\/2026\/04\/3-500x333.jpeg\" alt=\"\" class=\"wp-image-2974\" srcset=\"https:\/\/www.soleufilho.com.br\/wp-content\/uploads\/2026\/04\/3-500x333.jpeg 500w, https:\/\/www.soleufilho.com.br\/wp-content\/uploads\/2026\/04\/3-300x200.jpeg 300w, https:\/\/www.soleufilho.com.br\/wp-content\/uploads\/2026\/04\/3-768x512.jpeg 768w, https:\/\/www.soleufilho.com.br\/wp-content\/uploads\/2026\/04\/3.jpeg 1280w\" sizes=\"auto, (max-width: 1280px) 100vw, 1280px\" \/><figcaption class=\"wp-element-caption\">Victor Roberto e Fernanda com pais da noiva Telmo e Lucimar Matos<\/figcaption><\/figure><\/div>\n\n<div class=\"wp-block-image\">\n<figure class=\"aligncenter size-large\"><img loading=\"lazy\" decoding=\"async\" width=\"333\" height=\"500\" src=\"https:\/\/www.soleufilho.com.br\/wp-content\/uploads\/2026\/04\/4-333x500.jpeg\" alt=\"\" class=\"wp-image-2976\" srcset=\"https:\/\/www.soleufilho.com.br\/wp-content\/uploads\/2026\/04\/4-333x500.jpeg 333w, https:\/\/www.soleufilho.com.br\/wp-content\/uploads\/2026\/04\/4-200x300.jpeg 200w, https:\/\/www.soleufilho.com.br\/wp-content\/uploads\/2026\/04\/4-768x1152.jpeg 768w, https:\/\/www.soleufilho.com.br\/wp-content\/uploads\/2026\/04\/4.jpeg 853w\" sizes=\"auto, (max-width: 333px) 100vw, 333px\" \/><figcaption class=\"wp-element-caption\">A cerim\u00f4nia foi celebrada pelo pastor Rodrigo Gomes<\/figcaption><\/figure><\/div>\n\n\n<h2 class=\"wp-block-heading\">Arte de Tereza, pelas Cores da Toscana!<\/h2>\n\n\n\n<p>Tereza Martorano est\u00e1 na It\u00e1lia. A famosa artista pl\u00e1stica faz bela relfex\u00e3o, comparando as belezas naturais de S\u00e3o Joaquim, com a bela Toscana. \u201cChegar aqui foi como abrir uma janela entre dois mundos que fazem parte de mim. Vim para pintar, mas acabei encontrando muito mais: encontrei sil\u00eancios, luzes e paisagens que conversam com a minha hist\u00f3ria.<br>Este quadro nasce desse encontro. Entre os vinhedos da Toscana e as lembran\u00e7as dos vinhedos de S\u00e3o Joaquim, existe uma ponte invis\u00edvel, feita de afeto, ra\u00edzes e tempo. \u00c9 como se, a cada pincelada, eu unisse dois lugares que, mesmo distantes, compartilham a mesma ess\u00eancia. Ser\u00e3o tr\u00eas meses vivendo, observando e traduzindo tudo isso em cor.\u201d E esse \u00e9 s\u00f3 o come\u00e7o, diz Tereza.<\/p>\n\n\n<div class=\"wp-block-image\">\n<figure class=\"aligncenter size-large\"><img loading=\"lazy\" decoding=\"async\" width=\"375\" height=\"500\" src=\"https:\/\/www.soleufilho.com.br\/wp-content\/uploads\/2026\/04\/5-375x500.jpeg\" alt=\"\" class=\"wp-image-2975\" srcset=\"https:\/\/www.soleufilho.com.br\/wp-content\/uploads\/2026\/04\/5-375x500.jpeg 375w, https:\/\/www.soleufilho.com.br\/wp-content\/uploads\/2026\/04\/5-225x300.jpeg 225w, https:\/\/www.soleufilho.com.br\/wp-content\/uploads\/2026\/04\/5-768x1023.jpeg 768w, https:\/\/www.soleufilho.com.br\/wp-content\/uploads\/2026\/04\/5-1153x1536.jpeg 1153w, https:\/\/www.soleufilho.com.br\/wp-content\/uploads\/2026\/04\/5.jpeg 1200w\" sizes=\"auto, (max-width: 375px) 100vw, 375px\" \/><figcaption class=\"wp-element-caption\">Tereza Martorano, vivendo a Toscana. A joaquinense cumpre agenda de turismo na It\u00e1lia!<\/figcaption><\/figure><\/div>\n\n\n<h2 class=\"wp-block-heading\">Mais!<\/h2>\n\n\n<div class=\"wp-block-image\">\n<figure class=\"aligncenter size-large\"><img loading=\"lazy\" decoding=\"async\" width=\"379\" height=\"500\" src=\"https:\/\/www.soleufilho.com.br\/wp-content\/uploads\/2026\/04\/6-379x500.jpeg\" alt=\"\" class=\"wp-image-2973\" srcset=\"https:\/\/www.soleufilho.com.br\/wp-content\/uploads\/2026\/04\/6-379x500.jpeg 379w, https:\/\/www.soleufilho.com.br\/wp-content\/uploads\/2026\/04\/6-227x300.jpeg 227w, https:\/\/www.soleufilho.com.br\/wp-content\/uploads\/2026\/04\/6-768x1014.jpeg 768w, https:\/\/www.soleufilho.com.br\/wp-content\/uploads\/2026\/04\/6.jpeg 960w\" sizes=\"auto, (max-width: 379px) 100vw, 379px\" \/><figcaption class=\"wp-element-caption\">Dr. Luiz Alberto e Maria Beatriz Zago, Marisa Bernardes, Ver\u00f4nica Barboza, Cao Jingxia General Denivart, no caf\u00e9 matinal do Hotel Zago, antes de iniciar passeio \u00e0 famosa Guarda do Emba\u00fa, onde a lageana Paula Marcon possui uma pousada linda. Marisa elogia e recomenda o espa\u00e7o. \u201c\u00c9 maravilhoso!\u201d, diz.<\/figcaption><\/figure><\/div>","protected":false},"excerpt":{"rendered":"<p>De Lages,Victor Roberto Willrich e Fernanda Matos Willrich celebraram seu casamento em meio \u00e0 beleza natural do Recanto Cavalli, em S\u00e3o Jos\u00e9 do Cerrito. Foi s\u00e1bado, dia 18, que a cerim\u00f4nia foi realizada no campo e conduzida pelo pastor Rodrigo Gomes. Casamento marcado por emo\u00e7\u00e3o, f\u00e9 em cen\u00e1rio de rara delicadeza.A recep\u00e7\u00e3o seguiu com charme &hellip; <a href=\"https:\/\/www.soleufilho.com.br\/?p=2972\" class=\"more-link\">Continue lendo <span class=\"screen-reader-text\">Fernanda e Victor celebraram o bonito casamento no Recanto Cavalli!<\/span> <span class=\"meta-nav\">&rarr;<\/span><\/a><\/p>\n","protected":false},"author":1,"featured_media":0,"comment_status":"open","ping_status":"open","sticky":false,"template":"","format":"standard","meta":{"footnotes":""},"categories":[1],"tags":[],"class_list":["post-2972","post","type-post","status-publish","format-standard","hentry","category-uncategorized"],"_links":{"self":[{"href":"https:\/\/www.soleufilho.com.br\/index.php?rest_route=\/wp\/v2\/posts\/2972","targetHints":{"allow":["GET"]}}],"collection":[{"href":"https:\/\/www.soleufilho.com.br\/index.php?rest_route=\/wp\/v2\/posts"}],"about":[{"href":"https:\/\/www.soleufilho.com.br\/index.php?rest_route=\/wp\/v2\/types\/post"}],"author":[{"embeddable":true,"href":"https:\/\/www.soleufilho.com.br\/index.php?rest_route=\/wp\/v2\/users\/1"}],"replies":[{"embeddable":true,"href":"https:\/\/www.soleufilho.com.br\/index.php?rest_route=%2Fwp%2Fv2%2Fcomments&post=2972"}],"version-history":[{"count":1,"href":"https:\/\/www.soleufilho.com.br\/index.php?rest_route=\/wp\/v2\/posts\/2972\/revisions"}],"predecessor-version":[{"id":2979,"href":"https:\/\/www.soleufilho.com.br\/index.php?rest_route=\/wp\/v2\/posts\/2972\/revisions\/2979"}],"wp:attachment":[{"href":"https:\/\/www.soleufilho.com.br\/index.php?rest_route=%2Fwp%2Fv2%2Fmedia&parent=2972"}],"wp:term":[{"taxonomy":"category","embeddable":true,"href":"https:\/\/www.soleufilho.com.br\/index.php?rest_route=%2Fwp%2Fv2%2Fcategories&post=2972"},{"taxonomy":"post_tag","embeddable":true,"href":"https:\/\/www.soleufilho.com.br\/index.php?rest_route=%2Fwp%2Fv2%2Ftags&post=2972"}],"curies":[{"name":"wp","href":"https:\/\/api.w.org\/{rel}","templated":true}]}}