{"id":2980,"date":"2026-05-01T07:30:00","date_gmt":"2026-05-01T10:30:00","guid":{"rendered":"https:\/\/www.soleufilho.com.br\/?p=2980"},"modified":"2026-04-30T23:18:24","modified_gmt":"2026-05-01T02:18:24","slug":"relevancia-historica-do-batalhao-ferroviario","status":"publish","type":"post","link":"https:\/\/www.soleufilho.com.br\/?p=2980","title":{"rendered":"Relev\u00e2ncia hist\u00f3rica do Batalh\u00e3o Ferrovi\u00e1rio"},"content":{"rendered":"\n<p>O 1\u00ba Batalh\u00e3o Ferrovi\u00e1rio de Lages, em celebra\u00e7\u00e3o aos 171 anos realizou uma solenidade marcada por tradi\u00e7\u00e3o e civismo, na manh\u00e3 de sexta-feira, 24 de abril.<br>Presidido pelo Tenente-Coronel Vicente da Silva Costa, o ato contou com apresenta\u00e7\u00e3o dos soldados, evidenciando disciplina e orgulho militar.<br>Na sequ\u00eancia, autoridades e nomes de destaque da sociedade lageana reuniram-se para um elegante coquetel no Hotel de Tr\u00e2nsito de Oficiais, refor\u00e7ando a relev\u00e2ncia hist\u00f3rica da institui\u00e7\u00e3o.<br>General Denivart Alves da Cruz e esposa a Sra Cao Jingxa<\/p>\n\n\n<div class=\"wp-block-image\">\n<figure class=\"aligncenter size-large\"><img loading=\"lazy\" decoding=\"async\" width=\"500\" height=\"375\" src=\"https:\/\/www.soleufilho.com.br\/wp-content\/uploads\/2026\/04\/1-1-500x375.jpg\" alt=\"\" class=\"wp-image-2985\" srcset=\"https:\/\/www.soleufilho.com.br\/wp-content\/uploads\/2026\/04\/1-1-500x375.jpg 500w, https:\/\/www.soleufilho.com.br\/wp-content\/uploads\/2026\/04\/1-1-300x225.jpg 300w, https:\/\/www.soleufilho.com.br\/wp-content\/uploads\/2026\/04\/1-1-768x576.jpg 768w, https:\/\/www.soleufilho.com.br\/wp-content\/uploads\/2026\/04\/1-1.jpg 1000w\" sizes=\"auto, (max-width: 500px) 100vw, 500px\" \/><figcaption class=\"wp-element-caption\">General Denivart Alves da Cruz e Cao Jingxa, Marilu Maldaner, \u00c9rica Imolas Ferreira e comandante Tenente Coronel Vicente Silva Costa<\/figcaption><\/figure><\/div>\n\n<div class=\"wp-block-image\">\n<figure class=\"aligncenter size-large\"><img loading=\"lazy\" decoding=\"async\" width=\"375\" height=\"500\" src=\"https:\/\/www.soleufilho.com.br\/wp-content\/uploads\/2026\/04\/2-3-375x500.jpg\" alt=\"\" class=\"wp-image-2982\" srcset=\"https:\/\/www.soleufilho.com.br\/wp-content\/uploads\/2026\/04\/2-3-375x500.jpg 375w, https:\/\/www.soleufilho.com.br\/wp-content\/uploads\/2026\/04\/2-3-225x300.jpg 225w, https:\/\/www.soleufilho.com.br\/wp-content\/uploads\/2026\/04\/2-3.jpg 750w\" sizes=\"auto, (max-width: 375px) 100vw, 375px\" \/><figcaption class=\"wp-element-caption\">Empres\u00e1rio Osmar Demat\u00e9, \u00c9rica e Comandante Tenente Coronel Vicente Silva Costa<\/figcaption><\/figure><\/div>\n\n<div class=\"wp-block-image\">\n<figure class=\"aligncenter size-large\"><img loading=\"lazy\" decoding=\"async\" width=\"375\" height=\"500\" src=\"https:\/\/www.soleufilho.com.br\/wp-content\/uploads\/2026\/04\/3-3-375x500.jpg\" alt=\"\" class=\"wp-image-2984\" srcset=\"https:\/\/www.soleufilho.com.br\/wp-content\/uploads\/2026\/04\/3-3-375x500.jpg 375w, https:\/\/www.soleufilho.com.br\/wp-content\/uploads\/2026\/04\/3-3-225x300.jpg 225w, https:\/\/www.soleufilho.com.br\/wp-content\/uploads\/2026\/04\/3-3.jpg 750w\" sizes=\"auto, (max-width: 375px) 100vw, 375px\" \/><figcaption class=\"wp-element-caption\">Tatiana Morales Sousa da Costa, \u00c9rica Imolas Ferreira, Marilu Maldaner, Marisa Bernardes e Cao Jingxa<\/figcaption><\/figure><\/div>\n\n\n<h2 class=\"wp-block-heading\">Mais<\/h2>\n\n\n<div class=\"wp-block-image\">\n<figure class=\"aligncenter size-large\"><img loading=\"lazy\" decoding=\"async\" width=\"500\" height=\"333\" src=\"https:\/\/www.soleufilho.com.br\/wp-content\/uploads\/2026\/04\/4-3-500x333.jpg\" alt=\"\" class=\"wp-image-2983\" srcset=\"https:\/\/www.soleufilho.com.br\/wp-content\/uploads\/2026\/04\/4-3-500x333.jpg 500w, https:\/\/www.soleufilho.com.br\/wp-content\/uploads\/2026\/04\/4-3-300x200.jpg 300w, https:\/\/www.soleufilho.com.br\/wp-content\/uploads\/2026\/04\/4-3-768x511.jpg 768w, https:\/\/www.soleufilho.com.br\/wp-content\/uploads\/2026\/04\/4-3.jpg 1000w\" sizes=\"auto, (max-width: 500px) 100vw, 500px\" \/><figcaption class=\"wp-element-caption\">Casal presidente do Serrano T\u00eanis Clube Raineri e Liliane Castagna, Prefeita Carmen Zanotto, Zilda Letti e o e o secret\u00e1rio de Ind\u00fastria Com\u00e9rcio Inova\u00e7\u00e3o da Prefeitura de Lages, Joel Melo J\u00fanior, durante a recep\u00e7\u00e3o do casamento lageano, que celebrou a uni\u00e3o de casais lageanos. Foi um belo evento. Esta coluna volta a comentar!<\/figcaption><\/figure><\/div>\n\n<div class=\"wp-block-image\">\n<figure class=\"aligncenter size-large\"><img loading=\"lazy\" decoding=\"async\" width=\"500\" height=\"375\" src=\"https:\/\/www.soleufilho.com.br\/wp-content\/uploads\/2026\/04\/5-2-500x375.jpg\" alt=\"\" class=\"wp-image-2986\" srcset=\"https:\/\/www.soleufilho.com.br\/wp-content\/uploads\/2026\/04\/5-2-500x375.jpg 500w, https:\/\/www.soleufilho.com.br\/wp-content\/uploads\/2026\/04\/5-2-300x225.jpg 300w, https:\/\/www.soleufilho.com.br\/wp-content\/uploads\/2026\/04\/5-2-768x576.jpg 768w, https:\/\/www.soleufilho.com.br\/wp-content\/uploads\/2026\/04\/5-2.jpg 1000w\" sizes=\"auto, (max-width: 500px) 100vw, 500px\" \/><figcaption class=\"wp-element-caption\">Equipe de organizadores do Casamento Lageano 2026, no Serrano T\u00eanis Clube. Detalhe: toda a decora\u00e7\u00e3o do evento esteve sob responsabilidade da designer Marilu Maldaner da Marilu Decora\u00e7\u00e3o e Eventos. \u201cFicamos muito felizes em fazer parte desse projeto t\u00e3o significativo, sabemos o quanto esse caamento coletivo ir\u00e1 marcar e transformar a vida dessas pessoas\u201d, diz Marilu, que ali\u00e1s, hoje est\u00e1 trocando de idade!<\/figcaption><\/figure><\/div>\n\n\n<h2 class=\"wp-block-heading\">Primeiro ano de Let\u00edcia<\/h2>\n\n\n\n<p>Em clima de muita alegria e encanto, a pequena Let\u00edcia Marin Aver celebrou seu primeiro aninho em linda festa realizada na charmosa Ch\u00e1cara dos Marin, em Salto Caveiras.<br>Os papais P\u00e2mela Marin e Leonardo Henrique Aver receberam amigos e familiares para tarde especial, marcada por momentos de carinho, divers\u00e3o e emo\u00e7\u00e3o. A comemora\u00e7\u00e3o contou com delicada decora\u00e7\u00e3o, doces encantadores e ambiente acolhedor, perfeito para celebrar essa data t\u00e3o significativa na vida da pequena aniversariante!<\/p>\n\n\n<div class=\"wp-block-image\">\n<figure class=\"aligncenter size-large\"><img loading=\"lazy\" decoding=\"async\" width=\"282\" height=\"500\" src=\"https:\/\/www.soleufilho.com.br\/wp-content\/uploads\/2026\/04\/6-2-282x500.jpg\" alt=\"\" class=\"wp-image-2981\" srcset=\"https:\/\/www.soleufilho.com.br\/wp-content\/uploads\/2026\/04\/6-2-282x500.jpg 282w, https:\/\/www.soleufilho.com.br\/wp-content\/uploads\/2026\/04\/6-2-169x300.jpg 169w, https:\/\/www.soleufilho.com.br\/wp-content\/uploads\/2026\/04\/6-2.jpg 563w\" sizes=\"auto, (max-width: 282px) 100vw, 282px\" \/><figcaption class=\"wp-element-caption\">Os papais Leonardo Aver e P\u00e2mela Marin, com a pequena Let\u00edcia<\/figcaption><\/figure><\/div>\n\n\n<h2 class=\"wp-block-heading\">Serrano homenageia as m\u00e3es<\/h2>\n\n\n\n<p>O Serrano T\u00eanis Clube promove dia 10 de maio (domingo), almo\u00e7o especial em homenagem ao Dia das M\u00e3es. Detalhe: o ambiente estar\u00e1 decorado reverenciando a data, com espa\u00e7o <em>instagram\u00e1vel<\/em> e m\u00fasica ao vivo. Os convites podem ser adquiridos com anteced\u00eancia (R$ 98 por s\u00f3cio &#8211; n\u00e3o s\u00f3cios, consultar), na secretaria do clube. Imperd\u00edvel! (Ingressos limitados).<\/p>\n","protected":false},"excerpt":{"rendered":"<p>O 1\u00ba Batalh\u00e3o Ferrovi\u00e1rio de Lages, em celebra\u00e7\u00e3o aos 171 anos realizou uma solenidade marcada por tradi\u00e7\u00e3o e civismo, na manh\u00e3 de sexta-feira, 24 de abril.Presidido pelo Tenente-Coronel Vicente da Silva Costa, o ato contou com apresenta\u00e7\u00e3o dos soldados, evidenciando disciplina e orgulho militar.Na sequ\u00eancia, autoridades e nomes de destaque da sociedade lageana reuniram-se para &hellip; <a href=\"https:\/\/www.soleufilho.com.br\/?p=2980\" class=\"more-link\">Continue lendo <span class=\"screen-reader-text\">Relev\u00e2ncia hist\u00f3rica do Batalh\u00e3o Ferrovi\u00e1rio<\/span> <span class=\"meta-nav\">&rarr;<\/span><\/a><\/p>\n","protected":false},"author":1,"featured_media":0,"comment_status":"open","ping_status":"open","sticky":false,"template":"","format":"standard","meta":{"footnotes":""},"categories":[1],"tags":[],"class_list":["post-2980","post","type-post","status-publish","format-standard","hentry","category-uncategorized"],"_links":{"self":[{"href":"https:\/\/www.soleufilho.com.br\/index.php?rest_route=\/wp\/v2\/posts\/2980","targetHints":{"allow":["GET"]}}],"collection":[{"href":"https:\/\/www.soleufilho.com.br\/index.php?rest_route=\/wp\/v2\/posts"}],"about":[{"href":"https:\/\/www.soleufilho.com.br\/index.php?rest_route=\/wp\/v2\/types\/post"}],"author":[{"embeddable":true,"href":"https:\/\/www.soleufilho.com.br\/index.php?rest_route=\/wp\/v2\/users\/1"}],"replies":[{"embeddable":true,"href":"https:\/\/www.soleufilho.com.br\/index.php?rest_route=%2Fwp%2Fv2%2Fcomments&post=2980"}],"version-history":[{"count":1,"href":"https:\/\/www.soleufilho.com.br\/index.php?rest_route=\/wp\/v2\/posts\/2980\/revisions"}],"predecessor-version":[{"id":2987,"href":"https:\/\/www.soleufilho.com.br\/index.php?rest_route=\/wp\/v2\/posts\/2980\/revisions\/2987"}],"wp:attachment":[{"href":"https:\/\/www.soleufilho.com.br\/index.php?rest_route=%2Fwp%2Fv2%2Fmedia&parent=2980"}],"wp:term":[{"taxonomy":"category","embeddable":true,"href":"https:\/\/www.soleufilho.com.br\/index.php?rest_route=%2Fwp%2Fv2%2Fcategories&post=2980"},{"taxonomy":"post_tag","embeddable":true,"href":"https:\/\/www.soleufilho.com.br\/index.php?rest_route=%2Fwp%2Fv2%2Ftags&post=2980"}],"curies":[{"name":"wp","href":"https:\/\/api.w.org\/{rel}","templated":true}]}}