{"id":571,"date":"2020-10-16T17:40:20","date_gmt":"2020-10-16T20:40:20","guid":{"rendered":"http:\/\/www.soleufilho.com.br\/?p=571"},"modified":"2020-11-17T22:16:42","modified_gmt":"2020-11-18T01:16:42","slug":"talento","status":"publish","type":"post","link":"https:\/\/www.soleufilho.com.br\/?p=571","title":{"rendered":"Talento"},"content":{"rendered":"\n<p>A lageana Marina Wolf\u00a0 Branco, filha de Cristiane e Alano, formou-se em Fisioterapia \u00a0pela Universidade Federal do Paran\u00e1 . Em dezembro de 2020 conquistou o primeiro lugar, no programa de Resid\u00eancia do Complexo Hospital de Cl\u00ednicas da UFPR em Curitiba, onde atua como Fisioterapeuta Residente em Aten\u00e7\u00e3o Hospitalar, com \u00eanfase em Urg\u00eancia e Emerg\u00eancia. Exemplo de talento e pura dedica\u00e7\u00e3o!<\/p>\n\n\n\n<div class=\"wp-block-image\"><figure class=\"aligncenter size-large\"><img loading=\"lazy\" decoding=\"async\" width=\"315\" height=\"500\" src=\"https:\/\/www.soleufilho.com.br\/wp-content\/uploads\/2020\/11\/IMG-20201008-WA0026-315x500.jpg\" alt=\"\" class=\"wp-image-573\" srcset=\"https:\/\/www.soleufilho.com.br\/wp-content\/uploads\/2020\/11\/IMG-20201008-WA0026-315x500.jpg 315w, https:\/\/www.soleufilho.com.br\/wp-content\/uploads\/2020\/11\/IMG-20201008-WA0026-189x300.jpg 189w, https:\/\/www.soleufilho.com.br\/wp-content\/uploads\/2020\/11\/IMG-20201008-WA0026-768x1219.jpg 768w, https:\/\/www.soleufilho.com.br\/wp-content\/uploads\/2020\/11\/IMG-20201008-WA0026-968x1536.jpg 968w, https:\/\/www.soleufilho.com.br\/wp-content\/uploads\/2020\/11\/IMG-20201008-WA0026-588x933.jpg 588w, https:\/\/www.soleufilho.com.br\/wp-content\/uploads\/2020\/11\/IMG-20201008-WA0026.jpg 1080w\" sizes=\"auto, (max-width: 315px) 100vw, 315px\" \/><figcaption><em><sup>A lageana Marina Wolf Branco conquistou o primeiro lugar em Resid\u00eancia de Fisioterapia<\/sup><\/em><\/figcaption><\/figure><\/div>\n","protected":false},"excerpt":{"rendered":"<p>A lageana Marina Wolf\u00a0 Branco, filha de Cristiane e Alano, formou-se em Fisioterapia \u00a0pela Universidade Federal do Paran\u00e1 . Em dezembro de 2020 conquistou o primeiro lugar, no programa de Resid\u00eancia do Complexo Hospital de Cl\u00ednicas da UFPR em Curitiba, onde atua como Fisioterapeuta Residente em Aten\u00e7\u00e3o Hospitalar, com \u00eanfase em Urg\u00eancia e Emerg\u00eancia. Exemplo &hellip; <a href=\"https:\/\/www.soleufilho.com.br\/?p=571\" class=\"more-link\">Continue lendo <span class=\"screen-reader-text\">Talento<\/span> <span class=\"meta-nav\">&rarr;<\/span><\/a><\/p>\n","protected":false},"author":1,"featured_media":0,"comment_status":"open","ping_status":"open","sticky":false,"template":"","format":"standard","meta":{"footnotes":""},"categories":[1],"tags":[],"class_list":["post-571","post","type-post","status-publish","format-standard","hentry","category-uncategorized"],"_links":{"self":[{"href":"https:\/\/www.soleufilho.com.br\/index.php?rest_route=\/wp\/v2\/posts\/571","targetHints":{"allow":["GET"]}}],"collection":[{"href":"https:\/\/www.soleufilho.com.br\/index.php?rest_route=\/wp\/v2\/posts"}],"about":[{"href":"https:\/\/www.soleufilho.com.br\/index.php?rest_route=\/wp\/v2\/types\/post"}],"author":[{"embeddable":true,"href":"https:\/\/www.soleufilho.com.br\/index.php?rest_route=\/wp\/v2\/users\/1"}],"replies":[{"embeddable":true,"href":"https:\/\/www.soleufilho.com.br\/index.php?rest_route=%2Fwp%2Fv2%2Fcomments&post=571"}],"version-history":[{"count":2,"href":"https:\/\/www.soleufilho.com.br\/index.php?rest_route=\/wp\/v2\/posts\/571\/revisions"}],"predecessor-version":[{"id":574,"href":"https:\/\/www.soleufilho.com.br\/index.php?rest_route=\/wp\/v2\/posts\/571\/revisions\/574"}],"wp:attachment":[{"href":"https:\/\/www.soleufilho.com.br\/index.php?rest_route=%2Fwp%2Fv2%2Fmedia&parent=571"}],"wp:term":[{"taxonomy":"category","embeddable":true,"href":"https:\/\/www.soleufilho.com.br\/index.php?rest_route=%2Fwp%2Fv2%2Fcategories&post=571"},{"taxonomy":"post_tag","embeddable":true,"href":"https:\/\/www.soleufilho.com.br\/index.php?rest_route=%2Fwp%2Fv2%2Ftags&post=571"}],"curies":[{"name":"wp","href":"https:\/\/api.w.org\/{rel}","templated":true}]}}